{"id":31503,"date":"2021-12-03T09:07:51","date_gmt":"2021-12-03T09:07:51","guid":{"rendered":"https:\/\/www.ole.com.ar\/futbol-ascenso\/p-nacional-dalmine-presidente-nota_0_tlYIL36yG.html"},"modified":"2021-12-03T09:07:51","modified_gmt":"2021-12-03T09:07:51","slug":"que-dijo-el-presidente-de-dalmine-sobre-la-salida-de-los-16-jugadores","status":"publish","type":"post","link":"http:\/\/cordobadirecto.com\/index.php\/2021\/12\/03\/que-dijo-el-presidente-de-dalmine-sobre-la-salida-de-los-16-jugadores\/","title":{"rendered":"\u00bfQu\u00e9 dijo el presidente de D\u00e1lmine sobre la salida de los 16 jugadores?"},"content":{"rendered":"<p>Clima raro en Campana. Un cierre de a\u00f1o para el olvido, Tuvo de todo. La novela de<a alt=\"villa-dalmine\" class=\"slug\" href=\"https:\/\/www.ole.com.ar\/tema\/villa-dalmine.html\" target=\"_blank\" title=\"villa-dalmine\" rel=\"noopener\"> Villa D\u00e1lmine<\/a> comenz\u00f3 en la \u00faltima fecha del campeonato de la Primera Nacional. En aquel partido, cay\u00f3 de local 3 a 1 frente a <a alt=\"barracas-central\" class=\"slug\" href=\"https:\/\/www.ole.com.ar\/tema\/barracas-central.html\" target=\"_blank\" title=\"barracas-central\" rel=\"noopener\">Barracas Central<\/a>. Qued\u00f3 un aire espeso. Llam\u00f3 mucho la atenci\u00f3n la derrota por las formas&#8230;<\/p>\n<p>Se levantaron sospechas, porque el Viola ven\u00eda teniendo una buena actuaci\u00f3n en el torneo. Llegaba con ocho partidos sin perder. Sin embargo, el equipo fue un descalabro total contra Barracas. Por eso, se empez\u00f3 a insinuar que algunos jugadores fueron para atr\u00e1s, luego de ser incentivados econ\u00f3micamente por el lado del club rival. A partir de ah\u00ed, arranc\u00f3 todo. En la semana siguiente, Marcelo Franchini suspendi\u00f3 un entrenamiento porque algunos increparon a los que supuestamente fueron para atr\u00e1s. Muy bravo.<\/p>\n<div class=\"sp__SM\">\n<div class=\"content-new \">\n<span class=\"tit-mobile\">Mir\u00e1 tambi\u00e9n<\/span><\/p>\n<div class=\"mg\">\n<div class=\"wrap-figure\">\n<picture>\n<a href=\"https:\/\/www.ole.com.ar\/futbol-ascenso\/b-nacional\/villa-dalmine-16-jugadores-libres_0_vbmBDdKRG.html\" target=\"_self\" rel=\"noopener\"><br \/>\n<img class=\"img-responsive\" alt=\"\u00c9xodo en Villa D\u00e1lmine: dej\u00f3 libres a 16 jugadores\" src=\"http:\/\/cordobadirecto.com\/wp-content\/uploads\/2021\/12\/que-dijo-el-presidente-de-dalmine-sobre-la-salida-de-los-16-jugadores.jpg\" loading=\"lazy\"><br \/>\n<\/a>\n<\/picture>\n<\/div>\n<\/div><\/div>\n<\/div>\n<p>No qued\u00f3 ah\u00ed, el abogado Javier Ferreira denunci\u00f3 que el club incumpli\u00f3 la ley nacional del deporte. Entonces, el fiscal Sebasti\u00e1n Bringas abri\u00f3 una investigaci\u00f3n. Diego Lis, presidente de D\u00e1lmine, lo confirm\u00f3 en un mano a mano con <strong>Ol\u00e9:<\/strong> \u201cHay un abogado que realiz\u00f3 una denuncia. S\u00e9 que Basualdo se present\u00f3 a declarar por sus dichos ante la prensa. <strong>Luego se hizo el allanamiento en el club con algunos requerimientos\u201d.<\/strong><\/p>\n<p>Dicho sea de paso, el mandam\u00e1s dio su parecer sobre el eje del asunto, los jugadores que habr\u00edan ido para atr\u00e1s:<strong> \u201cNo hay ning\u00fan indicio o prueba para acusar a nadie. Nosotros no podemos subirnos a lo que se dice en redes sociales, la prensa o la gente en la calle. <\/strong>Tenemos que manejarnos con pruebas. Siempre dijimos que estamos a disposici\u00f3n de la Justicia. El que sospeche, que traiga las pruebas. <strong>No nos const\u00f3 que haya sucedido\u201d.<\/strong><\/p>\n<div class=\"sp__SM\">\n<div class=\"content-new \">\n<span class=\"tit-mobile\">Mir\u00e1 tambi\u00e9n<\/span><\/p>\n<div class=\"mg\">\n<div class=\"wrap-figure\">\n<picture>\n<a href=\"https:\/\/www.ole.com.ar\/futbol-internacional\/jonathan-bauman-ecuador-copas_0_DrdVDxLMA.html\" target=\"_self\" rel=\"noopener\"><br \/>\n<img class=\"img-responsive\" alt=\"Jonatan Bauman: el argentino que condujo a dos equipos de Ecuador a las Copas\" src=\"http:\/\/cordobadirecto.com\/wp-content\/uploads\/2021\/12\/que-dijo-el-presidente-de-dalmine-sobre-la-salida-de-los-16-jugadores-1.jpg\" loading=\"lazy\"><br \/>\n<\/a>\n<\/picture>\n<\/div>\n<\/div><\/div>\n<\/div>\n<p>Como nuevo cap\u00edtulo de esta novela, 16 jugadores se fueron del club: \u201cVarios de ellos lo hicieron porque sus contratos o pr\u00e9stamos finalizaban a fin de a\u00f1o. Hubo acuerdo de ambas partes para que busquen un nuevo club. <strong>No tiene nada que ver con los acontecido. En D\u00e1lmine siempre se dan estas numerosas salidas\u201d.<\/strong><\/p>\n<div class=\"sp__SM\">\n<div class=\"content-new \">\n<span class=\"tit-mobile\">Mir\u00e1 tambi\u00e9n<\/span><\/p>\n<div class=\"mg\">\n<div class=\"wrap-figure\">\n<picture>\n<a href=\"https:\/\/www.ole.com.ar\/futbol-ascenso\/primera-c-semis-reducido-ida_0_3Da5arMUr.html\" target=\"_self\" rel=\"noopener\"><br \/>\n<img class=\"img-responsive\" alt=\"Arrancan las semis del Reducido de la Primera C\" src=\"http:\/\/cordobadirecto.com\/wp-content\/uploads\/2021\/12\/que-dijo-el-presidente-de-dalmine-sobre-la-salida-de-los-16-jugadores-2.jpg\" loading=\"lazy\"><br \/>\n<\/a>\n<\/picture>\n<\/div>\n<\/div><\/div>\n<\/div>\n<p><strong>Los jugadores en cuesti\u00f3n son: <\/strong>Emanuel Bilbao, Ezequiel Montoya, Lucas Bruera, Zaid Romero, Maxi Pollacchi, Facundo Lando, Santiago Moyano, Rodrigo C\u00e1seres, Facundo Rizzi, Fernando Bersano, Agust\u00edn Stancato, Germ\u00e1n D\u00edaz, Lucas Cajes, Alexis Vega, Leandro Larrea y Alejandro Gagliardi.<\/p>\n<p>Por \u00faltimo, Lis habl\u00f3 del futuro de Marcelo Franchini, el DT: \u201cLa semana que viene hablaremos. <strong>El laburo a nivel deportivo fue muy bueno. Tenemos que sentarnos a hablar de su salario y ver si tenemos el presupuesto, <\/strong>porque su contrato termina en abril de 2022\u201d.<\/p>\n<div class=\"sp__SM\">\n<div class=\"content-new \">\n<span class=\"tit-mobile\">Mir\u00e1 tambi\u00e9n<\/span><\/p>\n<div class=\"mg\">\n<div class=\"wrap-figure\">\n<picture>\n<a href=\"https:\/\/www.ole.com.ar\/futbol-ascenso\/silvio-velo-murcielagos-nota-maradona_0_Ku_9HTeGF.html\" target=\"_self\" rel=\"noopener\"><br \/>\n<img class=\"img-responsive\" alt=\"Silvio Velo: el proyecto de Atlas, su admiraci\u00f3n por el Diego y su futuro\" src=\"http:\/\/cordobadirecto.com\/wp-content\/uploads\/2021\/12\/que-dijo-el-presidente-de-dalmine-sobre-la-salida-de-los-16-jugadores-3.jpg\" loading=\"lazy\"><br \/>\n<\/a>\n<\/picture>\n<\/div>\n<\/div><\/div>\n<\/div>\n<div class=\"sp__SM\">\n<div class=\"content-new \">\n<span class=\"tit-mobile\">Mir\u00e1 tambi\u00e9n<\/span><\/p>\n<div class=\"mg\">\n<div class=\"wrap-figure\">\n<picture>\n<a href=\"https:\/\/www.ole.com.ar\/futbol-ascenso\/primera-b-fenix-igj-dirigencia_0_sb1P4SImk.html\" target=\"_self\" rel=\"noopener\"><br \/>\n<img class=\"img-responsive\" alt=\"La IGJ fall\u00f3 a favor de la Comisi\u00f3n Directiva de F\u00e9nix\" src=\"http:\/\/cordobadirecto.com\/wp-content\/uploads\/2021\/12\/que-dijo-el-presidente-de-dalmine-sobre-la-salida-de-los-16-jugadores-4.jpg\" loading=\"lazy\"><br \/>\n<\/a>\n<\/picture>\n<\/div>\n<\/div><\/div>\n<\/div>\n<div class=\"entry-tags\">\n<h2>TEMAS QUE APARECEN EN ESTA NOTA<\/h2>\n<\/p><\/div>\n","protected":false},"excerpt":{"rendered":"<p>Clima raro en Campana. Un cierre de a\u00f1o para el olvido, Tuvo de todo. La novela de Villa D\u00e1lmine comenz\u00f3 en la \u00faltima fecha del campeonato de la Primera Nacional. En aquel partido, cay\u00f3 de local 3 a 1 frente a Barracas Central. Qued\u00f3 un aire espeso. Llam\u00f3 mucho la atenci\u00f3n la derrota por las [&hellip;]<\/p>\n","protected":false},"author":1,"featured_media":31504,"comment_status":"closed","ping_status":"closed","sticky":false,"template":"","format":"standard","meta":[],"categories":[21],"tags":[],"_links":{"self":[{"href":"http:\/\/cordobadirecto.com\/index.php\/wp-json\/wp\/v2\/posts\/31503"}],"collection":[{"href":"http:\/\/cordobadirecto.com\/index.php\/wp-json\/wp\/v2\/posts"}],"about":[{"href":"http:\/\/cordobadirecto.com\/index.php\/wp-json\/wp\/v2\/types\/post"}],"author":[{"embeddable":true,"href":"http:\/\/cordobadirecto.com\/index.php\/wp-json\/wp\/v2\/users\/1"}],"replies":[{"embeddable":true,"href":"http:\/\/cordobadirecto.com\/index.php\/wp-json\/wp\/v2\/comments?post=31503"}],"version-history":[{"count":0,"href":"http:\/\/cordobadirecto.com\/index.php\/wp-json\/wp\/v2\/posts\/31503\/revisions"}],"wp:featuredmedia":[{"embeddable":true,"href":"http:\/\/cordobadirecto.com\/index.php\/wp-json\/wp\/v2\/media\/31504"}],"wp:attachment":[{"href":"http:\/\/cordobadirecto.com\/index.php\/wp-json\/wp\/v2\/media?parent=31503"}],"wp:term":[{"taxonomy":"category","embeddable":true,"href":"http:\/\/cordobadirecto.com\/index.php\/wp-json\/wp\/v2\/categories?post=31503"},{"taxonomy":"post_tag","embeddable":true,"href":"http:\/\/cordobadirecto.com\/index.php\/wp-json\/wp\/v2\/tags?post=31503"}],"curies":[{"name":"wp","href":"https:\/\/api.w.org\/{rel}","templated":true}]}}