{"id":31528,"date":"2021-12-02T23:21:52","date_gmt":"2021-12-02T23:21:52","guid":{"rendered":"https:\/\/www.cordoba.gob.ar\/?p=17734"},"modified":"2021-12-02T23:21:52","modified_gmt":"2021-12-02T23:21:52","slug":"270-nuevos-diplomados-en-derecho-ambiental","status":"publish","type":"post","link":"http:\/\/cordobadirecto.com\/index.php\/2021\/12\/02\/270-nuevos-diplomados-en-derecho-ambiental\/","title":{"rendered":"270 nuevos Diplomados en Derecho Ambiental"},"content":{"rendered":"<div><img src=\"http:\/\/cordobadirecto.com\/wp-content\/uploads\/2021\/12\/270-nuevos-diplomados-en-derecho-ambiental.jpg\" class=\"ff-og-image-inserted\"><\/div>\n<p>El pasado mi\u00e9rcoles se hizo entrega de los diplomas a los estudiantes que completaron su transcurso durante todo este a\u00f1o de la Diplomatura en Derecho Ambiental, dictada por la Universidad Libre del Ambiente bajo modalidad virtual con un total de 120 horas reloj.<\/p>\n<p>Debido al mayor compromiso p\u00fablico y social con la protecci\u00f3n del ambiente se hace m\u00e1s necesario el asesoramiento por parte de expertos en una materia que est\u00e1 en continuo progreso y que es transversal a \u00e1mbitos que van desde el desarrollo econ\u00f3mico y la salud hasta el empleo.<\/p>\n<p>Dentro de la curr\u00edcula de la diplomatura se dictaron m\u00f3dulos de formaci\u00f3n en Derecho Ambiental, \u00c1reas Naturales Protegidas, Objetivos del Desarrollo Sostenible, Cambio Clim\u00e1tico, Conflictos Socio Ambientales, Econom\u00eda Circular y Educaci\u00f3n Ambiental, entre otros.<\/p>\n<p>A trav\u00e9s del cursado de esta diplomatura se otorgan herramientas para abordar la tem\u00e1tica ambiental desde una perspectiva tanto pr\u00e1ctica como te\u00f3rica del derecho, pudiendo exigir medidas para proteger el ambiente y para restaurarlo en caso de que se produzcan da\u00f1os.<\/p>\n<p>El acto de colaci\u00f3n cont\u00f3 con la participaci\u00f3n del secretario de Gesti\u00f3n Ambiental y Sostenibilidad Jorge Folloni; el director General del Instituto de Protecci\u00f3n Ambiental y Animal, Guillermo D\u00edaz Cornejo,&nbsp; el director de la Universidad Libre del Ambiente, Nicol\u00e1s Darwich, y la presidenta de la Comisi\u00f3n de Gesti\u00f3n Ambiental y Sostenibilidad del Concejo Deliberante, Natalia Qui\u00f1onez.<\/p>\n","protected":false},"excerpt":{"rendered":"<p>El pasado mi\u00e9rcoles se hizo entrega de los diplomas a los estudiantes que completaron su transcurso durante todo este a\u00f1o de la Diplomatura en Derecho Ambiental, dictada por la Universidad Libre del Ambiente bajo modalidad virtual con un total de 120 horas reloj. Debido al mayor compromiso p\u00fablico y social con la protecci\u00f3n del ambiente [&hellip;]<\/p>\n","protected":false},"author":1,"featured_media":31529,"comment_status":"closed","ping_status":"closed","sticky":false,"template":"","format":"standard","meta":[],"categories":[44],"tags":[],"_links":{"self":[{"href":"http:\/\/cordobadirecto.com\/index.php\/wp-json\/wp\/v2\/posts\/31528"}],"collection":[{"href":"http:\/\/cordobadirecto.com\/index.php\/wp-json\/wp\/v2\/posts"}],"about":[{"href":"http:\/\/cordobadirecto.com\/index.php\/wp-json\/wp\/v2\/types\/post"}],"author":[{"embeddable":true,"href":"http:\/\/cordobadirecto.com\/index.php\/wp-json\/wp\/v2\/users\/1"}],"replies":[{"embeddable":true,"href":"http:\/\/cordobadirecto.com\/index.php\/wp-json\/wp\/v2\/comments?post=31528"}],"version-history":[{"count":0,"href":"http:\/\/cordobadirecto.com\/index.php\/wp-json\/wp\/v2\/posts\/31528\/revisions"}],"wp:featuredmedia":[{"embeddable":true,"href":"http:\/\/cordobadirecto.com\/index.php\/wp-json\/wp\/v2\/media\/31529"}],"wp:attachment":[{"href":"http:\/\/cordobadirecto.com\/index.php\/wp-json\/wp\/v2\/media?parent=31528"}],"wp:term":[{"taxonomy":"category","embeddable":true,"href":"http:\/\/cordobadirecto.com\/index.php\/wp-json\/wp\/v2\/categories?post=31528"},{"taxonomy":"post_tag","embeddable":true,"href":"http:\/\/cordobadirecto.com\/index.php\/wp-json\/wp\/v2\/tags?post=31528"}],"curies":[{"name":"wp","href":"https:\/\/api.w.org\/{rel}","templated":true}]}}