{"id":31530,"date":"2021-12-02T22:44:47","date_gmt":"2021-12-02T22:44:47","guid":{"rendered":"https:\/\/www.cordoba.gob.ar\/?p=17729"},"modified":"2021-12-02T22:44:47","modified_gmt":"2021-12-02T22:44:47","slug":"despues-de-25-anos-finalizan-la-pavimentacion-de-arteria-principal-que-mejorara-la-circulacion-desde-y-hacia-villa-allende","status":"publish","type":"post","link":"http:\/\/cordobadirecto.com\/index.php\/2021\/12\/02\/despues-de-25-anos-finalizan-la-pavimentacion-de-arteria-principal-que-mejorara-la-circulacion-desde-y-hacia-villa-allende\/","title":{"rendered":"Despu\u00e9s de 25 a\u00f1os, finalizan la pavimentaci\u00f3n de arteria principal que mejorar\u00e1 la circulaci\u00f3n desde y hacia Villa Allende"},"content":{"rendered":"<div><img src=\"http:\/\/cordobadirecto.com\/wp-content\/uploads\/2021\/12\/despues-de-25-anos-finalizan-la-pavimentacion-de-arteria-principal-que-mejorara-la-circulacion-desde-y-hacia-villa-allende.jpg\" class=\"ff-og-image-inserted\"><\/div>\n<p><strong>\u2022 Se trata del asfaltado de la Av. Chacal, paralela a la Av. Donato \u00c1lvarez, por donde ingresan y egresan diariamente gran cantidad de veh\u00edculos desde ciudades del Gran C\u00f3rdoba.<\/strong><\/p>\n<p><strong>\u2022 Previamente fue limpiada, ya que la calle se encontraba intransitable por el estado de la calzada y la conformaci\u00f3n de un micro basural en la traza.<\/strong><\/p>\n<hr>\n<p>La Municipalidad de C\u00f3rdoba finaliz\u00f3 la pavimentaci\u00f3n de la totalidad de Av. Chacal, una arteria de las principales arterias de la zona noroeste de la ciudad que conecta con las ciudades vecinas del Gran C\u00f3rdoba.<\/p>\n<p>Su traza corre paralela a la Av. Donato \u00c1lvarez, por lo que su destino es la descompresi\u00f3n del tr\u00e1nsito en el lugar.<\/p>\n<p>Sin embargo, durante 25 a\u00f1os gener\u00f3 el efecto opuesto, ya que entre las calles Chaquira y Vulcan la calzada nunca fue asfaltada, donde se gener\u00f3 un micro basural y el deterioro total del segmento, el cual se volvi\u00f3 intransitable. En cambio, los veh\u00edculos deb\u00edan desviar su recorrido de la importante arteria, congestionando las calles paralelas y la Av. Donato \u00c1lvarez al ingresar a la ciudad.<\/p>\n<p>Hoy la Municipalidad trabaja en tareas de asfaltado para completar la calle, solucionando un hist\u00f3rico reclamo de los vecinos del sector.<\/p>\n<p>\u201c<em>La avenida conecta el tr\u00e1nsito que viene de Villa Allende con la ciudad de C\u00f3rdoba y tambi\u00e9n a barrio Corn\u00fa con Los Qu\u00edmicos. Estamos contentos porque esta cuadra es emblem\u00e1tica, estamos cumpliendo con un reclamo hist\u00f3rico<\/em>\u201d, expres\u00f3 el subsecretario de Infraestructura, Juan Jos\u00e9 Tuninetti.<\/p>\n<p>Al mismo tiempo se ejecut\u00f3 una nueva bocacalle de hormig\u00f3n, planificada estrat\u00e9gicamente para transportar el gran caudal de l\u00edquidos que deriva en el sector ante precipitaciones.<\/p>\n<p>\u201c<em>Hace 25 a\u00f1os se hab\u00eda pavimentado el resto de la calle y quedaron estos metros sin asfaltar. Hoy traemos una soluci\u00f3n efectiva a los vecinos luego de a\u00f1os de reclamos sin escuchar<\/em>\u201d, fueron las palabras del director del CPC Arg\u00fcello, Tom\u00e1s Grunhaut.<\/p>\n<p>Las obras son realizadas a trav\u00e9s de un convenio urban\u00edsticos, sin costo alguno para el municipio.<\/p>\n<p>Acorde a Oscar Arcos, perteneciente al Centro Vecinal de barrio Villa Copello, durante los 25 a\u00f1os que la calle estuvo compactada por firme natural se hab\u00eda transformado en un basural. \u201c<em>Gracias a la Municipalidad hoy tenemos asfalto<\/em>\u201d, asegur\u00f3.<\/p>\n<p>\u201c<em>Hace mas de 20 a\u00f1os hacemos reclamos con gestiones anteriores pero no logramos absolutamente nada, ni siquiera que se acercaran a conversar con nosotros y hoy vemos con mucha alegr\u00eda que la actual gesti\u00f3n lo ha hecho<\/em>\u201d, fueron las palabras de Luis, vecino de barrio Los Qu\u00edmicos.<\/p>\n<p>\u201c<em>Fui uno de los primeros que vino al barrio<\/em>\u201d, comenta Alejandro tambi\u00e9n de Los Qu\u00edmicos, \u201c<em>ahora por fin el agua va a bajar sin tierra, antes se estacionaba todo el barro en mi puerta. No ve\u00edamos la hora de que esto sucediera, lo hemos pedido tantas veces<\/em>\u201d.<\/p>\n<p>Supervisaron las tareas y dialogaron con los vecinos el viceintendente, Daniel Passerini, y el secretario de Desarrollo Urbano, Daniel Rey.<\/p>\n","protected":false},"excerpt":{"rendered":"<p>\u2022 Se trata del asfaltado de la Av. Chacal, paralela a la Av. Donato \u00c1lvarez, por donde ingresan y egresan diariamente gran cantidad de veh\u00edculos desde ciudades del Gran C\u00f3rdoba. \u2022 Previamente fue limpiada, ya que la calle se encontraba intransitable por el estado de la calzada y la conformaci\u00f3n de un micro basural en [&hellip;]<\/p>\n","protected":false},"author":1,"featured_media":31531,"comment_status":"closed","ping_status":"closed","sticky":false,"template":"","format":"standard","meta":[],"categories":[44],"tags":[],"_links":{"self":[{"href":"http:\/\/cordobadirecto.com\/index.php\/wp-json\/wp\/v2\/posts\/31530"}],"collection":[{"href":"http:\/\/cordobadirecto.com\/index.php\/wp-json\/wp\/v2\/posts"}],"about":[{"href":"http:\/\/cordobadirecto.com\/index.php\/wp-json\/wp\/v2\/types\/post"}],"author":[{"embeddable":true,"href":"http:\/\/cordobadirecto.com\/index.php\/wp-json\/wp\/v2\/users\/1"}],"replies":[{"embeddable":true,"href":"http:\/\/cordobadirecto.com\/index.php\/wp-json\/wp\/v2\/comments?post=31530"}],"version-history":[{"count":0,"href":"http:\/\/cordobadirecto.com\/index.php\/wp-json\/wp\/v2\/posts\/31530\/revisions"}],"wp:featuredmedia":[{"embeddable":true,"href":"http:\/\/cordobadirecto.com\/index.php\/wp-json\/wp\/v2\/media\/31531"}],"wp:attachment":[{"href":"http:\/\/cordobadirecto.com\/index.php\/wp-json\/wp\/v2\/media?parent=31530"}],"wp:term":[{"taxonomy":"category","embeddable":true,"href":"http:\/\/cordobadirecto.com\/index.php\/wp-json\/wp\/v2\/categories?post=31530"},{"taxonomy":"post_tag","embeddable":true,"href":"http:\/\/cordobadirecto.com\/index.php\/wp-json\/wp\/v2\/tags?post=31530"}],"curies":[{"name":"wp","href":"https:\/\/api.w.org\/{rel}","templated":true}]}}