{"id":31532,"date":"2021-12-03T16:25:48","date_gmt":"2021-12-03T16:25:48","guid":{"rendered":"https:\/\/puntoapunto.com.ar\/?p=319681"},"modified":"2021-12-03T16:25:48","modified_gmt":"2021-12-03T16:25:48","slug":"empresario-del-ano-hoy-es-el-ultimo-dia-para-votar","status":"publish","type":"post","link":"http:\/\/cordobadirecto.com\/index.php\/2021\/12\/03\/empresario-del-ano-hoy-es-el-ultimo-dia-para-votar\/","title":{"rendered":"Empresario del A\u00f1o: hoy es el \u00faltimo d\u00eda para votar"},"content":{"rendered":"<div class=\"g g-146\">\n<div class=\"g-single a-378\"><a class=\"gofollow\" data-track=\"Mzc4LDE0NiwxLDYw\" href=\"https:\/\/www.grupocanter.com.ar\/notas\/de-hito-en-hito-2021\/?utm_source=Punto%20a%20Punto&amp;utm_medium=Banner&amp;utm_campaign=Departamentos&amp;utm_term=Banner%20Newsletters\/\" target=\"_blank\" rel=\"noopener\"><img src=\"http:\/\/cordobadirecto.com\/wp-content\/uploads\/2021\/12\/empresario-del-ano-hoy-es-el-ultimo-dia-para-votar.gif\"><\/a><\/div>\n<\/div>\n<p>El Empresario del A\u00f1o y los Mejores del 2021 entra en su etapa final de votaci\u00f3n. Los suscriptores de Punto a Punto tienen la posibilidad de elegir a los m\u00e1s destacados del a\u00f1o hasta el viernes 3 de diciembre a las 23:59. A esa hora se cierra la votaci\u00f3n y s\u00f3lo restar\u00e1 que PwC, la empresa encargada de realizar la auditor\u00eda del certamen, certifique los resultados, que se conocer\u00e1n el viernes 10 de diciembre, en un evento al mejor estilo Punto a Punto, que se realizar\u00e1 en Chateau Milenium.<\/p>\n<p>Este a\u00f1o, la comunidad de negocios de C\u00f3rdoba elige a sus pares en <strong>11 categor\u00edas:<\/strong><\/p>\n<p><strong>Empresario del A\u00f1o<\/strong><\/p>\n<ul>\n<li>Marcelo Cid (Apex Am\u00e9rica)<\/li>\n<li>C\u00e9sar Mart\u00ednez (Grupo Betania)<\/li>\n<li>Carlos Oulton (Instituto Oulton)<\/li>\n<\/ul>\n<p><strong>Empresa del A\u00f1o<\/strong><\/p>\n<ul>\n<li>Biofarma<\/li>\n<li>Hospital Privado<\/li>\n<li>Stellantis (Fiat)<\/li>\n<\/ul>\n<p><strong>Gerente del A\u00f1o<\/strong><\/p>\n<ul>\n<li>Gabriel Allasia (Globant)<\/li>\n<li>Pablo Paltrinieri (Hospital Privado)<\/li>\n<li>Celeste Santiago (Grido)<\/li>\n<\/ul>\n<p><strong>Joven Ejecutivo\/a del A\u00f1o<\/strong><\/p>\n<ul>\n<li>Fabiana Feas (Feas Electr\u00f3nica)<\/li>\n<li>Felipe Form\u00eda (Dakota Desarrollos Inmobiliarios)<\/li>\n<li>Piero Venturi (Venturi Hnos)<\/li>\n<\/ul>\n<p><strong>La Pyme del A\u00f1o<\/strong><\/p>\n<ul>\n<li>Droguer\u00eda Cofarsur<\/li>\n<li>Establecimiento Las Chilcas<\/li>\n<li>Grupo Elyon<\/li>\n<\/ul>\n<p><strong>Entrepreneur del A\u00f1o<\/strong><\/p>\n<ul>\n<li>Bernardo Sosa Barreneche (Codesur)<\/li>\n<li>Mar\u00eda Julia Mattoni (Protectia)<\/li>\n<li>Sebasti\u00e1n Parra (Familia Parra\/Adec\/Acara)<\/li>\n<\/ul>\n<p><strong>Startup del A\u00f1o<\/strong><\/p>\n<ul>\n<li>JustMart<\/li>\n<li>Nippy<\/li>\n<li>Wilab<\/li>\n<\/ul>\n<p><strong>Empresa Tecnol\u00f3gica del A\u00f1o<\/strong><\/p>\n<ul>\n<li>Emser<\/li>\n<li>Galmes Digital<\/li>\n<li>Marvell Argentina<\/li>\n<\/ul>\n<p><strong>Emprendimiento del A\u00f1o<\/strong><\/p>\n<ul>\n<li>Centro de Distribuci\u00f3n de Cofarsur<\/li>\n<li>Edificio de GNI para Globant<\/li>\n<li>Nueva l\u00ednea de producci\u00f3n de Holcim<\/li>\n<\/ul>\n<p><strong>CFO del A\u00f1o<\/strong><\/p>\n<ul>\n<li>Adriana Caparroz (Pl\u00e1sticos Dise)<\/li>\n<li>Esteban Faur (Siglo 21)<\/li>\n<li>Lucas Garc\u00eda Petrini (Grupo Edisur)<\/li>\n<\/ul>\n<p><strong>Empresa Exportadora del A\u00f1o<\/strong><\/p>\n<ul>\n<li>Cordeiro y CIA SRL<\/li>\n<li>Oscar Peman y Asociados S.A.<\/li>\n<li>Leistung S.A.<\/li>\n<\/ul>\n<p><strong>\u00bfC\u00f3mo votar?<\/strong> Ingresando a www.empresariodelano.com.ar y utilizando el USUARIO y CLAVE que recibi\u00f3 v\u00eda e-mail. Recuerde que debe elegir a un candidato por rubro y luego presionar el bot\u00f3n VOTAR.<\/p>\n<div class=\"g g-60\">\n<div class=\"g-dyn a-403 c-1\"><a class=\"gofollow\" data-track=\"NDAzLDYwLDEsNjA=\" href=\"https:\/\/puntoapunto.com.ar\/empresario-del-ano-hoy-es-el-ultimo-dia-para-votar\/www.epec.com.ar\"><img src=\"http:\/\/cordobadirecto.com\/wp-content\/uploads\/2021\/12\/empresario-del-ano-hoy-es-el-ultimo-dia-para-votar-1.gif\"><\/a><\/div>\n<div class=\"g-dyn a-405 c-2\"><a class=\"gofollow\" data-track=\"NDA1LDYwLDEsNjA=\" href=\"https:\/\/bit.ly\/RentasGrupodeAdultosMayores\"><img src=\"http:\/\/cordobadirecto.com\/wp-content\/uploads\/2021\/12\/empresario-del-ano-hoy-es-el-ultimo-dia-para-votar-2.gif\"><\/a><\/div>\n<\/div>\n","protected":false},"excerpt":{"rendered":"<p>El Empresario del A\u00f1o y los Mejores del 2021 entra en su etapa final de votaci\u00f3n. Los suscriptores de Punto a Punto tienen la posibilidad de elegir a los m\u00e1s destacados del a\u00f1o hasta el viernes 3 de diciembre a las 23:59. A esa hora se cierra la votaci\u00f3n y s\u00f3lo restar\u00e1 que PwC, la [&hellip;]<\/p>\n","protected":false},"author":1,"featured_media":31533,"comment_status":"closed","ping_status":"closed","sticky":false,"template":"","format":"standard","meta":[],"categories":[25],"tags":[],"_links":{"self":[{"href":"http:\/\/cordobadirecto.com\/index.php\/wp-json\/wp\/v2\/posts\/31532"}],"collection":[{"href":"http:\/\/cordobadirecto.com\/index.php\/wp-json\/wp\/v2\/posts"}],"about":[{"href":"http:\/\/cordobadirecto.com\/index.php\/wp-json\/wp\/v2\/types\/post"}],"author":[{"embeddable":true,"href":"http:\/\/cordobadirecto.com\/index.php\/wp-json\/wp\/v2\/users\/1"}],"replies":[{"embeddable":true,"href":"http:\/\/cordobadirecto.com\/index.php\/wp-json\/wp\/v2\/comments?post=31532"}],"version-history":[{"count":0,"href":"http:\/\/cordobadirecto.com\/index.php\/wp-json\/wp\/v2\/posts\/31532\/revisions"}],"wp:featuredmedia":[{"embeddable":true,"href":"http:\/\/cordobadirecto.com\/index.php\/wp-json\/wp\/v2\/media\/31533"}],"wp:attachment":[{"href":"http:\/\/cordobadirecto.com\/index.php\/wp-json\/wp\/v2\/media?parent=31532"}],"wp:term":[{"taxonomy":"category","embeddable":true,"href":"http:\/\/cordobadirecto.com\/index.php\/wp-json\/wp\/v2\/categories?post=31532"},{"taxonomy":"post_tag","embeddable":true,"href":"http:\/\/cordobadirecto.com\/index.php\/wp-json\/wp\/v2\/tags?post=31532"}],"curies":[{"name":"wp","href":"https:\/\/api.w.org\/{rel}","templated":true}]}}