{"id":31539,"date":"2021-12-03T20:30:00","date_gmt":"2021-12-03T20:30:00","guid":{"rendered":"http:\/\/cordobadirecto.com\/index.php\/2021\/12\/03\/alemania-registra-casi-75-000-casos-diarios-de-coronavirus\/"},"modified":"2021-12-03T20:30:00","modified_gmt":"2021-12-03T20:30:00","slug":"alemania-registra-casi-75-000-casos-diarios-de-coronavirus","status":"publish","type":"post","link":"http:\/\/cordobadirecto.com\/index.php\/2021\/12\/03\/alemania-registra-casi-75-000-casos-diarios-de-coronavirus\/","title":{"rendered":"Alemania registra casi 75.000 casos diarios de coronavirus"},"content":{"rendered":"<figure class=\"mb-3\"><img loading=\"lazy\" src=\"http:\/\/cordobadirecto.com\/wp-content\/uploads\/2021\/12\/alemania-registra-casi-75-000-casos-diarios-de-coronavirus.jpg\" width=\"100%\" height=\"100%\" alt=\" Alemania tiene el 687 de la poblacin adulta completamente inmunizada contra la Covid19 mientras que un 716 cuenta con al menos una dosis\"><figcaption> Alemania tiene el 68,7% de la poblaci\u00f3n adulta completamente inmunizada contra la Covid-19, mientras que un 71,6% cuenta con al menos una dosis. <\/figcaption><\/figure>\n<p>El Gobierno alem\u00e1n inform\u00f3 que<strong> el pa\u00eds super\u00f3 los seis millones de casos de coronavirus tras sumar casi 75.000 contagios en las \u00faltimas 24 horas,<\/strong> un nuevo repunte que se produce un d\u00eda despu\u00e9s del anuncio de mayores restricciones para intentar frenar la cuarta ola.<\/p>\n<p>Seg\u00fan datos del Instituto Robert Koch, el ente gubernamental encargado del control de enfermedades infecciosas,<strong> la cifra total de contagios alcanz\u00f3 los 6.051.560 y los fallecidos llegaron a 102.568.<\/strong><\/p>\n<p>En las \u00faltimas 24 horas fueron registrados 74.352 positivos y 390 muertos.<\/p>\n<p>En cuanto a l<strong>a tasa de incidencia, lleg\u00f3 a los 442,1 casos por cada 100.000 habitantes durante la \u00faltima semana,<\/strong> con un total de 367.597 casos durante los \u00faltimos siete d\u00edas, seg\u00fan inform\u00f3 la agencia de noticias Europa Press.<\/p>\n<p>La escalada de contagios en Alemania se da con <strong>el 68,7% de la poblaci\u00f3n adulta completamente inmunizada contra la Covid-19, mientras que un 71,6% cuenta con al menos una dosis.<\/strong><\/p>\n<figure class=\"mb-3\"><img loading=\"lazy\" src=\"http:\/\/cordobadirecto.com\/wp-content\/uploads\/2021\/12\/alemania-registra-casi-75-000-casos-diarios-de-coronavirus-1.jpg\" width=\"100%\" height=\"100%\" alt=\"Merkel anunci una batera de nuevas restricciones para hacer frente al repunte de contagios y frenar un eventual avance de la variante micron\"><figcaption> Merkel anunci\u00f3 una bater\u00eda de nuevas restricciones para hacer frente al repunte de contagios y frenar un eventual avance de la variante \u00d3micron. <\/figcaption><\/figure>\n<h2 class>Las nuevas restriccones<\/h2>\n<p>La canciller alemana, <strong>Angela Merkel, anunci\u00f3 este jueves una bater\u00eda de nuevas restricciones<\/strong> para hacer frente al repunte de contagios y frenar un eventual avance de la variante \u00d3micron.<\/p>\n<p><strong>Aquellos que no hayan sido inoculados estar\u00e1n pr\u00e1cticamente confinados al tener vetado el acceso a comercios no esenciales, restaurantes, lugares de culto y de ocio.<\/strong><\/p>\n<p>Este sector de la poblaci\u00f3n <strong>tampoco podr\u00e1 reunirse con personas fuera de su n\u00facleo familiar.<\/strong><\/p>\n<p>Tambi\u00e9n<strong> se confirm\u00f3 que un proyecto de ley sobre la vacunaci\u00f3n obligatoria <\/strong>se presentar\u00e1 ante el Parlamento para que entre en vigor en febrero o marzo, una medida respaldada tambi\u00e9n por su sucesor en el cargo, Olaf Scholz.<\/p>\n<p>Adem\u00e1s, las autoridades acordaron que sea <strong>obligatorio que los ni\u00f1os usen tapabocas en todas las escuelas,<\/strong> algo que no estaba vigente hasta ahora en todo el pa\u00eds.<\/p>\n<p>Pese a las restricciones a nivel federal anunciadas por Merkel,<strong> algunos estados ya anunciaron que endurecer\u00e1n m\u00e1s las medidas.<\/strong><\/p>\n<p><strong>En el caso del estado de Baden-Wuerttemberg<\/strong>, en el suroeste del pa\u00eds, se deber\u00e1 presentar en los restaurantes un hisopado negativo, aunque los clientes est\u00e9n vacunados o se hayan recuperado de la enfermedad.<\/p>\n<p>Esta medida entrar\u00e1 en vigor el s\u00e1bado, cuando tambi\u00e9n se limitar\u00e1 el aforo en grandes concentraciones, como en los partidos de f\u00fatbol, a los que solo podr\u00e1n asistir 750 personas. Tambi\u00e9n Baja Sajonia, en el noroeste alem\u00e1n, instaur\u00f3 el sistema de &#8220;vacuna m\u00e1s prueba&#8221; para casi todos los \u00e1mbitos de la vida p\u00fablica, as\u00ed como limitaciones m\u00e1s restrictivas de aforo.<\/p>\n<p>En el caso de Renania del Norte-Westfalia, el estado m\u00e1s poblado de Alemania, las autoridades indicaron que se adherir\u00e1n a las normas nacionales que entrar\u00e1n en vigor este s\u00e1bado. <\/p>\n","protected":false},"excerpt":{"rendered":"<p>Alemania tiene el 68,7% de la poblaci\u00f3n adulta completamente inmunizada contra la Covid-19, mientras que un 71,6% cuenta con al menos una dosis. El Gobierno alem\u00e1n inform\u00f3 que el pa\u00eds super\u00f3 los seis millones de casos de coronavirus tras sumar casi 75.000 contagios en las \u00faltimas 24 horas, un nuevo repunte que se produce un [&hellip;]<\/p>\n","protected":false},"author":1,"featured_media":31540,"comment_status":"closed","ping_status":"closed","sticky":false,"template":"","format":"standard","meta":[],"categories":[24],"tags":[],"_links":{"self":[{"href":"http:\/\/cordobadirecto.com\/index.php\/wp-json\/wp\/v2\/posts\/31539"}],"collection":[{"href":"http:\/\/cordobadirecto.com\/index.php\/wp-json\/wp\/v2\/posts"}],"about":[{"href":"http:\/\/cordobadirecto.com\/index.php\/wp-json\/wp\/v2\/types\/post"}],"author":[{"embeddable":true,"href":"http:\/\/cordobadirecto.com\/index.php\/wp-json\/wp\/v2\/users\/1"}],"replies":[{"embeddable":true,"href":"http:\/\/cordobadirecto.com\/index.php\/wp-json\/wp\/v2\/comments?post=31539"}],"version-history":[{"count":0,"href":"http:\/\/cordobadirecto.com\/index.php\/wp-json\/wp\/v2\/posts\/31539\/revisions"}],"wp:featuredmedia":[{"embeddable":true,"href":"http:\/\/cordobadirecto.com\/index.php\/wp-json\/wp\/v2\/media\/31540"}],"wp:attachment":[{"href":"http:\/\/cordobadirecto.com\/index.php\/wp-json\/wp\/v2\/media?parent=31539"}],"wp:term":[{"taxonomy":"category","embeddable":true,"href":"http:\/\/cordobadirecto.com\/index.php\/wp-json\/wp\/v2\/categories?post=31539"},{"taxonomy":"post_tag","embeddable":true,"href":"http:\/\/cordobadirecto.com\/index.php\/wp-json\/wp\/v2\/tags?post=31539"}],"curies":[{"name":"wp","href":"https:\/\/api.w.org\/{rel}","templated":true}]}}