{"id":31541,"date":"2021-12-03T20:11:00","date_gmt":"2021-12-03T20:11:00","guid":{"rendered":"http:\/\/cordobadirecto.com\/index.php\/2021\/12\/03\/el-papa-comparo-los-centros-de-refugiados-con-campos-de-concentracion\/"},"modified":"2021-12-03T20:11:00","modified_gmt":"2021-12-03T20:11:00","slug":"el-papa-comparo-los-centros-de-refugiados-con-campos-de-concentracion","status":"publish","type":"post","link":"http:\/\/cordobadirecto.com\/index.php\/2021\/12\/03\/el-papa-comparo-los-centros-de-refugiados-con-campos-de-concentracion\/","title":{"rendered":"El Papa compar\u00f3 los centros de refugiados con &#8220;campos de concentraci\u00f3n&#8221;"},"content":{"rendered":"<div class=\"video_repositive\"><a class=\"video_sticky\" href=\"javascript:void();\" onclick=\"removeStuckVideo(true);\"><i class=\"far fa-window-close\"><\/i><\/a><\/p>\n<div id=\"llB71aKatgY\" class=\"video_telam\" readability=\"6.5\">\n<div class=\"feature_article_inner\" readability=\"33\">\n<p><h2 class=\"text-center\">El Papa compar\u00f3 los centros de refugiados con &#8220;campos de concentraci\u00f3n&#8221; al cerrar su gira por Chipre<\/h2>\n<\/p>\n<\/div>\n<p>VER VIDEO <i class=\"fas fa-play\"><\/i><\/p>\n<\/div>\n<\/div>\n<p>En su segundo y \u00faltimo d\u00eda de actividades en Chipre, el papa Francisco insisti\u00f3 este viernes con su pedido a Europa y al mundo para construir &#8220;una humanidad sin muros de separaci\u00f3n&#8221; que promueva pol\u00edticas migratorias m\u00e1s abiertas, al tiempo que denunci\u00f3 los &#8220;campos de concentraci\u00f3n&#8221; en los que se ubican los refugiados.<\/p>\n<p>&#8220;Mir\u00e1ndolos a ustedes veo los sufrimientos del camino, los que han sido vendidos, explotados, que se han quedado en el camino. Es la historia de una esclavitud universal&#8221;, plante\u00f3 el pont\u00edfice durante un encuentro con migrantes en el segundo d\u00eda de actividades en la capital chipriota Nicosia, donde lleg\u00f3 el jueves como primera parte de una gira mediterr\u00e1nea que tambi\u00e9n incluir\u00e1 Grecia desde este s\u00e1bado y hasta el lunes.<\/p>\n<p>Para el Papa, en ese marco, &#8220;lo peor es que nos estamos acostumbrando a eso. Acostumbrarse es una enfermedad grave que no tiene antibi\u00f3tico. Tenemos que ir contra el vicio de acostumbrarnos&#8221;.<\/p>\n<p><strong>&#8220;Nos lamentamos de los campos de concentraci\u00f3n de los nazis, de Stalin&#8230; hermanos y hermanas, est\u00e1 sucediendo hoy, en las costas cercanas&#8221;<\/strong>, asever\u00f3 Bergoglio, tras asegurar que &#8220;el Se\u00f1or Jes\u00fas viene a nuestro encuentro en el rostro del hermano marginado y descartado, en el rostro del migrante despreciado, rechazado y oprimido&#8221;,<\/p>\n<blockquote class><p>&#8220;Se ponen alambres de espinas para no dejar entrar al refugiado, el que viene a pedir pan, hermandad, ayuda, alegr\u00eda, que est\u00e1 huyendo del odio y se encuentra delante de un odio que se llama alambre de p\u00faas&#8221;<cite class=\"author\">papa Francisco<\/cite><\/p><\/blockquote>\n<p>Hablando al centro de Europa desde la periferia del pa\u00eds m\u00e1s oriental del continente, el Papa renov\u00f3 los reclamos para una mayor acogida e integraci\u00f3n, en medio de una tensi\u00f3n creciente en las fronteras de varios pa\u00edses del Viejo Continente y mientras el Mediterr\u00e1neo, denunci\u00f3 Francisco, se est\u00e1 transformando &#8220;en el mayor cementerio del mundo&#8221; por la cantidad de personas que buscan llegar a las costas europeas.<\/p>\n<p>&#8220;Pero tambi\u00e9n, en el rostro del migrante que est\u00e1 en camino hacia algo, hacia una esperanza, hacia una convivencia m\u00e1s humana&#8221;, agreg\u00f3 luego Jorge Bergoglio al participar de una oraci\u00f3n ecum\u00e9nica con inmigrantes radicados en la isla mediterr\u00e1nea, de la que partir\u00e1 hacia Grecia acompa\u00f1ado por un enviado de T\u00e9lam a bordo del avi\u00f3n papal durante toda la gira.<\/p>\n<p>Francisco, que con su viaje de cinco d\u00edas busca llamar la atenci\u00f3n de los grandes pa\u00edses europeos para que flexibilicen las condiciones migratorias a los grandes flujos de personas de Medio Oriente y el Norte de \u00c1frica que buscan llegar al continente, hab\u00eda centrado ayer su primer d\u00eda de actividades en el pedido para que Europa pueda &#8220;derribar los muros&#8221; que mantiene hacia los inmigrantes.<\/p>\n<figure class=\"mb-3\"><img loading=\"lazy\" src=\"http:\/\/cordobadirecto.com\/wp-content\/uploads\/2021\/12\/el-papa-comparo-los-centros-de-refugiados-con-campos-de-concentracion.jpg\" width=\"100%\" height=\"100%\" alt=\"Francisco celebr una misa para 10 mil personas en Chipre Foto AFP\"><figcaption> Francisco celebr\u00f3 una misa para 10 mil personas en Chipre. Foto: AFP <\/figcaption><\/figure>\n<p><strong>Chipre, con cerca de 1.2 millones de habitantes, es el pa\u00eds de la Uni\u00f3n Europea (UE) con mayor proporci\u00f3n de inmigrantes<\/strong>, adem\u00e1s de haber aumentado casi un 40% la cantidad de personas recibidas en lo que va de 2021 frente al mismo per\u00edodo del a\u00f1o pasado.<\/p>\n<p>En ese marco, el pont\u00edfice lament\u00f3 que &#8220;se ponen alambres de espinas para no dejar entrar al refugiado, el que viene a pedir pan, hermandad, ayuda, alegr\u00eda, que est\u00e1 huyendo del odio y se encuentra delante de un odio que se llama alambre de p\u00faas&#8221;.<\/p>\n<p><strong>&#8220;No podemos callar y mirar para otro lado en esta cultura de la indiferencia&#8221;<\/strong>, sentenci\u00f3 el Papa en esa direcci\u00f3n<\/p>\n<p>La visita del Papa, seg\u00fan plante\u00f3 el presidente chipriota Nikos Anastasiadis y confirmaron a T\u00e9lam fuentes vaticanas, servir\u00e1 como impulso para un <strong>plan de reubicaci\u00f3n de hasta 50 inmigrantes presentes en Chipre<\/strong> que ser\u00e1n llevados a Roma con apoyo de la Santa Sede, dentro de una iniciativa &#8220;simb\u00f3lica&#8221; para involucrar otros pa\u00edses europeos.<\/p>\n<p>El primer grupo, agregaron las fuentes, incluidas algunas personas que se acercaron a escuchar al Papa, saldr\u00eda de Nicosia en torno al 15 de diciembre, y el resto entre mediados de enero y comienzos de febrero.<\/p>\n<p>Seg\u00fan inform\u00f3 el Vaticano en un mensaje de Telegram a los periodistas que viajan con el Pont\u00edfice,<strong> un primer grupo de 12 personas viajar\u00e1 ya &#8220;en las pr\u00f3ximas semanas&#8221;<\/strong>, incluido una comitiva que este viernes salud\u00f3 al Papa.<\/p>\n<blockquote class><p>&#8220;si permanecemos divididos entre nosotros, si cada uno piensa s\u00f3lo en s\u00ed mismo o en su grupo, si no nos juntamos, si no dialogamos, si no caminamos unidos, no podremos curar la ceguera plenamente&#8221;<cite class=\"author\">papa Francisco<\/cite><\/p><\/blockquote>\n<p>El presidente chipriota, de hecho, parece haberse convertido en un nuevo aliado del Papa en temas migratorios, como en septiembre fue la eslovaca Zuzana Caputova.<\/p>\n<p>Pol\u00edtico de larga carrera, elegido en 2013 y reelegido en 2018, Anastasiadis recibi\u00f3 una visita papal de duraci\u00f3n por arriba de la media para una naci\u00f3n no cat\u00f3lica, y los gestos entre ambos, como la presencia del mandatario en la misa pese a ser ortodoxo, marcan una sinton\u00eda pol\u00edtica que alcanza un punto cumbre en la preocupaci\u00f3n compartida por los migrantes.<\/p>\n<p>Durante su <strong>encuentro con inmigrantes en la Iglesia de la Santa Cruz de Nicosia<\/strong>, el Papa renov\u00f3 adem\u00e1s el pedido que hab\u00eda lanzado el jueves para que Chipre pueda superar el conflicto que mantiene con Turqu\u00eda desde la ocupaci\u00f3n turca del tercio norte de la isla en 1974.<\/p>\n<p>&#8220;Que esta isla, marcada por una dolorosa divisi\u00f3n, pueda convertirse con la gracia de Dios en taller de fraternidad. Y podr\u00e1 serlo con dos condiciones: la primera es el reconocimiento efectivo de la dignidad de cada persona humana; este es el fundamento \u00e9tico, un fundamento universal que est\u00e1 tambi\u00e9n en el centro de la doctrina social cristiana&#8221;, propuso el Papa.<\/p>\n<p>&#8220;La segunda condici\u00f3n es la apertura confiada a Dios, Padre de todos, y este es el fermento que estamos llamados a ser como creyentes&#8221;, agreg\u00f3 luego.<\/p>\n<figure class=\"mb-3\"><img loading=\"lazy\" src=\"http:\/\/cordobadirecto.com\/wp-content\/uploads\/2021\/12\/el-papa-comparo-los-centros-de-refugiados-con-campos-de-concentracion-1.jpg\" width=\"100%\" height=\"100%\" alt=\"El Papa se reuni con los lderes ortodoxos de Chipre Foto AFP\"><figcaption> El Papa se reuni\u00f3 con los l\u00edderes ortodoxos de Chipre. Foto: AFP <\/figcaption><\/figure>\n<p>A primera hora, en una ma\u00f1ana destinada a incentivar la unidad ecum\u00e9nica y tejer lazos con los ortodoxos, grupo mayoritario en Chipre, Francisco hab\u00eda convocado a los diferentes grupos cristianos a trabajar unidos y &#8220;de modo concreto&#8221;, tras reunirse en Chipre con autoridades ortodoxas y encabezar una misa para la peque\u00f1a comunidad cat\u00f3lica del pa\u00eds europeo.<\/p>\n<p>&#8220;Queridos hermanos y hermanas, frente a cada oscuridad personal y a los desaf\u00edos que se nos presentan en la Iglesia y en la sociedad estamos llamados a renovar la fraternidad&#8221;, convoc\u00f3 el pont\u00edfice en<strong> la misa que&nbsp;celebr\u00f3 para cerca de 10.000 cat\u00f3licos en el estadio m\u00e1s grande de Chipre.<\/strong><\/p>\n<p>En un pa\u00eds de mayor\u00eda ortodoxa en el que los cat\u00f3licos est\u00e1n representados b\u00e1sicamente por los inmigrantes, el pont\u00edfice asegur\u00f3 en su homil\u00eda que &#8220;si permanecemos divididos entre nosotros, si cada uno piensa s\u00f3lo en s\u00ed mismo o en su grupo, si no nos juntamos, si no dialogamos, si no caminamos unidos, no podremos curar la ceguera plenamente&#8221;.<\/p>\n<h2 class>Reuni\u00f3n con Cris\u00f3stomo II<\/h2>\n<p>En ese marco, el Papa se dedic\u00f3 a tender puentes con los ortodoxos, mayoritarios en Chipre y en Grecia, al visitar al arzobispo ortodoxo de Chipre Cris\u00f3stomo II.<\/p>\n<p>En su cargo desde 2006, Cris\u00f3stomo ofici\u00f3 este viernes de portavoz de las graves denuncias de los chipriotas frente a la ocupaci\u00f3n turca y, frente al Papa, incluso habl\u00f3 de &#8220;limpieza \u00e9tnica&#8221; por parte del r\u00e9gimen de Ankara.<\/p>\n<p>&#8220;Turqu\u00eda nos ha atacado ferozmente y se ha apoderado del 38% de nuestra patria por la fuerza de sus armas, los habitantes fueron expulsados \u200b\u200bcon lanza y fuego, fueron sacados de sus hogares paternos&#8221;, denunci\u00f3 el l\u00edder ortodoxo, antes de culpar a la ocupaci\u00f3n turca de haber &#8220;confiscado las Iglesias bizantinas&#8221; que hab\u00eda en el Norte de la isla y que fueron convertidas en mezquitas, para el culto de la mayor\u00eda musulmana turca.<\/p>\n<p>Turqu\u00eda, seg\u00fan el l\u00edder ortodoxo, &#8220;ha desarrollado un plan de limpieza \u00e9tnica&#8221; en Chipre, con la expulsi\u00f3n de 200.000 cristianos de sus casas.<\/p>\n<blockquote class=\"twitter-tweet\" readability=\"7.1645569620253\">\n<p lang=\"es\" dir=\"ltr\">El Esp\u00edritu Santo desea que ortodoxos y cat\u00f3licos volvamos a acercarnos con humildad y respeto. \u00c9l nos invita a no resignarnos frente a las divisiones del pasado y a cultivar juntos el campo del Reino con paciencia, asiduidad y de modo concreto. <a href=\"https:\/\/twitter.com\/hashtag\/ViajeApost%C3%B3lico?src=hash&amp;ref_src=twsrc%5Etfw\">#ViajeApost\u00f3lico<\/a><\/p>\n<p>\u2014 Papa Francisco (@Pontifex_es) <a href=\"https:\/\/twitter.com\/Pontifex_es\/status\/1466720114183741440?ref_src=twsrc%5Etfw\">December 3, 2021<\/a><\/p><\/blockquote>\n<p>Luego, al hablar frente a representantes del Santo S\u00ednodo, la m\u00e1xima autoridad de la Iglesia ortodoxa del pa\u00eds, Francisco convoc\u00f3 a evitar la resignaci\u00f3n &#8220;frente a las divisiones del pasado y a cultivar juntos el campo del Reino, con paciencia, asiduidad y de modo concreto&#8221;.<\/p>\n<p>&#8220;Porque si dejamos de lado teor\u00edas abstractas y trabajamos juntos codo a codo, por ejemplo, en la caridad, en la educaci\u00f3n y en la promoci\u00f3n de la dignidad humana,&nbsp;redescubriremos al hermano y la comuni\u00f3n madurar\u00e1 por s\u00ed misma, para gloria de Dios&#8221;, asever\u00f3.<\/p>\n<p><strong>&#8220;Cada uno mantendr\u00e1 las propias maneras y el propio estilo pero, con el tiempo, el trabajo conjunto acrecentar\u00e1 la concordia y se mostrar\u00e1 fecundo&#8221;<\/strong>, los anim\u00f3 por \u00faltimo.<\/p>\n<p>Francisco partir\u00e1 el s\u00e1bado hacia Grecia, donde tiene previsto aterrizar a las 11.10 locales (6.10 de la Argentina) para iniciar una visita hasta el lunes.<\/p>\n<p>El domingo estar\u00e1 en la isla de Lesbos, donde ya estuvo en abril de 2016 en un hist\u00f3rico viaje del que regres\u00f3 a Roma con 12 refugiados de tres familias sirias, con el mismo simbolismo con el que promovi\u00f3 la nueva reubicaci\u00f3n de migrantes confirmada por el Vaticano.<\/p>\n","protected":false},"excerpt":{"rendered":"<p>El Papa compar\u00f3 los centros de refugiados con &#8220;campos de concentraci\u00f3n&#8221; al cerrar su gira por Chipre VER VIDEO En su segundo y \u00faltimo d\u00eda de actividades en Chipre, el papa Francisco insisti\u00f3 este viernes con su pedido a Europa y al mundo para construir &#8220;una humanidad sin muros de separaci\u00f3n&#8221; que promueva pol\u00edticas migratorias [&hellip;]<\/p>\n","protected":false},"author":1,"featured_media":31542,"comment_status":"closed","ping_status":"closed","sticky":false,"template":"","format":"standard","meta":[],"categories":[24],"tags":[],"_links":{"self":[{"href":"http:\/\/cordobadirecto.com\/index.php\/wp-json\/wp\/v2\/posts\/31541"}],"collection":[{"href":"http:\/\/cordobadirecto.com\/index.php\/wp-json\/wp\/v2\/posts"}],"about":[{"href":"http:\/\/cordobadirecto.com\/index.php\/wp-json\/wp\/v2\/types\/post"}],"author":[{"embeddable":true,"href":"http:\/\/cordobadirecto.com\/index.php\/wp-json\/wp\/v2\/users\/1"}],"replies":[{"embeddable":true,"href":"http:\/\/cordobadirecto.com\/index.php\/wp-json\/wp\/v2\/comments?post=31541"}],"version-history":[{"count":0,"href":"http:\/\/cordobadirecto.com\/index.php\/wp-json\/wp\/v2\/posts\/31541\/revisions"}],"wp:featuredmedia":[{"embeddable":true,"href":"http:\/\/cordobadirecto.com\/index.php\/wp-json\/wp\/v2\/media\/31542"}],"wp:attachment":[{"href":"http:\/\/cordobadirecto.com\/index.php\/wp-json\/wp\/v2\/media?parent=31541"}],"wp:term":[{"taxonomy":"category","embeddable":true,"href":"http:\/\/cordobadirecto.com\/index.php\/wp-json\/wp\/v2\/categories?post=31541"},{"taxonomy":"post_tag","embeddable":true,"href":"http:\/\/cordobadirecto.com\/index.php\/wp-json\/wp\/v2\/tags?post=31541"}],"curies":[{"name":"wp","href":"https:\/\/api.w.org\/{rel}","templated":true}]}}