{"id":31548,"date":"2021-12-03T20:33:28","date_gmt":"2021-12-03T20:33:28","guid":{"rendered":"https:\/\/cordoba.gob.ar\/?p=17771"},"modified":"2021-12-03T20:33:28","modified_gmt":"2021-12-03T20:33:28","slug":"para-disfrutar-la-ciudad-la-agenda-cultural-y-recreativa-invita-este-finde-con-esperadas-propuestas","status":"publish","type":"post","link":"http:\/\/cordobadirecto.com\/index.php\/2021\/12\/03\/para-disfrutar-la-ciudad-la-agenda-cultural-y-recreativa-invita-este-finde-con-esperadas-propuestas\/","title":{"rendered":"Para disfrutar la ciudad, la Agenda Cultural y Recreativa invita este \u201cFinde\u201d con esperadas propuestas"},"content":{"rendered":"<div><img src=\"http:\/\/cordobadirecto.com\/wp-content\/uploads\/2021\/12\/para-disfrutar-la-ciudad-la-agenda-cultural-y-recreativa-invita-este-finde-con-esperadas-propuestas.jpg\" class=\"ff-og-image-inserted\"><\/div>\n<ul>\n<li><strong>La Noche de los Museos y la Marat\u00f3n 42 k, el Festival Santo Noise, obras de teatro, kermeses, espect\u00e1culos, muestras de artes visuales y \u201cNavidad Circular\u201d, son las actividades que se realizan a partir de hoy y se extienden hasta el domingo 5 de diciembre.<\/strong><\/li>\n<\/ul>\n<hr>\n<p>La Agenda Cultural y Recreativa municipal despliega una esperada programaci\u00f3n abierta a la comunidad y para todas las edades, en este primer \u201cFinde\u201d de diciembre.<\/p>\n<p>Para la mayor\u00eda de las actividades, la entrada es gratuita y para otras el costo es m\u00ednimo. En algunos casos el aforo es limitado y se debe reservar previamente el lugar.<\/p>\n<p>Hoy viernes 3 de diciembre desde las 18.30 h, se llevar\u00e1 a cabo el evento \u201cNavidad Circular\u201d en la S\u00fapermanzana de calle Caseros y en la Plaza de la Intendencia, para promover la econom\u00eda circular a trav\u00e9s de un plan canje de materiales reciclables por arbolitos de navidad de cart\u00f3n reciclado y adornos pl\u00e1sticos. A su finalizaci\u00f3n, se encender\u00e1 un \u00e1rbol de Navidad de casi 10 metros de altura que fue realizado con productos de la recolecci\u00f3n diferenciada de los Centros Verdes del COyS, los Ecopuntos, y el programa Ecoaliados. Habr\u00e1 shows en vivo.<\/p>\n<p>El ciclo \u201cTeatro y Participaci\u00f3n\u201d es otra de las propuestas para esta tarde, que lleva adelante la Secretar\u00eda de Participaci\u00f3n Ciudadana en colaboraci\u00f3n con el Instituto Nacional del Teatro. Son espect\u00e1culos para todo p\u00fablico, en esta oportunidad ser\u00e1n en CPC Chalet San Felipe, Arg\u00fcello y Pueyrred\u00f3n.<\/p>\n<p>\u201cLa Noche de los Museos\u201d tambi\u00e9n se podr\u00e1 disfrutar hoy viernes a partir de las 21 y hasta las 01 h del d\u00eda s\u00e1bado. Organizada por la Municipalidad de C\u00f3rdoba, el Gobierno Provincial y la Universidad Nacional de C\u00f3rdoba, se despliegan m\u00e1s de 30 las actividades gratuitas que incluyen muestras, intervenciones, visitas interactivas, obras teatrales, espect\u00e1culos, proyecciones, experiencias cient\u00edficas, narraciones y m\u00e1s. En formato presencial y virtual. La programaci\u00f3n completa y m\u00e1s informaci\u00f3n acerca del evento, se puede conocer ingresando en este <strong><a href=\"https:\/\/cordoba.gob.ar\/cordoba-vivira-una-nueva-edicion-de-la-noche-de-los-museos\/\">link<\/a><\/strong>.<\/p>\n<p>Por su parte, el s\u00e1bado 4, se llevar\u00e1 a cabo la Gran kerm\u00e9s del apoyo escolar de la UNC en el Parque Educativo Sur y Sureste a partir de las 12:30 h. Se trata de una jornada con espect\u00e1culos, actividades, juegos, talleres para toda la familia.<\/p>\n<p>Adem\u00e1s, hasta el d\u00eda s\u00e1bado se podr\u00e1 participar de la 12\u00aa edici\u00f3n del Festival \u201cSanto Noise\u201d, un espacio consagrado para el arte sonoro y la experimentaci\u00f3n electr\u00f3nica local, regional e internacional. La Subsecretar\u00eda de Cultura municipal invita con entrada gratuita y capacidad limitada a asistir al Museo Genaro P\u00e9rez desde las 19 h. Otra opci\u00f3n, es seguir el evento a trav\u00e9s de Facebook e Instagram: @santonoise.<\/p>\n<p>El domingo es el turno de una de las maratones m\u00e1s grandes del a\u00f1o: Marat\u00f3n CBA 42 Km \u201cRecorr\u00e9 C\u00f3rdoba\u201d que comenzar\u00e1 a las 7 de la ma\u00f1ana. Como parte de la iniciativa deportiva, tambi\u00e9n se suman propuestas art\u00edsticas que acompa\u00f1ar\u00e1n a los participantes y a los espectadores.<\/p>\n<p>Cabe destacar, que contin\u00faan aquellas actividades que los espacios municipales ofrecen cada fin de semana: funciones en el Cineclub, las visitas en el Cementerio San Jer\u00f3nimo, los paseos en el Parque Sarmiento y las Ferias en el Paseo de las Artes. Asimismo se pueden visitar las muestras de arte \u201cRima en Blanco\u201d en el Cabildo de la Ciudad y en el Jard\u00edn Bot\u00e1nico, y la exposici\u00f3n colectiva recientemente inaugurada \u201cForma y color\u201d en el Centro Cultural Casona Municipal.<\/p>\n<p>Para todas las propuestas que se detallaron anteriormente, se puede conocer m\u00e1s informaci\u00f3n en el siguiente archivo: <strong><a href=\"https:\/\/cordoba.gob.ar\/wp-content\/uploads\/2021\/12\/AGENDA-CULTURAL-Y-RECREATIVA-34-Y-5.docx\">AGENDA CULTURAL Y RECREATIVA 3,4 Y 5<\/a><\/strong><\/p>\n","protected":false},"excerpt":{"rendered":"<p>La Noche de los Museos y la Marat\u00f3n 42 k, el Festival Santo Noise, obras de teatro, kermeses, espect\u00e1culos, muestras de artes visuales y \u201cNavidad Circular\u201d, son las actividades que se realizan a partir de hoy y se extienden hasta el domingo 5 de diciembre. La Agenda Cultural y Recreativa municipal despliega una esperada programaci\u00f3n [&hellip;]<\/p>\n","protected":false},"author":1,"featured_media":31549,"comment_status":"closed","ping_status":"closed","sticky":false,"template":"","format":"standard","meta":[],"categories":[44],"tags":[],"_links":{"self":[{"href":"http:\/\/cordobadirecto.com\/index.php\/wp-json\/wp\/v2\/posts\/31548"}],"collection":[{"href":"http:\/\/cordobadirecto.com\/index.php\/wp-json\/wp\/v2\/posts"}],"about":[{"href":"http:\/\/cordobadirecto.com\/index.php\/wp-json\/wp\/v2\/types\/post"}],"author":[{"embeddable":true,"href":"http:\/\/cordobadirecto.com\/index.php\/wp-json\/wp\/v2\/users\/1"}],"replies":[{"embeddable":true,"href":"http:\/\/cordobadirecto.com\/index.php\/wp-json\/wp\/v2\/comments?post=31548"}],"version-history":[{"count":0,"href":"http:\/\/cordobadirecto.com\/index.php\/wp-json\/wp\/v2\/posts\/31548\/revisions"}],"wp:featuredmedia":[{"embeddable":true,"href":"http:\/\/cordobadirecto.com\/index.php\/wp-json\/wp\/v2\/media\/31549"}],"wp:attachment":[{"href":"http:\/\/cordobadirecto.com\/index.php\/wp-json\/wp\/v2\/media?parent=31548"}],"wp:term":[{"taxonomy":"category","embeddable":true,"href":"http:\/\/cordobadirecto.com\/index.php\/wp-json\/wp\/v2\/categories?post=31548"},{"taxonomy":"post_tag","embeddable":true,"href":"http:\/\/cordobadirecto.com\/index.php\/wp-json\/wp\/v2\/tags?post=31548"}],"curies":[{"name":"wp","href":"https:\/\/api.w.org\/{rel}","templated":true}]}}