{"id":31584,"date":"2021-12-04T09:08:31","date_gmt":"2021-12-04T09:08:31","guid":{"rendered":"http:\/\/cordobadirecto.com\/index.php\/2021\/12\/04\/central-cordoba-le-gano-a-union\/"},"modified":"2021-12-04T09:08:31","modified_gmt":"2021-12-04T09:08:31","slug":"central-cordoba-le-gano-a-union","status":"publish","type":"post","link":"http:\/\/cordobadirecto.com\/index.php\/2021\/12\/04\/central-cordoba-le-gano-a-union\/","title":{"rendered":"Central C\u00f3rdoba le gan\u00f3 a Uni\u00f3n"},"content":{"rendered":"<figure class=\"mb-3\"><img loading=\"lazy\" src=\"http:\/\/cordobadirecto.com\/wp-content\/uploads\/2021\/12\/central-cordoba-le-gano-a-union.jpg\" width=\"100%\" height=\"100%\" alt=\"Foto Emilio Rapetti\"><figcaption> Foto: Emilio Rapetti. <\/figcaption><\/figure>\n<p>Central C\u00f3rdoba de Santiago del Estero venci\u00f3 de local por 2 a 0 a Uni\u00f3n de Santa Fe, por la 24ta y pen\u00faltima fecha del torneo de la Liga Profesional de F\u00fatbol, y buscar\u00e1 cerrar el a\u00f1o con un buen golpe en la Bombonera ante Boca, su pr\u00f3ximo compromiso.<\/p>\n<p>El conjunto santiague\u00f1o, dirigido por Sergio Rondina, lleg\u00f3 a los 26 puntos, mientras que a Uni\u00f3n se le complic\u00f3 su posibilidad de clasificar a la Copa Sudamericana.<\/p>\n<p>Desde el inicio ambos equipos mostraron buenas intenciones, una b\u00fasqueda del arco rival en forma ordenada y saliendo desde abajo con pelota dominada; pero con el paso de los minutos Uni\u00f3n retrocedi\u00f3 y le cedi\u00f3 el control al local, que no parec\u00eda muy c\u00f3modo con la responsabilidad de ser el protagonista principal.<\/p>\n<p>Los santafesinos jugaban a abrir la cancha con sus laterales y volantes para centrar buscando a Garc\u00eda y Gonz\u00e1lez. Mientras que, por el lado de los locales, a los 22 minutos Milton Gim\u00e9nez y Sebasti\u00e1n Ribas manejaron la pelota en ataque, la abrieron y el delantero uruguayo centr\u00f3 para que Silvio Mart\u00ednez se la bajara a Nahuel Banegas, que defini\u00f3 muy bien dentro del \u00e1rea.<\/p>\n<p>El tanto mostr\u00f3 cu\u00e1n importante es Gim\u00e9nez en el funcionamiento del conjunto de Rondina; mientras que Uni\u00f3n penaba por la falta de precisi\u00f3n para meterse en el \u00e1rea de Central C\u00f3rdoba.<\/p>\n<figure class=\"mb-3\"><img loading=\"lazy\" src=\"http:\/\/cordobadirecto.com\/wp-content\/uploads\/2021\/12\/central-cordoba-le-gano-a-union-1.jpg\" width=\"100%\" height=\"100%\" alt=\"Foto Emilio Rapetti\"><figcaption> Foto: Emilio Rapetti. <\/figcaption><\/figure>\n<p>Cuando se extingu\u00eda el primer tiempo Mart\u00ednez desbord\u00f3 con mucha velocidad y meti\u00f3 un centro bajo que Gim\u00e9nez empalm\u00f3, pero Moyano tap\u00f3 de manera formidable y se luci\u00f3 evitando el segundo de los santiague\u00f1os.<\/p>\n<p>En el segundo tiempo Uni\u00f3n busc\u00f3 llegar con mayor profundidad al \u00e1rea rival, mientras que Rondina rezongaba con sus dirigidos para que no se metieran tan atr\u00e1s y les ped\u00eda que esperaran al rival m\u00e1s cerca del mediocampo.<\/p>\n<p>Pero a Uni\u00f3n le cost\u00f3 mucho poner a trabajar a C\u00e9sar Taborda y los minutos fueron pasando mientras ambos equipos navegaban en la imposibilidad de crear acciones frente a los arcos.<\/p>\n<p>Cuando el partido se encontraba en el alargue, Sequeira recibi\u00f3 una pelota apenas unos metros dentro del campo de Uni\u00f3n, se la llev\u00f3 por el lateral, encar\u00f3 paralelo al \u00e1rea hacia dentro y desde all\u00ed la clav\u00f3 en el segundo palo, muy lejos de Moyano.<\/p>\n<p>Central C\u00f3rdoba, lo dicho, se despedir\u00e1 del torneo como visitante de Boca Juniors y Uni\u00f3n cerrar\u00e1 nada menos que con el cl\u00e1sico santafesino de local ante Col\u00f3n.<\/p>\n","protected":false},"excerpt":{"rendered":"<p>Foto: Emilio Rapetti. Central C\u00f3rdoba de Santiago del Estero venci\u00f3 de local por 2 a 0 a Uni\u00f3n de Santa Fe, por la 24ta y pen\u00faltima fecha del torneo de la Liga Profesional de F\u00fatbol, y buscar\u00e1 cerrar el a\u00f1o con un buen golpe en la Bombonera ante Boca, su pr\u00f3ximo compromiso. El conjunto santiague\u00f1o, [&hellip;]<\/p>\n","protected":false},"author":1,"featured_media":31585,"comment_status":"closed","ping_status":"closed","sticky":false,"template":"","format":"standard","meta":[],"categories":[21],"tags":[],"_links":{"self":[{"href":"http:\/\/cordobadirecto.com\/index.php\/wp-json\/wp\/v2\/posts\/31584"}],"collection":[{"href":"http:\/\/cordobadirecto.com\/index.php\/wp-json\/wp\/v2\/posts"}],"about":[{"href":"http:\/\/cordobadirecto.com\/index.php\/wp-json\/wp\/v2\/types\/post"}],"author":[{"embeddable":true,"href":"http:\/\/cordobadirecto.com\/index.php\/wp-json\/wp\/v2\/users\/1"}],"replies":[{"embeddable":true,"href":"http:\/\/cordobadirecto.com\/index.php\/wp-json\/wp\/v2\/comments?post=31584"}],"version-history":[{"count":0,"href":"http:\/\/cordobadirecto.com\/index.php\/wp-json\/wp\/v2\/posts\/31584\/revisions"}],"wp:featuredmedia":[{"embeddable":true,"href":"http:\/\/cordobadirecto.com\/index.php\/wp-json\/wp\/v2\/media\/31585"}],"wp:attachment":[{"href":"http:\/\/cordobadirecto.com\/index.php\/wp-json\/wp\/v2\/media?parent=31584"}],"wp:term":[{"taxonomy":"category","embeddable":true,"href":"http:\/\/cordobadirecto.com\/index.php\/wp-json\/wp\/v2\/categories?post=31584"},{"taxonomy":"post_tag","embeddable":true,"href":"http:\/\/cordobadirecto.com\/index.php\/wp-json\/wp\/v2\/tags?post=31584"}],"curies":[{"name":"wp","href":"https:\/\/api.w.org\/{rel}","templated":true}]}}