{"id":31616,"date":"2021-12-04T09:09:01","date_gmt":"2021-12-04T09:09:01","guid":{"rendered":"http:\/\/cordobadirecto.com\/index.php\/2021\/12\/04\/bailar-para-vivir\/"},"modified":"2021-12-04T09:09:01","modified_gmt":"2021-12-04T09:09:01","slug":"bailar-para-vivir","status":"publish","type":"post","link":"http:\/\/cordobadirecto.com\/index.php\/2021\/12\/04\/bailar-para-vivir\/","title":{"rendered":"Bailar para vivir"},"content":{"rendered":"<div class=\"video_repositive\"><a class=\"video_sticky\" href=\"javascript:void();\" onclick=\"removeStuckVideo(true);\"><i class=\"far fa-window-close\"><\/i><\/a><\/p>\n<div id=\"0cmHesmL_FE\" class=\"video_telam\" readability=\"6\">\n<div class=\"feature_article_inner\" readability=\"32\">\n<p><h2 class=\"text-center\">Viviana Mercurio: Danza sin edad ni fronteras<\/h2>\n<\/p>\n<\/div>\n<p>VER VIDEO <i class=\"fas fa-play\"><\/i><\/p>\n<\/div>\n<\/div>\n<p>El tiempo y el espacio pierden su densidad objetiva cuando alguien baila; se ponen en juego variables nuevas incluso para el intruso que no baila. Esa impresi\u00f3n dan las clases de danzaterapia que dicta Viviana Mercurio, italiana de nacimiento y residente hace 8 a\u00f1os (de los 41 que tiene) en Argentina.<\/p>\n<p>Como ella misma dice: \u201cToda danza es terap\u00e9utica, la coordinaci\u00f3n, el reconocimiento de nuestro potencial y nuestros l\u00edmites, las endorfinas que se liberan, las expresiones que brillan\u2026 un cuerpo en movimiento es un cuerpo sano y longevo; un cuerpo que respira\u201d.<\/p>\n<figure class=\"mb-3\"><img loading=\"lazy\" src=\"http:\/\/cordobadirecto.com\/wp-content\/uploads\/2021\/12\/bailar-para-vivir.jpg\" width=\"100%\" height=\"100%\" alt=\"La danza no tiene edad Foto gentileza de Viviana Mercurio\"><figcaption> La danza no tiene edad. Foto: gentileza de Viviana Mercurio. <\/figcaption><\/figure>\n<p>Traslaciones y rotaciones con vida propia es lo que vemos; al bailar, ellas conquistan el espacio propiciado por Vivi y lo multiplican. Y cambia el tiempo \u00bfcu\u00e1nto hace que estamos mirando a estas mujeres? Hay un relato grupal transcurriendo a pura acci\u00f3n: sobre la m\u00fasica, ecos, sombras, una voz alta, en\u00e9rgica, pero festiva. La de su art\u00edfice, que convers\u00f3 con T\u00e9lam para contar su historia.<\/p>\n<p><strong>T: Para ponernos en tema \u00bfQu\u00e9 es la danzaterapia, que convoc\u00f3 a tantas personas a tu escuela?<\/strong><br \/>&nbsp;<br \/><strong>Viviana Mercurio:<\/strong> \u201cLa danza terapia, que es una de las disciplinas de mi escuela, es algo que tom\u00e9 de quien considero mi maestra: Mar\u00eda Fux. Pero hay muchos tipos de danza-movimiento-terapia, y con distintos enfoques. Generalmente, las que se ense\u00f1an y practican tienen un enfoque t\u00e9cnico ligado incluso a lo psicol\u00f3gico. <a href=\"https:\/\/www.telam.com.ar\/tags\/13216-Mar%C3%ADa%20Fux\/noticias\" target=\"_blank\" rel=\"noopener\">Lo que plante\u00f3 Mar\u00eda Fux es algo m\u00e1s creativo<\/a>, basado en el movimiento libre, en la libertad de la creaci\u00f3n del cuerpo. Por eso, en un comienzo, se la llamaba \u201cDanza creativa\u201d.<br \/>&nbsp;<br \/><strong>T: \u00bfDe d\u00f3nde viene este enfoque en la franja etaria que hoy parece ser mayoritaria en tus grupos? <\/strong><\/p>\n<p><strong>V.M.:<\/strong> En principio lo que yo me propuse con la escuela fue crear un espacio para que personas en esta etapa de la vida que algunos llaman \u2018tercera edad\u2019 puedan encontrarse y puedan bailar. La idea parece obvia, pero no lo es tanto; yo, que tengo cuarenta a\u00f1os, cuando voy a un estudio de danza, generalmente me encuentro con mujeres muy j\u00f3venes y esto, l\u00f3gicamente, excluye. Esto fue un poco el disparador de la idea organizar un \u00e1mbito que generara comodidad en un sentido amplio, que incluya un aspecto social, vincular, que es lo que tiende, lamentablemente, a dejar de fomentarse ciertas etapas de la vida. Las mujeres que vienen a mis clases se relacionan, se hacen amigas, salen juntas, planifican viajes, comparten muchas cosas.\u201d<br \/>&nbsp;<br \/><strong>T: Pero por lo que sabemos, tus pr\u00e1cticas no son estrictamente \u201cterap\u00e9uticas\u201d sino que tambi\u00e9n hay muestras p\u00fablicas\u2026<\/strong><\/p>\n<p><strong>V.M.:<\/strong> El otro aspecto est\u00e1 ligado a la parte art\u00edstica. Yo me propuse hacer algo distinto en cuanto a lograr performances expositivas, que tengan un sentido conjunto, creativo y art\u00edstico, que sea lindo de ver como creaci\u00f3n. Esto, dentro de las limitaciones obvias, permite que ellas se sientan realmente bailarinas y parte de un proyecto creativo, no estrictamente terap\u00e9utico, aunque tambi\u00e9n lo sea: hay una puesta en escena, hay una finalidad expositiva real que, aun sin ser profesional, es art\u00edstica. Y esto se refleja en la evoluci\u00f3n individual. Yo tengo alumnas a las que film\u00e9 en sus primeras clases y al cabo de dos o tres a\u00f1os parecen personas distintas, adem\u00e1s de haber evolucionado claramente en su capacidad f\u00edsica y expresiva como bailarinas dentro de lo que podr\u00edamos llamar una \u201cliga amateur\u201d.<\/p>\n<figure class=\"mb-3\"><img loading=\"lazy\" src=\"http:\/\/cordobadirecto.com\/wp-content\/uploads\/2021\/12\/bailar-para-vivir-1.jpg\" width=\"100%\" height=\"100%\" alt=\"Una clase de danzateatro en accin Foto gentileza de Viviana Mercurio\"><figcaption> Una clase de danzateatro en acci\u00f3n. Foto: gentileza de Viviana Mercurio. <\/figcaption><\/figure>\n<div class=\"card col-md-10 offset-md-1 mb-4\">\n<h3 class=\"pt-2\">Relacionadas<\/h3>\n<\/div>\n<p> &nbsp;<\/p>\n<p><strong>T: \u00bfCu\u00e1ndo empezaste a bailar?<\/strong><\/p>\n<p><strong>V.M.:<\/strong> De muy chica, en un pueblo de la Calabria, en el Sur de Italia, llamado Vibo Valentia, donde nac\u00ed. Mi mam\u00e1 siempre me cuenta que primero empec\u00e9 a bailar y despu\u00e9s a hablar \u00a1y eso que me encanta hablar! Empec\u00e9 a tomar clases a los nueve a\u00f1os. Amaba el olor del cuero de las zapatillas de danza, y me enamoraba literalmente la malla y el poller\u00edn; lo usaba todo el tiempo, incluso para bailar en casa. En mi adolescencia, la danza estuvo siempre en primer lugar. No me interesaban las fiestas ni los eventos sociales. Pasaba horas en el estudio. As\u00ed estudi\u00e9 danza cl\u00e1sica hasta los 28 a\u00f1os. Par\u00e9 dos a\u00f1os y cuando volv\u00ed a la danza, la recuper\u00e9 como maestra.<br \/>&nbsp;<\/p>\n<blockquote class><p> \u201cConoc\u00ed primero la danzateatro, al tomar un taller en Toscana con Giorgio Rossi, un core\u00f3grafo del colectivo Sosta Palmizi, creador del grupo de Carolyn Carlson<cite class=\"author\">Viviana Mercurio<\/cite><\/p><\/blockquote>\n<p>Empec\u00e9 a dar clases a las ni\u00f1as y a mezclar la danza con el juego, como recurso para aproximarse a la t\u00e9cnica cl\u00e1sica. Antes de eso, hab\u00eda conocido la danzateatro, al tomar un taller en Toscana con Giorgio Rossi, un core\u00f3grafo del colectivo Sosta Palmizi creador del grupo de Carolyn Carlson. En esa \u00e9poca sent\u00eda que estaba totalmente bloqueada con la improvisaci\u00f3n, y en el intensivo que hice, Giorgio se tomaba pausas del trabajo para leerme textos de Isadora Duncan. Yo nunca hab\u00eda improvisado en mi vida porque ven\u00eda de la estructura del ballet, no ten\u00eda idea ni instrumentos para hacerlo. En estos a\u00f1os estaba estudiando te\u00f3ricamente sobre Pina Bausch (la creadora de la danzateatro en Europa) para mi trabajo de tesis de la Facultad de Comunicaci\u00f3n y cada palabra, cada imagen que entraba en m\u00ed, atravesaban la piel: fue un viaje de ida.<\/p>\n<figure class=\"mb-3\"><img loading=\"lazy\" src=\"http:\/\/cordobadirecto.com\/wp-content\/uploads\/2021\/12\/bailar-para-vivir-2.jpg\" width=\"100%\" height=\"100%\" alt=\"Muestra anual de 2018 de uno de los grupos de la escuela Foto gentileza de Viviana Mercurio\"><figcaption> Muestra anual de 2018 de uno de los grupos de la escuela. Foto: gentileza de Viviana Mercurio. <\/figcaption><\/figure>\n<p><\/p>\n<blockquote class><p> \u201cGiorgio Rossi se tomaba pausas del trabajo para leerme textos de Isadora Duncan\u201d<cite class=\"author\">Viviana Mercurio<\/cite><\/p><\/blockquote>\n<p>Para terminar la tesis tuve que ver la versi\u00f3n de Kontakthof y me invitaron a Alemania. La danzaterapia lleg\u00f3 m\u00e1s o menos en esos d\u00edas. Me habl\u00f3 de ella por primera vez un desconocido mientras yo miraba todos los libros que me llevaba a la playa donde estaba estudiando para la tesis sobre Pina.<\/p>\n<p>En esa \u00e9poca no me sent\u00eda muy feliz, era como si hubiera olvidado una parte m\u00eda. Sent\u00ed que necesitaba volver a la danza, pero ya no desde la teor\u00eda. Por eso me acord\u00e9 de la danzaterapia, de la posibilidad de sanar con la danza y de conectarme otra vez con lo que me hac\u00eda y todav\u00eda me hace sentir m\u00e1s feliz en vida: bailar.<br \/>&nbsp;<br \/><strong>T: \u00bfC\u00f3mo empezaste a ense\u00f1ar esas t\u00e9cnicas?<\/strong><\/p>\n<p><strong>V.M.:<\/strong> Siempre ayud\u00e9 a mis maestras, desde adolescente y en varias disciplinas: danza cl\u00e1sica, modern jazz, contempor\u00e1neo. Empec\u00e9 a tener mis propios grupos a los 25 a\u00f1os, cuando trabajaba en Bolonia en un centro de arte y me ofrecieron dar cursos para ni\u00f1as. Y cuando empec\u00e9 a ense\u00f1ar esto que para m\u00ed era nuevo me di cuenta de que era lo que siempre hab\u00eda hecho en mi vida, que amaba compartir lo que hab\u00eda recibido y tambi\u00e9n hacer todo lo que me hubiera gustado que mis maestros hicieran por m\u00ed.<\/p>\n<blockquote class><p> \u201cVine a Buenos Aires en noviembre de 2013 para conocer a Mar\u00eda Fux y estudiar en su escuela\u201d <cite class=\"author\">Viviana Mercurio<\/cite><\/p><\/blockquote>\n<p>Siempre doy clases que siento conectadas a lo que estoy viviendo en el momento. Transformo cada cosa en mi vida con el arte: es mi manera de vivir; no me imagino sin danza: est\u00e1 en cada uno de mis movimientos y pensamientos. No existo sin ella, est\u00e1 en mi esencia y aparece incluso cuando no la busco. Para m\u00ed, danza y vida son una \u00fanica cosa y se transforman, caen, se levantan, se pierden y crecen juntas en cada momento.<br \/>&nbsp;<br \/><strong>T: \u00bfQu\u00e9 te trajo a Buenos Aires?<\/strong><\/p>\n<p><strong>V.M.:<\/strong> Desde los 10 a\u00f1os sab\u00eda que iba a vivir en Argentina. Tengo familia ac\u00e1 porque mis bisabuelos vivieron muchos a\u00f1os aqu\u00ed. Fue muy lindo conocer a esos parientes lejanos cuando llegu\u00e9; me apoyaron mucho en los primeros tiempos. Pero puntualmente vine a Buenos Aires en noviembre de 2013 para conocer a Mar\u00eda Fux y estudiar en su escuela. No ten\u00eda expectativas de estudiar con ella personalmente, porque sab\u00eda que ella ya ten\u00eda 91 a\u00f1os cuando llegu\u00e9. Pero fue una sorpresa y una alegr\u00eda enorme descubrir que Mar\u00eda segu\u00eda dando clases y por suerte las sigui\u00f3 dando algunos a\u00f1os m\u00e1s. De hecho, una amiga y yo somos las dos \u00faltimas danzaterapeutas que Mar\u00eda form\u00f3.<br \/>&nbsp;<br \/><strong>T: Finalmente, toda esta segunda parte de tu vida empieza y sigue con ella\u2026<\/strong><\/p>\n<p><strong>V.M.:<\/strong> S\u00ed. Yo ven\u00eda form\u00e1ndome con una de sus disc\u00edpulas en Mil\u00e1n antes de venir. Mar\u00eda es una gran artista y tambi\u00e9n tiene una relaci\u00f3n muy especial con Italia. Recuerdo que, a poco de llegar, apenas al mes y medio, yo ya estaba participando de su muestra de fin de a\u00f1o como alumna, y al terminar, ese d\u00eda, me invit\u00f3 a comer helado en su casa. No dorm\u00ed por dos noches de lo feliz que estaba. Conocer Buenos Aires, a ella, todo hab\u00eda sido un sue\u00f1o cumplido.<\/p>\n<div class=\"jumbotron pt-4 mt-3\" readability=\"48.850348027842\">\n<h3 class=\"module-title\">&#8220;Daniel me propuso matrimonio en la oficina de migraciones&#8221;<\/h3>\n<p>Vivi suele decir que cuando llego a la Argentina sinti\u00f2 que en realidad &#8220;estaba volviendo&#8221;. Esa expresi\u00f3n&nbsp; (e impresi\u00f3n suya) parece hilvanarse con otros aspectos de su argentinidad adquirida. En esta misma tierra, adem\u00e1s de venir desde Italia a buscar a &#8220;su maestra&#8221; Mar\u00eda Fux, encontr\u00f3 el amor y form\u00f3 una familia que hoy se completa con dos gatos muy porte\u00f1os. Intrigados por este \u00faltimo asunto donde se involucra puntualmente a un argentino -que, hay que decirlo, a su vez tiene sangre calabresa y no en vano lo conocen como &#8220;el Tano&#8221;- le preguntamos por el tema, personal,&nbsp;<em>ma non troppo<\/em>, en la medida en que el romance tambi\u00e9n devino en algo art\u00edstico, y por eso, p\u00fablico.<\/p>\n<p><strong>T:Sabemos que aqu\u00ed te enamoraste de un argentino, formaste una pareja y hasta te casaste, aunque esto \u00faltimo fue m\u00e1s bien un asunto pr\u00e1ctico \u00bfc\u00f3mo ocurri\u00f3?<\/strong><\/p>\n<p><strong>V.M:<\/strong>&nbsp;Nos conocimos con Daniel en octubre de 2014 y al a\u00f1o siguiente empezamos a salir. Yo ten\u00eda algunas dificultades con los tr\u00e1mites para obtener la residencia que me permitiera trabajar en blanco. As\u00ed que a mediados de 2016 decidimos casarnos. Antiguamente se ped\u00eda la mano de la novia a los padres: Daniel me propuso matrimonio en la oficina de migraciones.<br \/>&nbsp;<br \/><strong>T: \u00bfTienen proyectos art\u00edsticos compartidos?<\/strong><\/p>\n<p><strong>V.M:<\/strong>&nbsp;Bueno, yo soy bailarina y Daniel es m\u00fasico y escritor, as\u00ed que nuestros trayectos art\u00edsticos tienen muchos puntos de contacto y adem\u00e1s se complementan. Yo participo bailando en algunos shows de los grupos que Daniel tiene y \u00e9l (que adem\u00e1s trabaja como pianista acompa\u00f1ante de grupos de danza) participa activamente de mis muestras.<\/p>\n<p>Tambi\u00e9n armamos con otros m\u00fasicos y otras bailarinas un grupo de investigaci\u00f3n y exploraci\u00f3n entre m\u00fasica y danza. Pero durante el a\u00f1o pasado, en pandemia pusimos en im\u00e1genes y video por streaming un proyecto personal exclusivo de nosotros dos, con <a href=\"https:\/\/www.telam.com.ar\/notas\/201504\/102740-la-pipetua-sigue-festejando-la-edad-del-pavo.html\" target=\"_blank\" rel=\"noopener\">la direcci\u00f3n de la core\u00f3grafa Teresa Duggan.<\/a><\/p>\n<p>El proyecto tiene su historia: yo le sol\u00eda decir a Daniel que nunca me regalaba flores, as\u00ed que una vez me dijo \u201cac\u00e1 ten\u00e9s tu regalo\u201d. No eran flores, sino que me hab\u00eda escrito una serie de cuentos en los que me regalaba flores.&nbsp;<a href=\"https:\/\/www.youtube.com\/playlist?list=PLbZA0dVCjocAQV-nESc4vXvYNL5Mw9R7t\" target=\"_blank\" rel=\"noopener\">\u201cFlores para Vivi\u201d fue el t\u00edtulo de ese libro de cuentos&nbsp;<\/a>a los que Daniel les sum\u00f3 una canci\u00f3n interpretada en el piano para cada relato. Durante la pandemia se nos ocurri\u00f3 coreografiar cada cuento-canci\u00f3n y lo hicimos en forma casera, pero nos gust\u00f3 tanto que pedimos la asistencia de Teresa y terminamos realizando un trabajo hermoso que se puede ver en YouTube.<\/p>\n<\/div>\n<p><strong>T: \u00bfCu\u00e1ntas alumnas ten\u00e9s?<\/strong><\/p>\n<p><strong>V.M.:<\/strong> En este momento tengo m\u00e1s de 100 pero justo ahora es noviembre y siempre hay un poco de baja en la matr\u00edcula con el cierre de a\u00f1o. He llegado a tener cerca de 150. Doy tres cursos de danzaterapia por semana, 8 de danza cl\u00e1sica, dos de danzateatro para mujeres de entre treinta y ochenta a\u00f1os. Ahora uno de los cursos de la escuela lo est\u00e1 dando Malena, mi asistenta.<\/p>\n<p>Mi idea es que la escuela se expanda y que m\u00e1s personas puedan disfrutar de la danza en otra etapa de la vida. La escuela naci\u00f3 con un solo curso, en el Teatro Coliseo, en octubre de 2014.&nbsp; Ya en el 2015, ten\u00eda un curso por mes con m\u00fasica en vivo a cargo de Daniel Donamaria, mi pareja. En 2016 empec\u00e9 a hacer clases semanales, una de danza cl\u00e1sica y una de danzaterapia.<\/p>\n<figure class=\"mb-3\"><img loading=\"lazy\" src=\"http:\/\/cordobadirecto.com\/wp-content\/uploads\/2021\/12\/bailar-para-vivir-3.jpg\" width=\"100%\" height=\"100%\" alt=\"En clase Foto gentileza de Viviana Mercurio\"><figcaption> En clase. Foto: gentileza de Viviana Mercurio. <\/figcaption><\/figure>\n<p><\/p>\n<blockquote class><p> \u201cDoy tres cursos de danzaterapia por semana, 8 de danza cl\u00e1sica, dos de danzateatro para mujeres de entre treinta y ochenta a\u00f1os\u201d <cite class=\"author\">Viviana Mercurio<\/cite><\/p><\/blockquote>\n<p>En 2017 dupliqu\u00e9 la cantidad de trabajo, y en 2018 empec\u00e9 con el volumen que tengo hoy d\u00eda, m\u00e1s o menos. Hasta que vino la pandemia, ah\u00ed cerr\u00f3 el teatro y empezamos con las clases por zoom sin cerrar la escuela ni un solo d\u00eda. Eso fue un sost\u00e9n muy grande para todas. Cuando se pudo volver a la presencialidad, el Teatro no abri\u00f3 su sala de ensayos y as\u00ed empec\u00e9 a dar clases en el estudio de Ana Valeria Guerra, aqu\u00ed en Palermo, donde las dicto ahora. &nbsp;<br \/>&nbsp;<br \/><strong>T: \u00bfC\u00f3mo pasaron esos d\u00edas? \u00bfHubo muchas bajas? \u00bfVolvieron todas las alumnas?<\/strong><\/p>\n<p><strong>V.M.:<\/strong> Atraves\u00e9 la pandemia danzando mucho con todas mis alumnas por zoom, tuve gran cantidad de cursos y nos sostuvimos mucho; fue un cable a tierra para todas. A veces d\u00edas de angustias, pero tambi\u00e9n de transformaciones y proyectos compartidos. Con muchas nos queremos m\u00e1s desde la pandemia, sabemos que es algo que nos cambi\u00f3 y que las clases fueron muy importantes para ellas y para m\u00ed. Algunas siguieron por zoom, pero esta semana nos reencontrarnos, finalmente, despu\u00e9s de dos a\u00f1os, en los ensayos para la muestra de fin de a\u00f1o.<br \/>&nbsp;<br \/><strong>T: Acerca de eso te iba a preguntar, porque sabemos que la escuela tiene una instancia expositiva tambi\u00e9n, con espect\u00e1culos abiertos al p\u00fablico\u2026<\/strong><\/p>\n<p><strong>V.M.: <\/strong>Todos los a\u00f1os hacemos una muestra anual de cierre<strong>.<\/strong> Hicimos una en el Teatro Actors Estudio, dos en el Teatro Empire y el a\u00f1o pasado una por streaming. Para ese caso <strong>preparamos una pel\u00edcula que presentamos por zoom: con videos que cada alumna envi\u00f3 desde su casa danzando su coreo individual o grupal. Era hermoso ver c\u00f3mo convert\u00edan un ambiente de su casa en un set de filmaci\u00f3n. Las 25 coreos que forman parte de la pel\u00edcula est\u00e1n unidas con la tem\u00e1tica \u201cTan cerca a la distancia\u201d. <\/strong>Cada a\u00f1o tenemos una tem\u00e1tica diferente. Hay alumnas que en la pandemia nunca se conectaron por zoom y ahora volvieron despu\u00e9s de dos a\u00f1os, otras que empezaron en febrero y estuvieron sin clases en estos meses a causa de la segunda ola, pero que volvieron a la presencialidad en septiembre. Muchas vuelven, se van y vuelven otra vez.<\/p>\n<figure class=\"mb-3\"><img loading=\"lazy\" src=\"http:\/\/cordobadirecto.com\/wp-content\/uploads\/2021\/12\/bailar-para-vivir-4.jpg\" width=\"100%\" height=\"100%\" alt=\"Muestra anual de la escuela en el teatro Foto gentileza de Viviana Mercurio\"><figcaption> Muestra anual de la escuela en el teatro. Foto: gentileza de Viviana Mercurio. <\/figcaption><\/figure>\n<p><strong>T: \u00bfQu\u00e9 disfrut\u00e1s m\u00e1s de todo esto que generaste con tus alumnas?<\/strong><\/p>\n<p><strong>V.M.:<\/strong> Amo la comunidad que se cre\u00f3 en la escuela, las cosas que compartimos, en las clases, eventos, fiestas, cumplea\u00f1os, espect\u00e1culos, muestras, grabaciones. Amo verles las sonrisas cuando bailan, los rostros iluminados, la expresi\u00f3n de sentirse bailarinas, porque, de hecho, cuando bailan, eso es lo que son. Tengo muchas an\u00e9cdotas, escritos, canciones, gestos de amor y de apoyo, comentarios por las redes sociales. Me gusta verlas compartir entre ellas, ayudarse, prestarse trajes para los espect\u00e1culos, acompa\u00f1arse y sostenerse en cada situaci\u00f3n.<\/p>\n<figure class=\"mb-3\"><img loading=\"lazy\" src=\"http:\/\/cordobadirecto.com\/wp-content\/uploads\/2021\/12\/bailar-para-vivir-5.jpg\" width=\"100%\" height=\"100%\" alt=\"Otra muestra anual de danza teatro Foto gentileza de Viviana Mercurio\"><figcaption> Otra muestra anual de danza teatro. Foto: gentileza de Viviana Mercurio. <\/figcaption><\/figure>\n<p>&nbsp;<\/p>\n<blockquote class><p>\u201cEste a\u00f1o vamos a preparar una nueva pel\u00edcula que se presentar\u00e1 online y se llamar\u00e1 Reencuentro. El viernes 10 de diciembre rodamos en Tecn\u00f3polis y la edici\u00f3n final se presentar\u00e1 entre Navidad y A\u00f1o nuevo<cite class=\"author\">Viviana Mercurio<\/cite><\/p><\/blockquote>\n<p>Siento que ellas son felices con todo esto y que ya son parte de mi vida y de la danza del mismo modo en que yo y la danza somos parte de la suya. Es un v\u00ednculo muy fuerte el de haber cumplido algunos sue\u00f1os, sobre todo en esta etapa de sus vidas, en proyectos que son est\u00edmulos para sentirse vivas, en l\u00edmites que se transforman en posibilidades.<br \/>&nbsp;<br \/>&nbsp;<br \/><strong>T: \u00bfTienen entonces una muestra tambi\u00e9n para este fin de a\u00f1o? <\/strong><\/p>\n<p><strong>V.M: <\/strong>S\u00ed, este a\u00f1o vamos a preparar una nueva pel\u00edcula que se presentar\u00e1 online y se llamar\u00e1 Reencuentro. El viernes 10 de diciembre tenemos jornada de rodaje en Tecn\u00f3polis y la edici\u00f3n final se presentar\u00e1 el martes 28 de diciembre a las 20.30hs por YouTube. El estreno oficial de la pel\u00edcula ser\u00e1 en febrero en un&nbsp; teatro. Entonces, compartiremos el film con nuestro p\u00fablico. El lugar donde proyectarla est\u00e1 todav\u00eda a definir. Toda la informaci\u00f3n para verla, o para contactar con la escuela, est\u00e1 disponible en mi website:&nbsp;&nbsp;<a href=\"http:\/\/www.escuelavivianamercurio.com\/\">www.escuelavivianamercurio.com<\/a>.<\/p>\n","protected":false},"excerpt":{"rendered":"<p>Viviana Mercurio: Danza sin edad ni fronteras VER VIDEO El tiempo y el espacio pierden su densidad objetiva cuando alguien baila; se ponen en juego variables nuevas incluso para el intruso que no baila. Esa impresi\u00f3n dan las clases de danzaterapia que dicta Viviana Mercurio, italiana de nacimiento y residente hace 8 a\u00f1os (de los [&hellip;]<\/p>\n","protected":false},"author":1,"featured_media":31617,"comment_status":"closed","ping_status":"closed","sticky":false,"template":"","format":"standard","meta":[],"categories":[20],"tags":[],"_links":{"self":[{"href":"http:\/\/cordobadirecto.com\/index.php\/wp-json\/wp\/v2\/posts\/31616"}],"collection":[{"href":"http:\/\/cordobadirecto.com\/index.php\/wp-json\/wp\/v2\/posts"}],"about":[{"href":"http:\/\/cordobadirecto.com\/index.php\/wp-json\/wp\/v2\/types\/post"}],"author":[{"embeddable":true,"href":"http:\/\/cordobadirecto.com\/index.php\/wp-json\/wp\/v2\/users\/1"}],"replies":[{"embeddable":true,"href":"http:\/\/cordobadirecto.com\/index.php\/wp-json\/wp\/v2\/comments?post=31616"}],"version-history":[{"count":0,"href":"http:\/\/cordobadirecto.com\/index.php\/wp-json\/wp\/v2\/posts\/31616\/revisions"}],"wp:featuredmedia":[{"embeddable":true,"href":"http:\/\/cordobadirecto.com\/index.php\/wp-json\/wp\/v2\/media\/31617"}],"wp:attachment":[{"href":"http:\/\/cordobadirecto.com\/index.php\/wp-json\/wp\/v2\/media?parent=31616"}],"wp:term":[{"taxonomy":"category","embeddable":true,"href":"http:\/\/cordobadirecto.com\/index.php\/wp-json\/wp\/v2\/categories?post=31616"},{"taxonomy":"post_tag","embeddable":true,"href":"http:\/\/cordobadirecto.com\/index.php\/wp-json\/wp\/v2\/tags?post=31616"}],"curies":[{"name":"wp","href":"https:\/\/api.w.org\/{rel}","templated":true}]}}