{"id":3164,"date":"2021-03-16T17:54:48","date_gmt":"2021-03-16T17:54:48","guid":{"rendered":"http:\/\/cordobadirecto.com\/index.php\/2021\/03\/16\/renuncio-el-director-del-teatro-de-berlin-acusado-de-conducta-sexual-inapropiada\/"},"modified":"2021-03-16T17:54:48","modified_gmt":"2021-03-16T17:54:48","slug":"renuncio-el-director-del-teatro-de-berlin-acusado-de-conducta-sexual-inapropiada","status":"publish","type":"post","link":"http:\/\/cordobadirecto.com\/index.php\/2021\/03\/16\/renuncio-el-director-del-teatro-de-berlin-acusado-de-conducta-sexual-inapropiada\/","title":{"rendered":"Renunci\u00f3 el director del teatro de Berl\u00edn acusado de &#8220;conducta sexual inapropiada&#8221;"},"content":{"rendered":"<div class=\"image\" id=\"image\" readability=\"7\"> <img src=\"http:\/\/cordobadirecto.com\/wp-content\/uploads\/2021\/03\/renuncio-el-director-del-teatro-de-berlin-acusado-de-conducta-sexual-inapropiada.jpg\" alt=\"D\u00f6rr hab\u00eda asumido la direcci\u00f3n del teatro hace tres a\u00f1os\" title=\"D\u00f6rr hab\u00eda asumido la direcci\u00f3n del teatro hace tres a\u00f1os\"><\/p>\n<p>D\u00f6rr hab\u00eda asumido la direcci\u00f3n del teatro hace tres a\u00f1os<\/p>\n<\/div>\n<p>El director del famoso teatro de Berl\u00edn Volksb\u00fchne, Klaus D\u00f6rr, comunic\u00f3 su dimisi\u00f3n tras haber sido acusado por varias mujeres de conducta sexual inapropiada.<\/p>\n<p>El teatro explic\u00f3 en un comunicado que <strong>D\u00f6rr acord\u00f3 dejar el cargo con el responsable de Cultura del Gobierno regional de Berl\u00edn, Klaus Lederer,<\/strong> inform\u00f3 la agencia de noticias DPA.<\/p>\n<p>All\u00ed, el teatro cita a D\u00f6rr diciendo que <strong>el director asume toda la responsabilidad por las acusaciones emitidas contra \u00e9l y que lamenta profundamente si hiri\u00f3 a empleadas con su &#8220;comportamiento, con palabras o miradas&#8221;.<\/strong><\/p>\n<p>El peri\u00f3dico berlin\u00e9s &#8220;Taz&#8221; hab\u00eda informado el fin de semana sobre las acusaciones de varias mujeres. Ayer se supo de una petici\u00f3n firmada por dramaturgas, directoras, actrices y organizaciones de Alemania que reclamaban la destituci\u00f3n de D\u00f6rr ante el Departamento de Cultura del Senado de Berl\u00edn.<\/p>\n<p><strong>&#8220;Creemos a las mujeres afectadas y no cuestionamos sus declaraciones&#8221;<\/strong>, se\u00f1alaba el documento.<\/p>\n<p>D\u00f6rr hab\u00eda asumido la direcci\u00f3n del teatro hace tres a\u00f1os y estaba previsto que el director Ren\u00e9 Pollesch lo sustituyera dentro de unos meses. <\/p>\n","protected":false},"excerpt":{"rendered":"<p>D\u00f6rr hab\u00eda asumido la direcci\u00f3n del teatro hace tres a\u00f1os El director del famoso teatro de Berl\u00edn Volksb\u00fchne, Klaus D\u00f6rr, comunic\u00f3 su dimisi\u00f3n tras haber sido acusado por varias mujeres de conducta sexual inapropiada. El teatro explic\u00f3 en un comunicado que D\u00f6rr acord\u00f3 dejar el cargo con el responsable de Cultura del Gobierno regional de [&hellip;]<\/p>\n","protected":false},"author":1,"featured_media":3165,"comment_status":"closed","ping_status":"closed","sticky":false,"template":"","format":"standard","meta":[],"categories":[20],"tags":[],"_links":{"self":[{"href":"http:\/\/cordobadirecto.com\/index.php\/wp-json\/wp\/v2\/posts\/3164"}],"collection":[{"href":"http:\/\/cordobadirecto.com\/index.php\/wp-json\/wp\/v2\/posts"}],"about":[{"href":"http:\/\/cordobadirecto.com\/index.php\/wp-json\/wp\/v2\/types\/post"}],"author":[{"embeddable":true,"href":"http:\/\/cordobadirecto.com\/index.php\/wp-json\/wp\/v2\/users\/1"}],"replies":[{"embeddable":true,"href":"http:\/\/cordobadirecto.com\/index.php\/wp-json\/wp\/v2\/comments?post=3164"}],"version-history":[{"count":0,"href":"http:\/\/cordobadirecto.com\/index.php\/wp-json\/wp\/v2\/posts\/3164\/revisions"}],"wp:featuredmedia":[{"embeddable":true,"href":"http:\/\/cordobadirecto.com\/index.php\/wp-json\/wp\/v2\/media\/3165"}],"wp:attachment":[{"href":"http:\/\/cordobadirecto.com\/index.php\/wp-json\/wp\/v2\/media?parent=3164"}],"wp:term":[{"taxonomy":"category","embeddable":true,"href":"http:\/\/cordobadirecto.com\/index.php\/wp-json\/wp\/v2\/categories?post=3164"},{"taxonomy":"post_tag","embeddable":true,"href":"http:\/\/cordobadirecto.com\/index.php\/wp-json\/wp\/v2\/tags?post=3164"}],"curies":[{"name":"wp","href":"https:\/\/api.w.org\/{rel}","templated":true}]}}