{"id":31680,"date":"2021-12-04T06:29:54","date_gmt":"2021-12-04T06:29:54","guid":{"rendered":"https:\/\/www.bbc.com\/mundo\/noticias-internacional-59505122"},"modified":"2021-12-04T06:29:54","modified_gmt":"2021-12-04T06:29:54","slug":"como-magdalena-andersson-se-convirtio-en-primera-ministra-de-suecia-dos-veces-en-una-semana","status":"publish","type":"post","link":"http:\/\/cordobadirecto.com\/index.php\/2021\/12\/04\/como-magdalena-andersson-se-convirtio-en-primera-ministra-de-suecia-dos-veces-en-una-semana\/","title":{"rendered":"C\u00f3mo Magdalena Andersson se convirti\u00f3 en primera ministra de Suecia\u2026 dos veces en una semana"},"content":{"rendered":"<div dir=\"ltr\" class=\"e1j2237y5 bbc-q4ibpr e57qer20\">\n<div class=\"bbc-1atl7vu e1c9i7u14\">\n<ul role=\"list\" class=\"bbc-k0l9bd e1c9i7u12\">\n<li role=\"listitem\" class=\"bbc-1a3w4ok e1c9i7u11\">Maddy Savage<\/li>\n<li role=\"listitem\" class=\"bbc-1p92jtu e1c9i7u10\">BBC News, Estocolmo<\/li>\n<\/ul>\n<\/div>\n<\/div>\n<p><time datetime=\"2021-12-04\" class=\"bbc-14xtggo e4zesg50\">2 horas<\/time><\/p>\n<div dir=\"ltr\" class=\"bbc-1ka88fa e57qer20\">\n<figure class=\"bbc-1qdcvv9 e6bmn90\">\n<div dir=\"ltr\" class=\"bbc-172p16q e57qer20\">\n<div dir=\"ltr\" class=\"bbc-189y18v e57qer20\" readability=\"6.5\">\n<div data-e2e=\"image-placeholder\" class=\"bbc-997y1y e1whu0\" readability=\"8\"><img loading=\"lazy\" srcset=\"http:\/\/cordobadirecto.com\/wp-content\/uploads\/2021\/12\/como-magdalena-andersson-se-convirtio-en-primera-ministra-de-suecia-dos-veces-en-una-semana-5.jpg 240w, http:\/\/cordobadirecto.com\/wp-content\/uploads\/2021\/12\/como-magdalena-andersson-se-convirtio-en-primera-ministra-de-suecia-dos-veces-en-una-semana-6.jpg 320w, http:\/\/cordobadirecto.com\/wp-content\/uploads\/2021\/12\/como-magdalena-andersson-se-convirtio-en-primera-ministra-de-suecia-dos-veces-en-una-semana-7.jpg 480w, http:\/\/cordobadirecto.com\/wp-content\/uploads\/2021\/12\/como-magdalena-andersson-se-convirtio-en-primera-ministra-de-suecia-dos-veces-en-una-semana-8.jpg 624w, http:\/\/cordobadirecto.com\/wp-content\/uploads\/2021\/12\/como-magdalena-andersson-se-convirtio-en-primera-ministra-de-suecia-dos-veces-en-una-semana-9.jpg 800w\" alt=\"Magdalena Andersson is applauded by MPs\" src=\"http:\/\/cordobadirecto.com\/wp-content\/uploads\/2021\/12\/como-magdalena-andersson-se-convirtio-en-primera-ministra-de-suecia-dos-veces-en-una-semana.jpg\" sizes=\"(min-width: 1008px) 645px, 100vw\" width=\"976\" height=\"549\" class=\"eehpdyc0 bbc-100dhyn e1enwo3v0\"><\/p>\n<p role=\"text\" class=\"bbc-1s1cxbv etq3yw90\"><span class=\"bbc-1gnhmg2 e1yt7oin0\">Fuente de la imagen, <\/span><span lang=\"en-GB\">Reuters<\/span><\/p>\n<\/div>\n<\/div>\n<div dir=\"ltr\" class=\"bbc-3edg7g e57qer20\" readability=\"6.5\"><figcaption dir=\"ltr\" class=\"bbc-1t9zlwf eede9f50\" readability=\"3\"><span class=\"bbc-1gnhmg2 e1yt7oin0\">Pie de foto, <\/span><\/p>\n<p>Una ovaci\u00f3n de pie salud\u00f3 el voto que le dio a Magdalena Andersson el rol de primera ministra&#8230; de nuevo.<\/p>\n<\/figcaption><\/div>\n<\/div>\n<\/figure>\n<\/div>\n<div dir=\"ltr\" class=\"bbc-19j92fr e57qer20\" readability=\"9\">\n<p dir=\"ltr\" class=\"bbc-bm53ic e1cc2ql70\"><b>El ascenso al poder de Magdalena Andersson ha sido nada menos que una telenovela pol\u00edtica, y es posible que el final de temporada a\u00fan est\u00e9 por llegar.<\/b><\/p>\n<\/div>\n<div dir=\"ltr\" class=\"bbc-19j92fr e57qer20\" readability=\"11\">\n<p dir=\"ltr\" class=\"bbc-bm53ic e1cc2ql70\">En tan solo una semana, el Parlamento sueco la eligi\u00f3 como <b>la primera mujer que llegaba a ser primera ministra del pa\u00eds<\/b>, la vio dimitir siete horas despu\u00e9s en medio de la agitaci\u00f3n pol\u00edtica y le indic\u00f3 que volviera al puesto despu\u00e9s de una segunda votaci\u00f3n.<\/p>\n<\/div>\n<div dir=\"ltr\" class=\"bbc-19j92fr e57qer20\" readability=\"8\">\n<p dir=\"ltr\" class=\"bbc-bm53ic e1cc2ql70\">Por qu\u00e9 se desarroll\u00f3 todo y qu\u00e9 podr\u00eda suceder a continuaci\u00f3n ha puesto de relieve las complejidades que plantea una coalici\u00f3n de ocho partidos en una naci\u00f3n dividida.<\/p>\n<\/div>\n<p><h2 id=\"Por-qu\u00e9-necesitaba-Suecia-una-nueva-jefa-de-gobierno\" tabindex=\"-1\" class=\"bbc-l3e97o e14hemmw0\">\u00bfPor qu\u00e9 necesitaba Suecia una nueva jefa de gobierno?<\/h2>\n<\/p>\n<div dir=\"ltr\" class=\"bbc-19j92fr e57qer20\" readability=\"10\">\n<p dir=\"ltr\" class=\"bbc-bm53ic e1cc2ql70\">Todo empez\u00f3 con la <b>jubilaci\u00f3n de Stefan Lofven<\/b>, quien hab\u00eda estado al frente de un gobierno de coalici\u00f3n socialdem\u00f3crata-verde desde 2014. La primera votaci\u00f3n para elegir a su sucesora o sucesor fue el mi\u00e9rcoles pasado. <\/p>\n<\/div>\n<div dir=\"ltr\" class=\"bbc-19j92fr e57qer20\" readability=\"8\">\n<p dir=\"ltr\" class=\"bbc-bm53ic e1cc2ql70\">Magdalena Andersson ya lo hab\u00eda reemplazado como <b>l\u00edder del Partido Socialdem\u00f3crata Sueco<\/b> en su conferencia a principios de noviembre. <\/p>\n<\/div>\n<div dir=\"ltr\" class=\"bbc-19j92fr e57qer20\" readability=\"7\">\n<p dir=\"ltr\" class=\"bbc-bm53ic e1cc2ql70\">Pero <b>para sustituirlo al frente del gobierno necesitaba la aprobaci\u00f3n del Parlamento<\/b>. <\/p>\n<\/div>\n<div dir=\"ltr\" class=\"bbc-19j92fr e57qer20\" readability=\"11\">\n<p dir=\"ltr\" class=\"bbc-bm53ic e1cc2ql70\">Con la luz verde de este, se convirti\u00f3 en la primera mujer primera ministra de Suecia, un evento hist\u00f3rico que sucedi\u00f3 exactamente 100 a\u00f1os despu\u00e9s de que las mujeres obtuvieran el derecho al voto en el pa\u00eds.<\/p>\n<\/div>\n<p><h2 id=\"Qu\u00e9-pas\u00f3-en-esa-primera-votaci\u00f3n\" tabindex=\"-1\" class=\"bbc-l3e97o e14hemmw0\">\u00bfQu\u00e9 pas\u00f3 en esa primera votaci\u00f3n?<\/h2>\n<\/p>\n<div dir=\"ltr\" class=\"bbc-19j92fr e57qer20\" readability=\"10\">\n<p dir=\"ltr\" class=\"bbc-bm53ic e1cc2ql70\">Bajo el sistema pol\u00edtico de Suecia, Andersson no necesitaba el voto favorable de la mayor\u00eda de diputados, sino evitar la mayor\u00eda votara en contra.<\/p>\n<\/div>\n<div dir=\"ltr\" class=\"bbc-19j92fr e57qer20\" readability=\"9\">\n<p dir=\"ltr\" class=\"bbc-bm53ic e1cc2ql70\">Sin embargo, en un <b>Parlamento tan fragmentado<\/b>, estaba visto que ser\u00eda una decisi\u00f3n dif\u00edcil. <\/p>\n<\/div>\n<div dir=\"ltr\" class=\"bbc-19j92fr e57qer20\" readability=\"8\">\n<p dir=\"ltr\" class=\"bbc-bm53ic e1cc2ql70\">La coalici\u00f3n de gobierno liderada por los socialdem\u00f3cratas es d\u00e9bil y depende del apoyo de otras formaciones.<\/p>\n<\/div>\n<div dir=\"ltr\" class=\"bbc-1ka88fa e57qer20\">\n<figure class=\"bbc-1qdcvv9 e6bmn90\">\n<div dir=\"ltr\" class=\"bbc-172p16q e57qer20\">\n<div dir=\"ltr\" class=\"bbc-189y18v e57qer20\" readability=\"6.5\">\n<div data-e2e=\"image-placeholder\" class=\"bbc-997y1y e1whu0\" readability=\"8\"><noscript><img loading=\"lazy\" srcset=\"http:\/\/cordobadirecto.com\/wp-content\/uploads\/2021\/12\/como-magdalena-andersson-se-convirtio-en-primera-ministra-de-suecia-dos-veces-en-una-semana-10.jpg 240w, http:\/\/cordobadirecto.com\/wp-content\/uploads\/2021\/12\/como-magdalena-andersson-se-convirtio-en-primera-ministra-de-suecia-dos-veces-en-una-semana-11.jpg 320w, http:\/\/cordobadirecto.com\/wp-content\/uploads\/2021\/12\/como-magdalena-andersson-se-convirtio-en-primera-ministra-de-suecia-dos-veces-en-una-semana-12.jpg 480w, http:\/\/cordobadirecto.com\/wp-content\/uploads\/2021\/12\/como-magdalena-andersson-se-convirtio-en-primera-ministra-de-suecia-dos-veces-en-una-semana-13.jpg 624w, http:\/\/cordobadirecto.com\/wp-content\/uploads\/2021\/12\/como-magdalena-andersson-se-convirtio-en-primera-ministra-de-suecia-dos-veces-en-una-semana-14.jpg 800w\" alt=\"Magdalena Andersson del partido socialdem\u00f3crata es elegida primera ministra en el Parlamento sueco el 24 de noviembre de 2021\" src=\"http:\/\/cordobadirecto.com\/wp-content\/uploads\/2021\/12\/como-magdalena-andersson-se-convirtio-en-primera-ministra-de-suecia-dos-veces-en-una-semana-1.jpg\" sizes=\"(min-width: 1008px) 645px, 100vw\" width=\"976\" height=\"549\" class=\"eehpdyc0 bbc-100dhyn e1enwo3v0\"><\/noscript><\/p>\n<p role=\"text\" class=\"bbc-1s1cxbv etq3yw90\"><span class=\"bbc-1gnhmg2 e1yt7oin0\">Fuente de la imagen, <\/span><span lang=\"en-GB\">Getty Images<\/span><\/p>\n<\/div>\n<\/div>\n<div dir=\"ltr\" class=\"bbc-3edg7g e57qer20\" readability=\"6\"><figcaption dir=\"ltr\" class=\"bbc-1t9zlwf eede9f50\" readability=\"2\"><span class=\"bbc-1gnhmg2 e1yt7oin0\">Pie de foto, <\/span><\/p>\n<p>La ovaci\u00f3n del pasado mi\u00e9rcoles para Magdalena Andersson.<\/p>\n<\/figcaption><\/div>\n<\/div>\n<\/figure>\n<\/div>\n<div dir=\"ltr\" class=\"bbc-19j92fr e57qer20\" readability=\"10\">\n<p dir=\"ltr\" class=\"bbc-bm53ic e1cc2ql70\">La votaci\u00f3n tuvo lugar tras <b>11 horas de negociaci\u00f3n con el Partido de la Izquierda y conversaciones anteriores con el Partido del Centro<\/b>, una formaci\u00f3n de centroderecha. <b>Ambos acordaron abstenerse<\/b> y Suecia se convirti\u00f3 as\u00ed en el \u00faltimo pa\u00eds n\u00f3rdico en elegir una mujer como primera ministra. <\/p>\n<\/div>\n<div dir=\"ltr\" class=\"bbc-19j92fr e57qer20\" readability=\"13\">\n<p dir=\"ltr\" class=\"bbc-bm53ic e1cc2ql70\">Pero eso no comprometi\u00f3 al Parlamento a apoyarla en una votaci\u00f3n presupuestaria crucial esa misma tarde. En cambio, <b>el Partido del Centro ayud\u00f3 a aprobar una propuesta alternativa de tres partidos de derecha<\/b>, incluidos los Dem\u00f3cratas de Suecia, una formaci\u00f3n con un fuerte discurso antiinmigrante.<\/p>\n<\/div>\n<div dir=\"ltr\" class=\"bbc-19j92fr e57qer20\" readability=\"10\">\n<p dir=\"ltr\" class=\"bbc-bm53ic e1cc2ql70\">Ante ello, <b>el Partido Verde renunci\u00f3 al gobierno de coalici\u00f3n<\/b>, argumentando que no quer\u00eda participar en un presupuesto negociado por los nacionalistas.<\/p>\n<\/div>\n<div dir=\"ltr\" class=\"bbc-19j92fr e57qer20\" readability=\"10\">\n<p dir=\"ltr\" class=\"bbc-bm53ic e1cc2ql70\">Al mismo tiempo, <b>Andersson pidi\u00f3 renunciar<\/b> como primera ministra, alegando que no quer\u00eda dirigir un gobierno &#8220;cuya legitimidad ser\u00e1 cuestionada&#8221;.<\/p>\n<\/div>\n<div class=\"bbc-sffzb7 e8v25yx0\" readability=\"7\">\n<p><h2 id=\"Qui\u00e9n-dirige-Suecia\" tabindex=\"-1\" class=\"bbc-l3e97o e14hemmw0\">&#8220;\u00bfQui\u00e9n dirige Suecia?&#8221;<\/h2>\n<\/p>\n<\/div>\n<div dir=\"ltr\" class=\"bbc-19j92fr e57qer20\" readability=\"8\">\n<p dir=\"ltr\" class=\"bbc-bm53ic e1cc2ql70\">La pregunta clave en boca de muchos suecos vino de un corresponsal extranjero que trabaja para la emisora \u200b\u200bp\u00fablica finlandesa YLE.<\/p>\n<\/div>\n<div dir=\"ltr\" class=\"bbc-19j92fr e57qer20\" readability=\"10\">\n<p dir=\"ltr\" class=\"bbc-bm53ic e1cc2ql70\">&#8220;Disculpe &#8230;\u00bfqui\u00e9n lidera Suecia en este momento?&#8221;, pronunci\u00f3 Lucas Dahlstrom, provocando la risa de otros periodistas y un clip que se volvi\u00f3 viral.<\/p>\n<\/div>\n<div dir=\"ltr\" class=\"bbc-1ka88fa e57qer20\">\n<figure class=\"bbc-1qdcvv9 e6bmn90\">\n<div dir=\"ltr\" class=\"bbc-172p16q e57qer20\">\n<div dir=\"ltr\" class=\"bbc-189y18v e57qer20\" readability=\"6.5\">\n<div data-e2e=\"image-placeholder\" class=\"bbc-997y1y e1whu0\" readability=\"8\"><noscript><img loading=\"lazy\" srcset=\"http:\/\/cordobadirecto.com\/wp-content\/uploads\/2021\/12\/como-magdalena-andersson-se-convirtio-en-primera-ministra-de-suecia-dos-veces-en-una-semana-15.jpg 240w, http:\/\/cordobadirecto.com\/wp-content\/uploads\/2021\/12\/como-magdalena-andersson-se-convirtio-en-primera-ministra-de-suecia-dos-veces-en-una-semana-16.jpg 320w, http:\/\/cordobadirecto.com\/wp-content\/uploads\/2021\/12\/como-magdalena-andersson-se-convirtio-en-primera-ministra-de-suecia-dos-veces-en-una-semana-17.jpg 480w, http:\/\/cordobadirecto.com\/wp-content\/uploads\/2021\/12\/como-magdalena-andersson-se-convirtio-en-primera-ministra-de-suecia-dos-veces-en-una-semana-18.jpg 624w, http:\/\/cordobadirecto.com\/wp-content\/uploads\/2021\/12\/como-magdalena-andersson-se-convirtio-en-primera-ministra-de-suecia-dos-veces-en-una-semana-19.jpg 800w\" alt=\"Magdalena Andersson del partido socialdem\u00f3crata es elegida primera ministra en el Parlamento sueco el 24 de noviembre de 2021\" src=\"http:\/\/cordobadirecto.com\/wp-content\/uploads\/2021\/12\/como-magdalena-andersson-se-convirtio-en-primera-ministra-de-suecia-dos-veces-en-una-semana-2.jpg\" sizes=\"(min-width: 1008px) 645px, 100vw\" width=\"976\" height=\"549\" class=\"eehpdyc0 bbc-100dhyn e1enwo3v0\"><\/noscript><\/p>\n<p role=\"text\" class=\"bbc-1s1cxbv etq3yw90\"><span class=\"bbc-1gnhmg2 e1yt7oin0\">Fuente de la imagen, <\/span><span lang=\"en-GB\">Getty Images<\/span><\/p>\n<\/div>\n<\/div>\n<div dir=\"ltr\" class=\"bbc-3edg7g e57qer20\" readability=\"6.5\"><figcaption dir=\"ltr\" class=\"bbc-1t9zlwf eede9f50\" readability=\"3\"><span class=\"bbc-1gnhmg2 e1yt7oin0\">Pie de foto, <\/span><\/p>\n<p>El periodista Lucas Dahlstrom tuvo la \u00faltima palabra cuando le pregunt\u00f3 a Andersson qu\u00e9 hab\u00eda pasado.<\/p>\n<\/figcaption><\/div>\n<\/div>\n<\/figure>\n<\/div>\n<div dir=\"ltr\" class=\"bbc-19j92fr e57qer20\" readability=\"9\">\n<p dir=\"ltr\" class=\"bbc-bm53ic e1cc2ql70\">Andersson explic\u00f3 que t\u00e9cnicamente no hab\u00eda comenzado su trabajo, por lo que la respuesta fue un gobierno interino dirigido por Stefan Lofven.<\/p>\n<\/div>\n<p><h2 id=\"Es-este-tipo-de-caos-inusual\" tabindex=\"-1\" class=\"bbc-l3e97o e14hemmw0\">\u00bfEs este tipo de caos inusual?<\/h2>\n<\/p>\n<div dir=\"ltr\" class=\"bbc-19j92fr e57qer20\" readability=\"7\">\n<p dir=\"ltr\" class=\"bbc-bm53ic e1cc2ql70\">S\u00ed. Tanto es as\u00ed que los comentaristas lo apodaron &#8220;supermi\u00e9rcoles&#8221;. <\/p>\n<\/div>\n<div dir=\"ltr\" class=\"bbc-19j92fr e57qer20\" readability=\"8\">\n<p dir=\"ltr\" class=\"bbc-bm53ic e1cc2ql70\">Con la renuncia de Andersson concluy\u00f3 el d\u00eda &#8220;m\u00e1s dram\u00e1tico&#8221; en la historia pol\u00edtica de Suecia.<\/p>\n<\/div>\n<div dir=\"ltr\" class=\"bbc-19j92fr e57qer20\" readability=\"9\">\n<p dir=\"ltr\" class=\"bbc-bm53ic e1cc2ql70\">Suecia tiene una <b>larga historia de estabilidad parlamentaria y pol\u00edticas de coalici\u00f3n cooperativa<\/b><b>s<\/b>, con los socialdem\u00f3cratas dominando durante la mayor parte del siglo pasado.<\/p>\n<\/div>\n<div dir=\"ltr\" class=\"bbc-19j92fr e57qer20\" readability=\"11\">\n<p dir=\"ltr\" class=\"bbc-bm53ic e1cc2ql70\">&#8220;En los pa\u00edses escandinavos son muy comunes los gobiernos minoritarios&#8221;, explica Drude Dahlerup, profesor de Ciencias Pol\u00edticas en la Universidad de Estocolmo. &#8220;Pero <b>el ambiente<\/b><b> en el <\/b><b>P<\/b><b>arlamento sueco en este momento<\/b><b>es muy hostil <\/b>y ning\u00fan partido est\u00e1 realmente dispuesto a ceder&#8221;.<\/p>\n<\/div>\n<div dir=\"ltr\" class=\"bbc-19j92fr e57qer20\" readability=\"8\">\n<p dir=\"ltr\" class=\"bbc-bm53ic e1cc2ql70\">El drama fren\u00f3 cualquier celebraci\u00f3n del hecho de que Suecia finalmente se hab\u00eda puesto al d\u00eda con sus vecinos n\u00f3rdicos en la elecci\u00f3n de su primera l\u00edder femenina.<\/p>\n<\/div>\n<div dir=\"ltr\" class=\"bbc-19j92fr e57qer20\" readability=\"9\">\n<p dir=\"ltr\" class=\"bbc-bm53ic e1cc2ql70\">&#8220;Se supon\u00eda que iba a ser un muy buen d\u00eda para Suecia&#8221;, a\u00f1ade el profesor Dahlerup. &#8220;Pero fue ca\u00f3tico e imprevisible&#8221;.<\/p>\n<\/div>\n<div dir=\"ltr\" class=\"bbc-19j92fr e57qer20\" readability=\"7\">\n<p dir=\"ltr\" class=\"bbc-bm53ic e1cc2ql70\"><b>\u00bfC\u00f3mo recuper\u00f3 <\/b><b>el cargo<\/b><b>?<\/b><\/p>\n<\/div>\n<div dir=\"ltr\" class=\"bbc-19j92fr e57qer20\" readability=\"9\">\n<p dir=\"ltr\" class=\"bbc-bm53ic e1cc2ql70\">Para el lunes, el presidente del Parlamento les hab\u00eda dado a los diputados otra oportunidad de aprobar o rechazar a Magdalena Andersson como jefa de un gobierno de partido \u00fanico.<\/p>\n<\/div>\n<div dir=\"ltr\" class=\"bbc-19j92fr e57qer20\" readability=\"9\">\n<p dir=\"ltr\" class=\"bbc-bm53ic e1cc2ql70\">Como ninguno de ellos hab\u00eda cambiado de posici\u00f3n y ninguno de los partidos de la oposici\u00f3n ten\u00eda suficiente apoyo para proponer un gobierno alternativo, volvi\u00f3 a ser elegida.<\/p>\n<\/div>\n<div dir=\"ltr\" class=\"bbc-19j92fr e57qer20\" readability=\"7\">\n<p dir=\"ltr\" class=\"bbc-bm53ic e1cc2ql70\">As\u00ed que ahora su Partido Socialdem\u00f3crata Sueco gobernar\u00e1 solo por primera vez en 15 a\u00f1os.<\/p>\n<\/div>\n<div dir=\"ltr\" class=\"bbc-1ka88fa e57qer20\">\n<figure class=\"bbc-1qdcvv9 e6bmn90\">\n<div dir=\"ltr\" class=\"bbc-172p16q e57qer20\">\n<div dir=\"ltr\" class=\"bbc-189y18v e57qer20\" readability=\"6.5\">\n<div data-e2e=\"image-placeholder\" class=\"bbc-997y1y e1whu0\" readability=\"8\"><noscript><img loading=\"lazy\" srcset=\"http:\/\/cordobadirecto.com\/wp-content\/uploads\/2021\/12\/como-magdalena-andersson-se-convirtio-en-primera-ministra-de-suecia-dos-veces-en-una-semana-20.jpg 240w, http:\/\/cordobadirecto.com\/wp-content\/uploads\/2021\/12\/como-magdalena-andersson-se-convirtio-en-primera-ministra-de-suecia-dos-veces-en-una-semana-21.jpg 320w, http:\/\/cordobadirecto.com\/wp-content\/uploads\/2021\/12\/como-magdalena-andersson-se-convirtio-en-primera-ministra-de-suecia-dos-veces-en-una-semana-22.jpg 480w, http:\/\/cordobadirecto.com\/wp-content\/uploads\/2021\/12\/como-magdalena-andersson-se-convirtio-en-primera-ministra-de-suecia-dos-veces-en-una-semana-23.jpg 624w, http:\/\/cordobadirecto.com\/wp-content\/uploads\/2021\/12\/como-magdalena-andersson-se-convirtio-en-primera-ministra-de-suecia-dos-veces-en-una-semana-24.jpg 800w\" alt=\"La primera ministra Magdalena Andersson present\u00f3 a su equipo de nuevos ministros durante una conferencia de prensa luego de la declaraci\u00f3n ante el gobierno en el parlamento sueco el 30 de noviembre del 2021\" src=\"http:\/\/cordobadirecto.com\/wp-content\/uploads\/2021\/12\/como-magdalena-andersson-se-convirtio-en-primera-ministra-de-suecia-dos-veces-en-una-semana-3.jpg\" sizes=\"(min-width: 1008px) 645px, 100vw\" width=\"976\" height=\"549\" class=\"eehpdyc0 bbc-100dhyn e1enwo3v0\"><\/noscript><\/p>\n<p role=\"text\" class=\"bbc-1s1cxbv etq3yw90\"><span class=\"bbc-1gnhmg2 e1yt7oin0\">Fuente de la imagen, <\/span><span lang=\"en-GB\">TT\/Reuters<\/span><\/p>\n<\/div>\n<\/div>\n<div dir=\"ltr\" class=\"bbc-3edg7g e57qer20\" readability=\"6\"><figcaption dir=\"ltr\" class=\"bbc-1t9zlwf eede9f50\" readability=\"2\"><span class=\"bbc-1gnhmg2 e1yt7oin0\">Pie de foto, <\/span><\/p>\n<p>Magdalena Andersson present\u00f3 su equipo de ministros este martes<\/p>\n<\/figcaption><\/div>\n<\/div>\n<\/figure>\n<\/div>\n<div dir=\"ltr\" class=\"bbc-19j92fr e57qer20\" readability=\"11\">\n<p dir=\"ltr\" class=\"bbc-bm53ic e1cc2ql70\">Andersson ha prometido impulsar el gasto social y limitar la privatizaci\u00f3n de escuelas, atenci\u00f3n m\u00e9dica y hogares de ancianos, reducir las emisiones de gases de efecto invernadero y combatir la delincuencia y la segregaci\u00f3n en Suecia.<\/p>\n<\/div>\n<p><h2 id=\"Qu\u00e9-sabemos-de-ella\" tabindex=\"-1\" class=\"bbc-l3e97o e14hemmw0\">\u00bfQu\u00e9 sabemos de ella?<\/h2>\n<\/p>\n<div dir=\"ltr\" class=\"bbc-19j92fr e57qer20\" readability=\"8\">\n<p dir=\"ltr\" class=\"bbc-bm53ic e1cc2ql70\">Tiene 54 a\u00f1os y una amplia carrera en pol\u00edtica. Es <b>conocida por<\/b><b> hablar de frente y ser una negociadora<\/b><b> dura<\/b>. Fue ministra de Finanzas durante el gobierno de Stefan Lofven desde 2014. <\/p>\n<\/div>\n<div dir=\"ltr\" class=\"bbc-19j92fr e57qer20\" readability=\"10\">\n<p dir=\"ltr\" class=\"bbc-bm53ic e1cc2ql70\">Antes de ser diputada, fue campeona juvenil de nataci\u00f3n, trabaj\u00f3 como asesora pol\u00edtica y ocup\u00f3 un cargo de alto nivel en la Agencia Tributaria de Suecia.<\/p>\n<\/div>\n<div dir=\"ltr\" class=\"bbc-19j92fr e57qer20\" readability=\"12\">\n<p dir=\"ltr\" class=\"bbc-bm53ic e1cc2ql70\"><b>Estudi\u00f3 en la Universidad de Harvard y en la Escuela de Econom\u00eda de Estocolmo<\/b>, donde conoci\u00f3 a su esposo, Richard Friberg, quien ahora trabaja como profesor all\u00ed. Tienen dos hijos y disfrutan de hacer caminatas y hacer barbacoas juntos.<\/p>\n<\/div>\n<div dir=\"ltr\" class=\"bbc-19j92fr e57qer20\">\n<p dir=\"ltr\" class=\"bbc-bm53ic e1cc2ql70\"><b>\u00bfY <\/b><b>qu\u00e9 pasar\u00e1 <\/b><b>ahora?<\/b><\/p>\n<\/div>\n<div dir=\"ltr\" class=\"bbc-19j92fr e57qer20\" readability=\"9\">\n<p dir=\"ltr\" class=\"bbc-bm53ic e1cc2ql70\">Andersson todav\u00eda estar\u00e1 obligada a seguir el presupuesto negociado por tres partidos de la oposici\u00f3n de derecha, incluidos los nacionalistas Dem\u00f3cratas de Suecia.<\/p>\n<\/div>\n<div dir=\"ltr\" class=\"bbc-19j92fr e57qer20\" readability=\"10\">\n<p dir=\"ltr\" class=\"bbc-bm53ic e1cc2ql70\">Como jefa de un gobierno minoritario de partido \u00fanico, que cuenta con 100 de los 349 diputados del Parlamento, tambi\u00e9n <b>le resultar\u00e1 dif\u00edcil impulsar cualquier pol\u00edtica futura<\/b>.<\/p>\n<\/div>\n<div dir=\"ltr\" class=\"bbc-19j92fr e57qer20\" readability=\"9\">\n<p dir=\"ltr\" class=\"bbc-bm53ic e1cc2ql70\">Tiene poco m\u00e1s de nueve meses para demostrar su val\u00eda, ya que las <b>elecciones est\u00e1n previstas para septiembre de 2022<\/b>. <\/p>\n<\/div>\n<div dir=\"ltr\" class=\"bbc-19j92fr e57qer20\" readability=\"9\">\n<p dir=\"ltr\" class=\"bbc-bm53ic e1cc2ql70\">Las encuestas sugieren que los votantes tienen m\u00e1s confianza en ella que en cualquier otro miembro de su formaci\u00f3n. Pero esa buena imagen hasta ahora no ha reportado apoyos adicionales al Partido Socialdem\u00f3crata Sueco.<\/p>\n<\/div>\n<div dir=\"ltr\" class=\"bbc-19j92fr e57qer20\" readability=\"7\">\n<p dir=\"ltr\" class=\"bbc-bm53ic e1cc2ql70\">Otra variable clave es lo que les pase a los nacionalistas.<\/p>\n<\/div>\n<div dir=\"ltr\" class=\"bbc-19j92fr e57qer20\" readability=\"10\">\n<p dir=\"ltr\" class=\"bbc-bm53ic e1cc2ql70\"><b>Hasta ahora, otros partidos de oposici\u00f3n de derecha se han negado a formar una coalici\u00f3n con los <\/b><b>D<\/b><b>em\u00f3cratas <\/b><b>de Suecia<\/b>, a pesar de que eso romper\u00eda el estancamiento pol\u00edtico actual.<\/p>\n<\/div>\n<div dir=\"ltr\" class=\"bbc-19j92fr e57qer20\" readability=\"10\">\n<p dir=\"ltr\" class=\"bbc-bm53ic e1cc2ql70\"><b>Pero dos de ellos, <\/b><b>el conservador Partido Moderado <\/b><b>y los <\/b><b>D<\/b><b>em\u00f3cratas <\/b><b>Cr<\/b><b>istianos, parecen estar cada vez m\u00e1s abiertos a negociar con ellos<\/b>.<\/p>\n<\/div>\n<div dir=\"ltr\" class=\"bbc-19j92fr e57qer20\" readability=\"8\">\n<p dir=\"ltr\" class=\"bbc-bm53ic e1cc2ql70\">&#8220;No puedo adivinar qui\u00e9n va a ganar las pr\u00f3ximas elecciones&#8221;, dice el profesor Dahlerup.<\/p>\n<\/div>\n<div dir=\"ltr\" class=\"bbc-1ka88fa e57qer20\">\n<figure class=\"bbc-1qdcvv9 e6bmn90\">\n<div dir=\"ltr\" class=\"bbc-172p16q e57qer20\">\n<div dir=\"ltr\" class=\"bbc-189y18v e57qer20\">\n<div data-e2e=\"image-placeholder\" class=\"bbc-997y1y e1whu0\"><noscript><img loading=\"lazy\" srcset=\"http:\/\/cordobadirecto.com\/wp-content\/uploads\/2021\/12\/como-magdalena-andersson-se-convirtio-en-primera-ministra-de-suecia-dos-veces-en-una-semana-25.jpg 240w, http:\/\/cordobadirecto.com\/wp-content\/uploads\/2021\/12\/como-magdalena-andersson-se-convirtio-en-primera-ministra-de-suecia-dos-veces-en-una-semana-26.jpg 320w, http:\/\/cordobadirecto.com\/wp-content\/uploads\/2021\/12\/como-magdalena-andersson-se-convirtio-en-primera-ministra-de-suecia-dos-veces-en-una-semana-27.jpg 464w\" alt=\"L\u00ednea.\" src=\"http:\/\/cordobadirecto.com\/wp-content\/uploads\/2021\/12\/como-magdalena-andersson-se-convirtio-en-primera-ministra-de-suecia-dos-veces-en-una-semana-4.jpg\" sizes=\"(min-width: 1008px) 645px, 100vw\" width=\"464\" height=\"2\" class=\"eehpdyc0 bbc-100dhyn e1enwo3v0\"><\/noscript><\/div>\n<\/div>\n<\/div>\n<\/figure>\n<\/div>\n<div dir=\"ltr\" class=\"bbc-19j92fr e57qer20\" readability=\"8\">\n<p dir=\"ltr\" class=\"bbc-bm53ic e1cc2ql70\"><i class=\"bbc-h1y5j7 ewc4zcb0\">Ahora puedes recibir notificaciones de BBC News Mundo. Descarga nuestra app y act\u00edvalas para no perderte nuestro mejor contenido.<\/i><\/p>\n<\/div>\n","protected":false},"excerpt":{"rendered":"<p>Maddy Savage BBC News, Estocolmo 2 horas Fuente de la imagen, Reuters Pie de foto, Una ovaci\u00f3n de pie salud\u00f3 el voto que le dio a Magdalena Andersson el rol de primera ministra&#8230; de nuevo. El ascenso al poder de Magdalena Andersson ha sido nada menos que una telenovela pol\u00edtica, y es posible que el [&hellip;]<\/p>\n","protected":false},"author":1,"featured_media":31681,"comment_status":"closed","ping_status":"closed","sticky":false,"template":"","format":"standard","meta":[],"categories":[24],"tags":[],"_links":{"self":[{"href":"http:\/\/cordobadirecto.com\/index.php\/wp-json\/wp\/v2\/posts\/31680"}],"collection":[{"href":"http:\/\/cordobadirecto.com\/index.php\/wp-json\/wp\/v2\/posts"}],"about":[{"href":"http:\/\/cordobadirecto.com\/index.php\/wp-json\/wp\/v2\/types\/post"}],"author":[{"embeddable":true,"href":"http:\/\/cordobadirecto.com\/index.php\/wp-json\/wp\/v2\/users\/1"}],"replies":[{"embeddable":true,"href":"http:\/\/cordobadirecto.com\/index.php\/wp-json\/wp\/v2\/comments?post=31680"}],"version-history":[{"count":0,"href":"http:\/\/cordobadirecto.com\/index.php\/wp-json\/wp\/v2\/posts\/31680\/revisions"}],"wp:featuredmedia":[{"embeddable":true,"href":"http:\/\/cordobadirecto.com\/index.php\/wp-json\/wp\/v2\/media\/31681"}],"wp:attachment":[{"href":"http:\/\/cordobadirecto.com\/index.php\/wp-json\/wp\/v2\/media?parent=31680"}],"wp:term":[{"taxonomy":"category","embeddable":true,"href":"http:\/\/cordobadirecto.com\/index.php\/wp-json\/wp\/v2\/categories?post=31680"},{"taxonomy":"post_tag","embeddable":true,"href":"http:\/\/cordobadirecto.com\/index.php\/wp-json\/wp\/v2\/tags?post=31680"}],"curies":[{"name":"wp","href":"https:\/\/api.w.org\/{rel}","templated":true}]}}