{"id":31693,"date":"2021-12-04T18:53:00","date_gmt":"2021-12-04T18:53:00","guid":{"rendered":"http:\/\/cordobadirecto.com\/index.php\/2021\/12\/04\/la-variante-omicron-lleva-a-endurecer-restricciones-y-amenaza-la-recuperacion-economica\/"},"modified":"2021-12-04T18:53:00","modified_gmt":"2021-12-04T18:53:00","slug":"la-variante-omicron-lleva-a-endurecer-restricciones-y-amenaza-la-recuperacion-economica","status":"publish","type":"post","link":"http:\/\/cordobadirecto.com\/index.php\/2021\/12\/04\/la-variante-omicron-lleva-a-endurecer-restricciones-y-amenaza-la-recuperacion-economica\/","title":{"rendered":"La variante \u00d3micron lleva a endurecer restricciones y amenaza la recuperaci\u00f3n econ\u00f3mica"},"content":{"rendered":"<figure class=\"mb-3\"><img loading=\"lazy\" src=\"http:\/\/cordobadirecto.com\/wp-content\/uploads\/2021\/12\/la-variante-omicron-lleva-a-endurecer-restricciones-y-amenaza-la-recuperacion-economica.jpg\" width=\"100%\" height=\"100%\" alt=\"Ms all de la alarma sanitaria existe el temor de que la expansin de micron amenace la recuperacin econmica Foto AFP\"><figcaption> M\u00e1s all\u00e1 de la alarma sanitaria, existe el temor de que la expansi\u00f3n de \u00d3micron amenace la recuperaci\u00f3n econ\u00f3mica. Foto: AFP <\/figcaption><\/figure>\n<p>L\u00edmite a la cantidad de personas reunidas, suspensi\u00f3n de eventos p\u00fablicos, extensi\u00f3n del uso de tapabocas, restablecimiento de los pasaportes Covid y la vacunaci\u00f3n obligatoria son algunas de las medidas tomadas por distintos pa\u00edses ante la aparici\u00f3n de la variante \u00d3micron que enciende las alarmas sanitarias y amenaza la recuperaci\u00f3n econ\u00f3mica.<\/p>\n<p>M\u00e1s de una semana despu\u00e9s de que Sud\u00e1frica anunciara su detecci\u00f3n, la nueva mutaci\u00f3n ya fue registrada en 38 pa\u00edses y llev\u00f3 a que numerosos gobiernos endurecieran restricciones sanitarias y ordenaran el cierre de fronteras con la regi\u00f3n Sur de \u00c1frica.<\/p>\n<p>En todo el Espacio Econ\u00f3mico Europeo (UE m\u00e1s Noruega, Islandia y Liechtenstein) se detectaron 167 casos de \u00d3micron, seg\u00fan inform\u00f3 este s\u00e1bado el Centro Europeo para la Prevenci\u00f3n y el Control de las Enfermedades (ECDC).<\/p>\n<p>Portugal con 38 contagiados, Noruega con 19 y Pa\u00edses Bajos y Dinamarca, ambos con 18, encabezan la lista de pa\u00edses m\u00e1s afectados, con cifras muy bajas si se comparan con la incidencia de la variante Delta que actualmente provoca cerca del 90% de los positivos en el planeta.<\/p>\n<figure class=\"mb-3\"><img loading=\"lazy\" src=\"http:\/\/cordobadirecto.com\/wp-content\/uploads\/2021\/12\/la-variante-omicron-lleva-a-endurecer-restricciones-y-amenaza-la-recuperacion-economica-1.jpg\" width=\"100%\" height=\"100%\" alt=\"Foto AFP\"><figcaption> Foto: AFP <\/figcaption><\/figure>\n<p><\/p>\n<h2 class>Nuevas restricciones<\/h2>\n<p>Sin embargo, ante las <a href=\"https:\/\/www.telam.com.ar\/notas\/202112\/576883-coronavirus-omicron-variante-preocupacion-especialistas.html\" target=\"_blank\" rel=\"noopener\">inc\u00f3gnitas sobre la peligrosidad y transmisibilidad de la nueva cepa<\/a> y el estancamiento de las tasas de vacunaci\u00f3n, varios gobiernos europeos lanzaron una bater\u00eda de medidas sanitarias.<\/p>\n<p><span class=\"badge badge-primary\">Europa<\/span><br \/><strong>Alemania<\/strong>, que este s\u00e1bado report\u00f3 64.510 casos en las \u00faltimas 24 horas, anunci\u00f3 esta semana que ampliar\u00e1 a nivel nacional el confinamiento para las personas no inmunizados en lugares p\u00fablicos, limit\u00f3 el aforo a 15.000 en los estadios de f\u00fatbol y pondr\u00e1 a debate del Parlamento un proyecto para imponer la vacunaci\u00f3n anticovid obligatoria.<\/p>\n<p>&#8220;Cada vacuna cuenta&#8221; destac\u00f3 la canciller Angela Merkel y alert\u00f3 que &#8220;la nueva variante \u00d3micron parece ser todav\u00eda m\u00e1s contagiosa que las anteriores&#8221;, en lo que fue su \u00faltimo tradicional mensaje de los s\u00e1bados antes de entregar la semana que viene el mando a su sucesor, Olaf Scholz.<\/p>\n<div class=\"video_repositive\"><a class=\"video_sticky\" href=\"javascript:void();\" onclick=\"removeStuckVideo(true);\"><i class=\"far fa-window-close\"><\/i><\/a><\/p>\n<div id=\"AmN928he0xw\" class=\"video_telam\" readability=\"6.5\">\n<div class=\"feature_article_inner\" readability=\"33\">\n<p><h2 class=\"text-center\">En su \u00faltimo mensaje semanal, Merkel inst\u00f3 a frenar la Covid-19: &#8220;Cada vacuna cuenta&#8221;<\/h2>\n<\/p>\n<\/div>\n<p>VER VIDEO <i class=\"fas fa-play\"><\/i><\/p>\n<\/div>\n<\/div>\n<p>El \u00faltimo en sumarse fue <strong>Irlanda<\/strong>, que a partir del 7 de diciembre y hasta el 9 de enero cerrar\u00e1 las discotecas, impondr\u00e1 restricciones de aforo y de horario en bares, restaurantes, gimnasios y cines, en los que adem\u00e1s ser\u00e1 necesario presentar un certificado Covid para poder acceder y usar mascarillas.<\/p>\n<p><strong>Rep\u00fablica Checa <\/strong>anunci\u00f3 que prepara un decreto para hacer obligatoria la inoculaci\u00f3n contra el coronavirus a determinados grupos de la poblaci\u00f3n, como m\u00e9dicos o polic\u00edas, mientras que <strong>B\u00e9lgica <\/strong>adelant\u00f3 una semana las vacaciones de Navidad para los jardines de infantes y escuelas primarias y extendi\u00f3 el uso obligatorio del barbijo en transporte p\u00fablico para ni\u00f1os a partir de los seis a\u00f1os de edad.<\/p>\n<p><span class=\"badge badge-primary\">Am\u00e9rica Latina<\/span><br \/>En<strong><\/strong>Am\u00e9rica Latina tambi\u00e9n se est\u00e1n tomando medidas preventivas por \u00d3micron: <strong>R\u00edo de Janeiro<\/strong> cancel\u00f3 su fiesta oficial de fin de a\u00f1o, a la que cada a\u00f1o acuden millones de turistas de todo el mundo, tras detectarse los primeros casos de esta variante en Brasil.<\/p>\n<p>El alcalde Eduardo Paes explic\u00f3 en sus redes sociales que el comit\u00e9 de cient\u00edficos del Ayuntamiento era favorable a los festejos pero el del Estado de R\u00edo no, y decidi\u00f3 aceptar la recomendaci\u00f3n &#8220;m\u00e1s restrictiva&#8221; porque su Gobierno &#8220;respeta la ciencia&#8221;.<\/p>\n<p>Con este anuncio, R\u00edo se convierte en la capital n\u00famero 21 de las 27 que tiene Brasil en cancelar las celebraciones de fin de a\u00f1o para evitar contagios masivos de coronavirus, en un pa\u00eds donde 21,2 millones de personas se infectaron del virus y 615.000 han muerto.<\/p>\n<p>En Brasil, uno de los dos pa\u00edses de la regi\u00f3n junto a M\u00e9xico que confirmaron pacientes con la cepa \u00d3micron, se detectaron al menos seis casos, el \u00faltimo en el estado de Rio Grande do Sul, fronterizo con la Argentina y Uruguay.<\/p>\n<p><span class=\"badge badge-primary\">Asia<\/span><br \/>En<strong> Corea del Sur<\/strong>, donde tambi\u00e9n se informaron seis infecciones con la nueva variante, entre el 6 de diciembre y el 2 de enero se limitar\u00e1 a seis el n\u00famero de personas en reuniones privadas en Se\u00fal y a ocho en el resto del pa\u00eds como forma de evitar aglomeraciones masivas en las fiestas de Navidad y A\u00f1o Nuevo.<\/p>\n<p>El pa\u00eds asi\u00e1tico report\u00f3 este s\u00e1bado 5.352 contagios de Covid-19, un nuevo r\u00e9cord diario desde el inicio de la pandemia.<\/p>\n<blockquote class=\"twitter-tweet\" readability=\"5.6692913385827\">\n<p lang=\"en\" dir=\"ltr\">How should policymakers react as inflationary pressures intensify and <a href=\"https:\/\/twitter.com\/hashtag\/Omicron?src=hash&amp;ref_src=twsrc%5Etfw\">#Omicron<\/a> adds to uncertainties? <\/p>\n<p>Find out in the latest <a href=\"https:\/\/twitter.com\/hashtag\/IMFBlog?src=hash&amp;ref_src=twsrc%5Etfw\">#IMFBlog<\/a> by Tobias Adrian and <a href=\"https:\/\/twitter.com\/GitaGopinath?ref_src=twsrc%5Etfw\">@GitaGopinath<\/a>. <a href=\"https:\/\/t.co\/zI6SwqpXmK\">https:\/\/t.co\/zI6SwqpXmK<\/a><a href=\"https:\/\/t.co\/nJ6WBuIqoQ\">pic.twitter.com\/nJ6WBuIqoQ<\/a><\/p>\n<p>\u2014 IMF (@IMFNews) <a href=\"https:\/\/twitter.com\/IMFNews\/status\/1467149475558801408?ref_src=twsrc%5Etfw\">December 4, 2021<\/a><\/p><\/blockquote>\n<p>M\u00e1s all\u00e1 de la alarma sanitaria, existe el temor de que la expansi\u00f3n de \u00d3micron amenace la recuperaci\u00f3n econ\u00f3mica.<\/p>\n<p>La directora gerente del Fondo Monetario Internacional (FMI), Kristalina Georgieva, indic\u00f3 que la nueva variante puede desacelerar la recuperaci\u00f3n y forzar al organismo a revisar a la baja sus proyecciones econ\u00f3micas globales.<\/p>\n<p>&#8220;Una nueva variante que puede expandirse r\u00e1pidamente puede hacer mella en la confianza y en este sentido, probablemente veremos recortes sobre nuestras proyecciones de octubre sobre crecimiento global&#8221;, se\u00f1al\u00f3.<\/p>\n<p>En esa \u00faltima estimaci\u00f3n, el FMI ya hab\u00eda recortado su optimismo, estimando un crecimiento del PIB mundial del 5,9% en 2021 en vez del 6% anterior. Para 2022, esperan un progreso del 4,9%.<\/p>\n<div class=\"jumbotron pt-4 mt-3\" readability=\"68\">\n<h3 class=\"module-title\">La OMS elaborar\u00e1 un acuerdo legal para futuras pandemias<\/h3>\n<p>La Organizaci\u00f3n Mundial de la Salud (OMS) aprob\u00f3 esta semana una hoja de ruta para elaborar un instrumento legal internacional sobre futuras pandemias basado en pilares como la equidad, la solidaridad y el multilateralismo, pero persisten diferencias entre los pa\u00edses sobre los alcances de este marco jur\u00eddico y exigencias de la sociedad civil para que el debate se base &#8220;en los principios de Derechos Humanos&#8221;.<\/p>\n<p>La resoluci\u00f3n adoptada por unanimidad en la sesi\u00f3n extraordinaria de la Asamblea Mundial de la Salud surgi\u00f3 de un proyecto firmado por m\u00e1s de 100 pa\u00edses, entre ellos la Argentina, y prev\u00e9 la creaci\u00f3n de un &#8220;\u00f3rgano intergubernamental&#8221; para escribir y negociar &#8220;una convenci\u00f3n, un acuerdo u otro instrumento sobre la prevenci\u00f3n, la preparaci\u00f3n y la respuesta ante las pandemias&#8221;.<\/p>\n<p>Seg\u00fan la hoja de ruta trazada, se espera que este cuerpo elabore un informe provisional para mayo de 2023, seguido de unas conclusiones en mayo de 2024 que lleven a un debate y su adopci\u00f3n.<\/p>\n<p>La iniciativa parte del consenso sobre lo mal preparado que demostr\u00f3 estar el planeta para enfrentar situaciones como las que vive ahora con la Covid-19: desde el hecho de que no se pudo evitar que un peque\u00f1o brote focalizado se convirtiera en una pandemia hasta el acceso desigual a las vacunas que permiti\u00f3 la mutaci\u00f3n del virus como ocurri\u00f3 con la variante \u00d3micron.<\/p>\n<p><u><strong>DIFERENTES OPINIONES SOBRE EL ALCANCE DEL ACUERDO<\/strong><\/u><br \/>M\u00e1s all\u00e1 de ese acuerdo, existen diferencias sobre el alcance de este nuevo instrumento legal y las obligaciones que debe generar.<\/p>\n<p>&#8220;Sin duda que el camino todav\u00eda es largo&#8221;, reconoci\u00f3 el director general de la OMS, Tedros Adhanom Ghebreyesus. &#8220;Todav\u00eda hay divergencias de opiniones sobre lo que podr\u00eda y lo que deber\u00eda ser un nuevo acuerdo&#8221;, a\u00f1adi\u00f3.<\/p>\n<p>Estados Unidos se mostr\u00f3 reticente a que el acuerdo tome la forma de un tratado vinculante, por ejemplo.<\/p>\n<p>La Uni\u00f3n Europea (UE), que por el contrario est\u00e1 a favor de su car\u00e1cter vinculante, espera que el futuro instrumento internacional para las pandemias refuerce a la OMS a nivel financiero y en su capacidad de investigaci\u00f3n, pero existen dudas que incluya entre sus competencias el poder para mejorar el acceso a tratamientos m\u00e9dicos como las vacunas.<\/p>\n<p>Este es el reclamo de las organizaciones de la sociedad civil, que adem\u00e1s de exigir participar de la discusi\u00f3n, piden que la elaboraci\u00f3n del nuevo instrumento tenga en cuenta &#8220;los principios de Derechos Humanos&#8221;.<\/p>\n<p>&#8220;La salud es un derecho humano. Desde el uso de los poderes de emergencia y la equidad de las vacunas hasta la protecci\u00f3n de los grupos marginados y los derechos digitales, los derechos humanos y las implicaciones sociales de un nuevo instrumento legal vinculante sobre pandemias son potencialmente importantes y de gran alcance&#8221;, indicaron en un comunicado estas ONGs, entre ellas Amnist\u00eda Internacional (AI) y la Fundaci\u00f3n Hu\u00e9sped.<\/p>\n<\/div>\n","protected":false},"excerpt":{"rendered":"<p>M\u00e1s all\u00e1 de la alarma sanitaria, existe el temor de que la expansi\u00f3n de \u00d3micron amenace la recuperaci\u00f3n econ\u00f3mica. Foto: AFP L\u00edmite a la cantidad de personas reunidas, suspensi\u00f3n de eventos p\u00fablicos, extensi\u00f3n del uso de tapabocas, restablecimiento de los pasaportes Covid y la vacunaci\u00f3n obligatoria son algunas de las medidas tomadas por distintos pa\u00edses [&hellip;]<\/p>\n","protected":false},"author":1,"featured_media":31694,"comment_status":"closed","ping_status":"closed","sticky":false,"template":"","format":"standard","meta":[],"categories":[24],"tags":[],"_links":{"self":[{"href":"http:\/\/cordobadirecto.com\/index.php\/wp-json\/wp\/v2\/posts\/31693"}],"collection":[{"href":"http:\/\/cordobadirecto.com\/index.php\/wp-json\/wp\/v2\/posts"}],"about":[{"href":"http:\/\/cordobadirecto.com\/index.php\/wp-json\/wp\/v2\/types\/post"}],"author":[{"embeddable":true,"href":"http:\/\/cordobadirecto.com\/index.php\/wp-json\/wp\/v2\/users\/1"}],"replies":[{"embeddable":true,"href":"http:\/\/cordobadirecto.com\/index.php\/wp-json\/wp\/v2\/comments?post=31693"}],"version-history":[{"count":0,"href":"http:\/\/cordobadirecto.com\/index.php\/wp-json\/wp\/v2\/posts\/31693\/revisions"}],"wp:featuredmedia":[{"embeddable":true,"href":"http:\/\/cordobadirecto.com\/index.php\/wp-json\/wp\/v2\/media\/31694"}],"wp:attachment":[{"href":"http:\/\/cordobadirecto.com\/index.php\/wp-json\/wp\/v2\/media?parent=31693"}],"wp:term":[{"taxonomy":"category","embeddable":true,"href":"http:\/\/cordobadirecto.com\/index.php\/wp-json\/wp\/v2\/categories?post=31693"},{"taxonomy":"post_tag","embeddable":true,"href":"http:\/\/cordobadirecto.com\/index.php\/wp-json\/wp\/v2\/tags?post=31693"}],"curies":[{"name":"wp","href":"https:\/\/api.w.org\/{rel}","templated":true}]}}