{"id":31695,"date":"2021-12-04T18:36:00","date_gmt":"2021-12-04T18:36:00","guid":{"rendered":"http:\/\/cordobadirecto.com\/index.php\/2021\/12\/04\/el-papa-recibio-a-un-grupo-de-cascos-azules-argentinos-en-chipre\/"},"modified":"2021-12-04T18:36:00","modified_gmt":"2021-12-04T18:36:00","slug":"el-papa-recibio-a-un-grupo-de-cascos-azules-argentinos-en-chipre","status":"publish","type":"post","link":"http:\/\/cordobadirecto.com\/index.php\/2021\/12\/04\/el-papa-recibio-a-un-grupo-de-cascos-azules-argentinos-en-chipre\/","title":{"rendered":"El Papa recibi\u00f3 a un grupo de Cascos Azules argentinos en Chipre"},"content":{"rendered":"<figure class=\"mb-3\"><img loading=\"lazy\" src=\"http:\/\/cordobadirecto.com\/wp-content\/uploads\/2021\/12\/el-papa-recibio-a-un-grupo-de-cascos-azules-argentinos-en-chipre.jpg\" width=\"100%\" height=\"100%\" alt=\"Foto Min de Defensa\"><figcaption> Foto: Min. de Defensa <\/figcaption><\/figure>\n<p>El <strong>papa Francisco<\/strong> salud\u00f3 est\u00e1 s\u00e1bado a un grupo de los <strong>Cascos Azules argentinos presentes en Chipre<\/strong> como parte de la Misi\u00f3n de Mantenimiento de Paz de las <strong>Naciones Unidas<\/strong> en esa Rep\u00fablica europea, la Unficyp.<\/p>\n<p>Durante su visita de tres d\u00edas a Chipre, el Pont\u00edfice recibi\u00f3 a primera hora de este s\u00e1bado -poco antes de viajar a Grecia- en la Nunciatura Apost\u00f3lica de la capital chipriota Nicosia a un grupo de los <strong>268 hombres y mujeres que conforman la Fuerza de Tarea Argentina (FTA)<\/strong>, presente en el pa\u00eds desde 1993.<\/p>\n<p><strong>&#8220;Me gustar\u00eda expresar mi gratitud a todos por el recibimiento y el afecto que me han demostrado, as\u00ed como es reconfortante conocer comunidades de creyentes que viven el presente con esperanza y apertura hacia el futuro, que comparten esta gran visi\u00f3n con los m\u00e1s necesitados<\/strong>&#8220;, les dijo Jorge Bergoglio.<\/p>\n<p>La <strong>misi\u00f3n de paz de Naciones Unidas<\/strong> de la que forman parte los Cascos Azules se encuentra desplegada a lo largo de la denominada &#8220;l\u00ednea verde&#8221; que divide la Rep\u00fablica de Chipre, al Sur, y la Rep\u00fablica Turca del Norte de Chipre, establecida en 1974 tras la invasi\u00f3n de Turqu\u00eda a la isla m\u00e1s oriental de Europa.<\/p>\n<blockquote class=\"twitter-tweet\" readability=\"6.4231884057971\">\n<p lang=\"es\" dir=\"ltr\">Los <a href=\"https:\/\/twitter.com\/cascosazulesARG?ref_src=twsrc%5Etfw\">@cascosazulesARG<\/a> que cumplen Misiones de Paz en Chipre tuvieron un c\u00e1lido encuentro con el Papa Francisco, donde le transmitieron el compromiso de nuestro pa\u00eds y del <a href=\"https:\/\/twitter.com\/MindefArg?ref_src=twsrc%5Etfw\">@MindefArg<\/a> de colaborar en el mantenimiento de la Paz y con ayuda humanitaria para los refugiados. <a href=\"https:\/\/t.co\/ElVPguQRoR\">pic.twitter.com\/ElVPguQRoR<\/a><\/p>\n<p>\u2014 Jorge Taiana (@JorgeTaiana) <a href=\"https:\/\/twitter.com\/JorgeTaiana\/status\/1467158520856387585?ref_src=twsrc%5Etfw\">December 4, 2021<\/a><\/p><\/blockquote>\n<p>&#8220;Los @cascosazulesARG que cumplen Misiones de Paz en Chipre tuvieron un c\u00e1lido encuentro con el Papa Francisco, donde le transmitieron el compromiso de nuestro pa\u00eds y del @MindefArg de <strong>colaborar en el mantenimiento de la Paz y con ayuda humanitaria para los refugiados<\/strong>&#8220;, destac\u00f3 desde Twitter el ministro de Defensa, <strong>Jorge Taiana<\/strong>, al referirse a la reuni\u00f3n.<\/p>\n<p>Los Cascos Azules estuvieron acompa\u00f1ados por su capell\u00e1n, el sacerdote <strong>Mario C\u00e1ceres<\/strong>.<\/p>\n<p><strong>&#8220;\u00bfQu\u00e9 ser\u00eda de Chipre sin la presencia de su misi\u00f3n?&#8221;<\/strong>, les agradeci\u00f3 el Pont\u00edfice a los militares argentinos al despedirse. Un grupo de los Cascos Azules hab\u00eda participado ayer de la Misa del Papa en el Estadio GPS de Nicosia con una bandera argentina entre los 10.000 fieles presentes.<\/p>\n<p>Al encuentro de este sa\u00e1bado asistieron tambi\u00e9n la mayor general Ingrid Gjerde, comandante de la misi\u00f3n, y el jefe de la Fuerza de Tarea 58, teniente coronel Walter Alexander Parzsyk.<\/p>\n<p>Repartidos entre el Ej\u00e9rcito, Fuerza A\u00e9rea y Armada, los Cascos Azules son parte de una aporte argentino ininterrumpido desde 1993 a la Fuerza de las Naciones Unidas para el Mantenimiento de la Paz en Chipre.<\/p>\n<p><strong>El contingente argentino tiene dos bases en Chipre, llamadas San Mart\u00edn y Campo Roca<\/strong>, y una unidad a\u00e9rea de helic\u00f3pteros.<\/p>\n<figure class=\"mb-3\"><img loading=\"lazy\" src=\"http:\/\/cordobadirecto.com\/wp-content\/uploads\/2021\/12\/el-papa-recibio-a-un-grupo-de-cascos-azules-argentinos-en-chipre-1.jpg\" width=\"100%\" height=\"100%\" alt=\"Foto Min de Defensa\"><figcaption> Foto: Min. de Defensa <\/figcaption><\/figure>\n<p>La presencia de Cascos Azules argentinos en la isla, como su intervenci\u00f3n en otras Misiones de Paz, responde a &#8220;una verdadera <strong>pol\u00edtica de Estado encaminada a procurar un ordenamiento global basado en el multilateralismo<\/strong>, el respeto al Derecho Internacional y a la resoluci\u00f3n pol\u00edtica y diplom\u00e1tica de diversas formas de conflictos y violencia&#8221;, se\u00f1alaron este s\u00e1bado desde el Ministerio de Defensa a trav\u00e9s de un comunicado.<\/p>\n<p>En estos casi <strong>30 a\u00f1os<\/strong>, m\u00e1s de <strong>15.600 hombres y mujeres han compartido su labor junto a camaradas<\/strong> de pa\u00edses como Austria, Brasil, Canad\u00e1, Chile, China, Croacia, Hungr\u00eda, Paraguay, Serbia, Eslovaquia y Reino Unido.<\/p>\n<p>La denominada Rep\u00fablica Turca del Norte de Chipre ocupa en torno al 36% de la isla m\u00e1s oriental de Europa y fue establecida tras la invasi\u00f3n de Turqu\u00eda de 1974. Sin embargo, no ha logrado hasta el momento m\u00e1s reconocimiento internacional que el de Ankara, por lo que sus pobladores, conocidos como &#8220;turcochipriotas&#8221; solo pueden permanecer en ese territorio o cruzar al pa\u00eds de Medio Oriente.<\/p>\n<p>En 2004, la Rep\u00fablica de Chipre, al Sur de la &#8220;l\u00ednea verde&#8221;, pas\u00f3 a integrar la Uni\u00f3n Europea, lo que aument\u00f3 las diferencias en los niveles econ\u00f3micos de las dos naciones.<\/p>\n<p>As\u00ed, el refer\u00e9ndum celebrado en 2004 sobre una eventual reunificaci\u00f3n de la isla tuvo un rechazo del 75,83% de los grecochipriotas del Sur, mientras que del lado Norte solo se opuso el 35,1%.<\/p>\n<p>El di\u00e1logo entre los grecochipriotas y la parte turca de la isla est\u00e1 interrumpido desde 2017, m\u00e1s all\u00e1 de contactos informales que se hicieron en abril de este a\u00f1o en Ginebra, Suiza.<\/p>\n<p>El jueves, al hablar en Nicosia frente a las autoridades chipriotas, Francisco hab\u00eda reclamado &#8220;di\u00e1logo y reconciliaci\u00f3n&#8221; para el conflicto.<\/p>\n<figure class=\"mb-3\"><img loading=\"lazy\" src=\"http:\/\/cordobadirecto.com\/wp-content\/uploads\/2021\/12\/el-papa-recibio-a-un-grupo-de-cascos-azules-argentinos-en-chipre-2.jpg\" width=\"100%\" height=\"100%\" alt=\"Foto Min de Defensa\"><figcaption> Foto: Min. de Defensa <\/figcaption><\/figure>\n<p><strong>&#8220;La herida que m\u00e1s hace sufrir a esta tierra es la provocada por la terrible laceraci\u00f3n que ha padecido en los \u00faltimos decenios&#8221;<\/strong>, lament\u00f3 el Pont\u00edfice desde el Palacio Presidencial de Nicosia, en su segundo discurso en suelo chipriota.<\/p>\n<p>&#8220;Me refiero al sufrimiento interior de cuantos no pueden regresar a sus casas y lugares de culto&#8221;, agreg\u00f3 Francisco, en el primer d\u00eda de la gira de cinco d\u00edas por el Mediterr\u00e1neo por la que desde hoy y hasta el lunes tambi\u00e9n visita Grecia.<\/p>\n<p>Seg\u00fan denuncia Chipre, muchos lugares de culto cat\u00f3licos han sido convertidos en mezquitas desde la ocupaci\u00f3n de 1974.<\/p>\n<p>&#8220;Ruego por la paz de ustedes, por la paz de toda la isla, y la deseo con todas las fuerzas. El camino de la paz, que sana los conflictos y regenera la belleza de la fraternidad, est\u00e1 marcado por una palabra: di\u00e1logo&#8221;, pidi\u00f3 el Papa en esa direcci\u00f3n.<\/p>\n<p>&#8220;<strong>Tenemos que ayudarnos a creer en la fuerza paciente y humilde del di\u00e1logo<\/strong>, que podemos extraer de las Bienaventuranzas. Sabemos que no es un camino f\u00e1cil; es largo y tortuoso, pero no hay alternativas para llegar a la reconciliaci\u00f3n&#8221;, agreg\u00f3 el Papa.<\/p>\n<p>Para el Pont\u00edfice, en su tercer viaje internacional de 2021, se debe alimentar &#8220;la esperanza con el poder de los gestos en lugar de poner la esperanza en los gestos de poder&#8221;.<\/p>\n<p>En ese marco, Francisco reclam\u00f3 un &#8220;compromiso por entablar un debate sincero que ponga las exigencias de la poblaci\u00f3n en primer lugar, a una implicaci\u00f3n cada vez m\u00e1s activa de la Comunidad internacional, a la salvaguardia del patrimonio religioso y cultural, a la restituci\u00f3n de cuanto en este sentido es m\u00e1s querido por la gente, como los lugares o al menos los objetos sagrados&#8221;.<\/p>\n<p>&#8220;A este respecto, quisiera expresar mi aprecio y animarlos en relaci\u00f3n al Religious Track of the Cyprus Peace Project, promovido por la Embajada de Suecia, para <strong>cultivar el di\u00e1logo entre los l\u00edderes religiosos<\/strong>&#8220;, profundiz\u00f3 luego.<\/p>\n<p>Seg\u00fan reclama Chipre, el 36% de su territorio contin\u00faa ocupado de forma ilegal por Turqu\u00eda y unas 800 personas contin\u00faan desaparecidas a causa del conflicto.<\/p>\n<p>&#8220;En esta coyuntura, no dejemos prevalecer el odio, no renunciemos a curar las heridas, no olvidemos los casos de las personas desaparecidas&#8221;, pidi\u00f3 el Papa.<\/p>\n<p>Francisco ya hab\u00eda recibido a grupos de Cascos Azules en el Vaticano durante audiencias generales de 2016, en Plaza San Pedro, y de 2017, en el Aula Pablo VI. <\/p>\n","protected":false},"excerpt":{"rendered":"<p>Foto: Min. de Defensa El papa Francisco salud\u00f3 est\u00e1 s\u00e1bado a un grupo de los Cascos Azules argentinos presentes en Chipre como parte de la Misi\u00f3n de Mantenimiento de Paz de las Naciones Unidas en esa Rep\u00fablica europea, la Unficyp. Durante su visita de tres d\u00edas a Chipre, el Pont\u00edfice recibi\u00f3 a primera hora de [&hellip;]<\/p>\n","protected":false},"author":1,"featured_media":31696,"comment_status":"closed","ping_status":"closed","sticky":false,"template":"","format":"standard","meta":[],"categories":[24],"tags":[],"_links":{"self":[{"href":"http:\/\/cordobadirecto.com\/index.php\/wp-json\/wp\/v2\/posts\/31695"}],"collection":[{"href":"http:\/\/cordobadirecto.com\/index.php\/wp-json\/wp\/v2\/posts"}],"about":[{"href":"http:\/\/cordobadirecto.com\/index.php\/wp-json\/wp\/v2\/types\/post"}],"author":[{"embeddable":true,"href":"http:\/\/cordobadirecto.com\/index.php\/wp-json\/wp\/v2\/users\/1"}],"replies":[{"embeddable":true,"href":"http:\/\/cordobadirecto.com\/index.php\/wp-json\/wp\/v2\/comments?post=31695"}],"version-history":[{"count":0,"href":"http:\/\/cordobadirecto.com\/index.php\/wp-json\/wp\/v2\/posts\/31695\/revisions"}],"wp:featuredmedia":[{"embeddable":true,"href":"http:\/\/cordobadirecto.com\/index.php\/wp-json\/wp\/v2\/media\/31696"}],"wp:attachment":[{"href":"http:\/\/cordobadirecto.com\/index.php\/wp-json\/wp\/v2\/media?parent=31695"}],"wp:term":[{"taxonomy":"category","embeddable":true,"href":"http:\/\/cordobadirecto.com\/index.php\/wp-json\/wp\/v2\/categories?post=31695"},{"taxonomy":"post_tag","embeddable":true,"href":"http:\/\/cordobadirecto.com\/index.php\/wp-json\/wp\/v2\/tags?post=31695"}],"curies":[{"name":"wp","href":"https:\/\/api.w.org\/{rel}","templated":true}]}}