{"id":31700,"date":"2021-12-05T05:17:21","date_gmt":"2021-12-05T05:17:21","guid":{"rendered":"https:\/\/puntoapunto.com.ar\/?p=319657"},"modified":"2021-12-05T05:17:21","modified_gmt":"2021-12-05T05:17:21","slug":"renault-ratifico-su-proyecto-para-que-argentina-sea-una-nueva-plataforma-de-exportacion","status":"publish","type":"post","link":"http:\/\/cordobadirecto.com\/index.php\/2021\/12\/05\/renault-ratifico-su-proyecto-para-que-argentina-sea-una-nueva-plataforma-de-exportacion\/","title":{"rendered":"Renault ratific\u00f3 su proyecto para que Argentina sea una nueva plataforma de exportaci\u00f3n"},"content":{"rendered":"<p>En el marco de una serie de conferencias para cerrar el 2021, los directivos de Renault Argentina hicieron un balance de la performance comercial e industrial de la compa\u00f1\u00eda. <strong>Pablo Sibilla<\/strong>, presidente y Director General de <em><strong>Renault<\/strong><\/em>&nbsp;Argentina destac\u00f3, adem\u00e1s el <strong>proyecto estrat\u00e9gico que representa la planta cordobesa para el grupo<\/strong>, en l\u00ednea con lo que remarc\u00f3 Luca de Melo, el CEO global de Grupo Renault cuando visit\u00f3 C\u00f3rdoba la semana pasada.<\/p>\n<div class=\"g g-146\">\n<div class=\"g-single a-378\"><a class=\"gofollow\" data-track=\"Mzc4LDE0NiwxLDYw\" href=\"https:\/\/www.grupocanter.com.ar\/notas\/de-hito-en-hito-2021\/?utm_source=Punto%20a%20Punto&amp;utm_medium=Banner&amp;utm_campaign=Departamentos&amp;utm_term=Banner%20Newsletters\/\" target=\"_blank\" rel=\"noopener\"><img src=\"http:\/\/cordobadirecto.com\/wp-content\/uploads\/2021\/12\/renault-ratifico-su-proyecto-para-que-argentina-sea-una-nueva-plataforma-de-exportacion.gif\"><\/a><\/div>\n<\/div>\n<p><strong>Sibilla adelant\u00f3 los ejes con los que la compa\u00f1\u00eda buscar\u00e1 crecer en el mediano y largo plazo<\/strong>, subrayando la decisi\u00f3n estrat\u00e9gica de de pasar de volumen a valor, de<strong> sumar nuevas plataformas y modelos y de incorporar nuevos servicios de movilidad.<\/strong><\/p>\n<p>En esa l\u00ednea afirm\u00f3 que en el pa\u00eds, y hacia 2023, la empresa trabajar\u00e1 sobre dos columnas vertebrales: <strong>rentabilidad y satisfacci\u00f3n al cliente<\/strong> desplegando cuatro prioridades: potenciando las unidades de negocio actuales, hacer foco en la producci\u00f3n nacional, acelerando la transformaci\u00f3n digital y generando nuevos negocios. Entre 2023 y 2025 el foco estar\u00e1 en la<strong> generaci\u00f3n de un nuevo line-up<\/strong> y en la incorporaci\u00f3n de nuevas plataformas. Y luego, desde 2025 hacia adelante la propuesta se enfocar\u00e1 en nuevos servicios de <strong>movilidad y conectividad.<\/strong><\/p>\n<p>El ejecutivo tambi\u00e9n destac\u00f3 el desempe\u00f1o de la f\u00e1brica Santa Isabel, donde actualmente se &nbsp;abarcan <strong>seis modelos<\/strong>&nbsp;de la marca Renault siendo la terminal con la mayor diversidad de modelos fabricados a nivel nacional: <strong>Sandero, Stepway, Logan, Kangoo<\/strong> (en sus versiones furg\u00f3n y pasajero) y <strong>Alaskan<\/strong>. Sobre este \u00faltimo modelo, uno de los hitos de la compa\u00f1\u00eda por la renovaci\u00f3n e inversi\u00f3n que implic\u00f3 para el <strong>desarrollo de una nueva l\u00ednea que soporte la producci\u00f3n de pick-ups<\/strong> Sibila afirm\u00f3 que en un a\u00f1o se comercializaron<strong> 3.500 unidades<\/strong> y que es una modelo que est\u00e1 segundo en planes de ahorro.<\/p>\n<h4><strong>Nuevos modelos y nuevos mercados<\/strong><\/h4>\n<p>Sobre lo que viene, Sibilla tambi\u00e9n plante\u00f3 que la planta cordobesa ya se est\u00e1 preparando para ser protagonista en t\u00e9rminos de exportaci\u00f3n de productos: \u201cDentro de nuestro proceso de renovaci\u00f3n Argentina va a ser una nueva plataforma de exportaci\u00f3n con un ratio de dos tercios de la producci\u00f3n destinados a mercados externos y el resto enfocado en el mercado dom\u00e9stico. Estamos trabajando en eso, todav\u00eda sin poder develar mucho. Pero hablando de modelos que ya tenemos, uno que es referente como la<strong> Renault Kangoo ya est\u00e1 llegando a mercados como Colombia y M\u00e9xico<\/strong> y pr\u00f3ximamente comenzar\u00e1 a exportarse a otros mercados m\u00e1s all\u00e1 de nuestro continente\u201d.<\/p>\n<h4><strong>Un mercado con lunes amarillas<\/strong><\/h4>\n<p>Tras un a\u00f1o pand\u00e9mico que alter\u00f3 la programaci\u00f3n de planes de producci\u00f3n y comercializaci\u00f3n en 2021 el desaf\u00edo era recuperar la senda de la normalidad. Y eso se logr\u00f3 en parte. Los efectos de la pandemia a\u00fan siguen sinti\u00e9ndose y se manifestaron en algunos parates producto de la falta de insumos. Puntualmente la crisis en la producci\u00f3n de transistores que afect\u00f3 a la mayor\u00eda de los mercados del mundo. a eso se suman lo<strong>s problemas para la importaci\u00f3n de piezas, repuestos y bienes de capital<\/strong> que desde hace meses vienen denunciando algunas terminales, pero con mayor \u00e9nfasis las empresas que constituyen los anillos de proveedores, desde metal\u00fargicas y metalmec\u00e1nicas a autopartistas. Esa cuello de botella end\u00f3geno y generado por la respuesta del gobierno ante la escasez de divisas promete profundizarse en 2022 si no hay un cambio en la estrategia de la administraci\u00f3n nacional. \u201cVamos a un mercado donde <strong>la participaci\u00f3n de los importados va a caer cada vez m\u00e1s<\/strong>, el a\u00f1o que viene el faltante de productos, de unidades nuevas importadas se va a notar mucho.<strong> La mayor\u00eda de los autos que se van a vender van a ser nacionales y los pocos autos importados y los usados importados se van a encarecer<\/strong>\u201d, le coment\u00f3 a este medio un empresario con concesionarias en la ciudad.<\/p>\n<p>En tanto, las estad\u00edsticas de ADEFA, la asociaci\u00f3n que nuclea a los fabricantes de autos remarca que en lo que enero a octubre, <strong>el sector contabiliz\u00f3&nbsp; 348.414 unidades producidas<\/strong> (veh\u00edculos de pasajeros y utilitarios), lo que marc\u00f3 un <strong>aumento de 79,2 % en su comparaci\u00f3n con las 194.445 unidades<\/strong> que se produjeron en el mismo per\u00edodo de 2020. Adem\u00e1s, en diez meses de este 2021, <strong>el sector export\u00f3 207.159 veh\u00edculos<\/strong>, es decir, se registr\u00f3 un <strong>alza de 89,7 %<\/strong> en su comparaci\u00f3n con el mismo per\u00edodo del a\u00f1o pasado cuando<strong> se enviaron 109.188 unidades a diversos mercados.<\/strong><\/p>\n<p>Finalmente, en lo que respecta a ventas mayoristas, el informe de ADEFA arroj\u00f3 que en octubre el sector automotor en su conjunto comercializ\u00f3 a la red de concesionarios<strong> 25.291 unidades, un 1,6 % menos<\/strong> respecto de las entregas de septiembre y 24,1 % por debajo del volumen del mismo mes del a\u00f1o pasado. As\u00ed, el acumulado del a\u00f1o arroja que la venta mayorista (a concesionarios) fue de<strong> 273.855 unidades<\/strong>, es decir, <strong>un 13 % m\u00e1s respecto del mismo per\u00edodo de 2020 en el que se comercializaron 242.364 veh\u00edculos.<\/strong><\/p>\n<div class=\"g g-60\">\n<div class=\"g-dyn a-403 c-1\"><a class=\"gofollow\" data-track=\"NDAzLDYwLDEsNjA=\" href=\"https:\/\/puntoapunto.com.ar\/renault-ratifico-su-proyecto-para-que-argentina-sea-una-nueva-plataforma-de-exportacion\/www.epec.com.ar\"><img src=\"http:\/\/cordobadirecto.com\/wp-content\/uploads\/2021\/12\/renault-ratifico-su-proyecto-para-que-argentina-sea-una-nueva-plataforma-de-exportacion-1.gif\"><\/a><\/div>\n<div class=\"g-dyn a-405 c-2\"><a class=\"gofollow\" data-track=\"NDA1LDYwLDEsNjA=\" href=\"https:\/\/bit.ly\/RentasGrupodeAdultosMayores\"><img src=\"http:\/\/cordobadirecto.com\/wp-content\/uploads\/2021\/12\/renault-ratifico-su-proyecto-para-que-argentina-sea-una-nueva-plataforma-de-exportacion-2.gif\"><\/a><\/div>\n<\/div>\n","protected":false},"excerpt":{"rendered":"<p>En el marco de una serie de conferencias para cerrar el 2021, los directivos de Renault Argentina hicieron un balance de la performance comercial e industrial de la compa\u00f1\u00eda. Pablo Sibilla, presidente y Director General de Renault&nbsp;Argentina destac\u00f3, adem\u00e1s el proyecto estrat\u00e9gico que representa la planta cordobesa para el grupo, en l\u00ednea con lo que [&hellip;]<\/p>\n","protected":false},"author":1,"featured_media":31701,"comment_status":"closed","ping_status":"closed","sticky":false,"template":"","format":"standard","meta":[],"categories":[25],"tags":[],"_links":{"self":[{"href":"http:\/\/cordobadirecto.com\/index.php\/wp-json\/wp\/v2\/posts\/31700"}],"collection":[{"href":"http:\/\/cordobadirecto.com\/index.php\/wp-json\/wp\/v2\/posts"}],"about":[{"href":"http:\/\/cordobadirecto.com\/index.php\/wp-json\/wp\/v2\/types\/post"}],"author":[{"embeddable":true,"href":"http:\/\/cordobadirecto.com\/index.php\/wp-json\/wp\/v2\/users\/1"}],"replies":[{"embeddable":true,"href":"http:\/\/cordobadirecto.com\/index.php\/wp-json\/wp\/v2\/comments?post=31700"}],"version-history":[{"count":0,"href":"http:\/\/cordobadirecto.com\/index.php\/wp-json\/wp\/v2\/posts\/31700\/revisions"}],"wp:featuredmedia":[{"embeddable":true,"href":"http:\/\/cordobadirecto.com\/index.php\/wp-json\/wp\/v2\/media\/31701"}],"wp:attachment":[{"href":"http:\/\/cordobadirecto.com\/index.php\/wp-json\/wp\/v2\/media?parent=31700"}],"wp:term":[{"taxonomy":"category","embeddable":true,"href":"http:\/\/cordobadirecto.com\/index.php\/wp-json\/wp\/v2\/categories?post=31700"},{"taxonomy":"post_tag","embeddable":true,"href":"http:\/\/cordobadirecto.com\/index.php\/wp-json\/wp\/v2\/tags?post=31700"}],"curies":[{"name":"wp","href":"https:\/\/api.w.org\/{rel}","templated":true}]}}