{"id":31789,"date":"2021-12-05T09:17:04","date_gmt":"2021-12-05T09:17:04","guid":{"rendered":"http:\/\/cordobadirecto.com\/index.php\/2021\/12\/05\/la-uba-celebro-sus-200-anos-con-un-megaconcierto-sinfonico-al-aire-libre\/"},"modified":"2021-12-05T09:17:04","modified_gmt":"2021-12-05T09:17:04","slug":"la-uba-celebro-sus-200-anos-con-un-megaconcierto-sinfonico-al-aire-libre","status":"publish","type":"post","link":"http:\/\/cordobadirecto.com\/index.php\/2021\/12\/05\/la-uba-celebro-sus-200-anos-con-un-megaconcierto-sinfonico-al-aire-libre\/","title":{"rendered":"La UBA celebr\u00f3 sus 200 a\u00f1os con un megaconcierto sinf\u00f3nico al aire libre"},"content":{"rendered":"<figure class=\"mb-3\"><img loading=\"lazy\" src=\"http:\/\/cordobadirecto.com\/wp-content\/uploads\/2021\/12\/la-uba-celebro-sus-200-anos-con-un-megaconcierto-sinfonico-al-aire-libre.jpg\" width=\"100%\" height=\"100%\" alt=\"Foto Ramiro Gmez\"><figcaption> Foto: Ramiro G\u00f3mez <\/figcaption><\/figure>\n<p>La interpretaci\u00f3n conjunta del Himno Nacional Argentino, puso un emotivo broche esta noche al espect\u00e1culo gratuito &#8220;UBA200 en Concierto&#8221;, el evento sinf\u00f3nico con el que la Universidad de Buenos Aires festej\u00f3 su bicentenario en las escalinatas de la Facultad de Derecho ante una multitud que los organizadores estimaron en m\u00e1s de 140.000 personas.<\/p>\n<figure class=\"mb-3\"><img loading=\"lazy\" src=\"http:\/\/cordobadirecto.com\/wp-content\/uploads\/2021\/12\/la-uba-celebro-sus-200-anos-con-un-megaconcierto-sinfonico-al-aire-libre-1.jpg\" width=\"100%\" height=\"100%\" alt=\"El show cont con la presencia de personalidades de la msica popular y acadmica en las escalinatas de la Facultad de Derecho Foto Ramiro Gmez\"><figcaption> El show cont\u00f3 con la presencia de personalidades de la m\u00fasica popular y acad\u00e9mica en las escalinatas de la Facultad de Derecho. Foto: Ramiro G\u00f3mez <\/figcaption><\/figure>\n<figure class=\"mb-3\"><img loading=\"lazy\" src=\"http:\/\/cordobadirecto.com\/wp-content\/uploads\/2021\/12\/la-uba-celebro-sus-200-anos-con-un-megaconcierto-sinfonico-al-aire-libre-2.jpg\" width=\"100%\" height=\"100%\" alt=\"Foto Ramiro Gmez\"><figcaption> Foto: Ramiro G\u00f3mez <\/figcaption><\/figure>\n<p>Un elenco excepcional estuvo encabezado entre otros artistas, por Abel Pintos, Soledad, David Leb\u00f3n, Pedro Aznar, Elena Roger, Lisandro Aristimu\u00f1o, Lito Vitale, Jairo, Cazzu, Natalie P\u00e9rez, Juan Carlos Baglietto, Femigangsta, V\u00edctor Heredia y el grupo Conociendo Rusia.<\/p>\n<figure class=\"mb-3\"><img loading=\"lazy\" src=\"http:\/\/cordobadirecto.com\/wp-content\/uploads\/2021\/12\/la-uba-celebro-sus-200-anos-con-un-megaconcierto-sinfonico-al-aire-libre-3.jpg\" width=\"100%\" height=\"100%\" alt=\"Foto Ramiro Gmez\"><figcaption> Foto: Ramiro G\u00f3mez <\/figcaption><\/figure>\n<p>Ante ese staff se mantuvo una banda musical de m\u00e1s de 100 integrantes, conformada por miembros de las orquestas Sinf\u00f3nica Nacional, Filarm\u00f3nica de Buenos Aires, Estable del Teatro Col\u00f3n, Estable del Teatro Argentino de La Plata y algunos integrantes de la orquesta de la Universidad de Buenos Aires y del Nacional Buenos Aires, bajo arreglos y direcci\u00f3n de Ezequiel Silberstein.<\/p>\n<figure class=\"mb-3\"><img loading=\"lazy\" src=\"http:\/\/cordobadirecto.com\/wp-content\/uploads\/2021\/12\/la-uba-celebro-sus-200-anos-con-un-megaconcierto-sinfonico-al-aire-libre-4.jpg\" width=\"100%\" height=\"100%\" alt=\"Foto Ramiro Gmez\"><figcaption> Foto: Ramiro G\u00f3mez <\/figcaption><\/figure>\n<p>Abel Pintos fue el n\u00famero principal de la velada y cerr\u00f3 con versiones sinf\u00f3nicas de sus temas &#8220;Cien a\u00f1os&#8221; y &#8220;La llave&#8221;, antes de compartir una versi\u00f3n de &#8220;Los Dinosaurios&#8221;, cl\u00e1sico de Charly Garc\u00eda, a la que se sum\u00f3 Pedro Aznar.<\/p>\n<figure class=\"mb-3\"><img loading=\"lazy\" src=\"http:\/\/cordobadirecto.com\/wp-content\/uploads\/2021\/12\/la-uba-celebro-sus-200-anos-con-un-megaconcierto-sinfonico-al-aire-libre-5.jpg\" width=\"100%\" height=\"100%\" alt=\"Foto Ramiro Gmez\"><figcaption> Foto: Ramiro G\u00f3mez <\/figcaption><\/figure>\n<p>La presentaci\u00f3n del evento estuvo a cargo de Cecilia Roth y Luciano C\u00e1ceres, quienes introdujeron en la apertura una coreograf\u00eda de tango de Mora Godoy y Sergio Fern\u00e1ndez D\u00edaz, acompa\u00f1ados por Esteban Morgado en guitarra para interpretar &#8220;Libertango&#8221;, el primero de tres homenajes al artista centenario Astor Piazzolla.<\/p>\n<figure class=\"mb-3\"><img loading=\"lazy\" src=\"http:\/\/cordobadirecto.com\/wp-content\/uploads\/2021\/12\/la-uba-celebro-sus-200-anos-con-un-megaconcierto-sinfonico-al-aire-libre-6.jpg\" width=\"100%\" height=\"100%\" alt=\"Foto Ramiro Gmez\"><figcaption> Foto: Ramiro G\u00f3mez <\/figcaption><\/figure>\n<p>La obra del compositor y bandoneonista marplatense se extendi\u00f3 de la mano Katie Viqueira, con &#8220;Milonga de la Anunciaci\u00f3n&#8221;, una descomunal interpretaci\u00f3n de Elena Roger de &#8220;Preludio para el a\u00f1o 3001&#8221; y la presencia de Ra\u00fal Lavi\u00e9 para &#8220;Adi\u00f3s Nonino&#8221; con la poes\u00eda de Eladia Bl\u00e1zquez.<\/p>\n<figure class=\"mb-3\"><img loading=\"lazy\" src=\"http:\/\/cordobadirecto.com\/wp-content\/uploads\/2021\/12\/la-uba-celebro-sus-200-anos-con-un-megaconcierto-sinfonico-al-aire-libre-7.jpg\" width=\"100%\" height=\"100%\" alt=\"Foto Ramiro Gmez\"><figcaption> Foto: Ramiro G\u00f3mez <\/figcaption><\/figure>\n<p>El espect\u00e1culo se luci\u00f3 en las adaptaciones de los cl\u00e1sicos de la m\u00fasica popular a un sonido sinf\u00f3nico, como fueron las versiones de Kevin Johansen y su hija Miranda de &#8220;Como la cigarra&#8221;, de Mar\u00eda Elena Walsh, y de Lisandro Aristimu\u00f1o en yunta con Juan Carlos Baglietto de &#8220;Seguir viviendo sin tu amor&#8221;, de Luis Alberto Spinetta.<\/p>\n<figure class=\"mb-3\"><img loading=\"lazy\" src=\"http:\/\/cordobadirecto.com\/wp-content\/uploads\/2021\/12\/la-uba-celebro-sus-200-anos-con-un-megaconcierto-sinfonico-al-aire-libre-8.jpg\" width=\"100%\" height=\"100%\" alt=\"Foto Ramiro Gmez\"><figcaption> Foto: Ramiro G\u00f3mez <\/figcaption><\/figure>\n<p>Luego estuvieron Cazzu y Lito Vitale en piano para hacer &#8220;Alfonsina y el mar&#8221; de Ariel Ramirez y Felix Luna, recreando la propuesta ya plasmada cuatro meses atr\u00e1s en una actuaci\u00f3n por streaming que form\u00f3 parte de la entrega de los Premios Gardel.<\/p>\n<figure class=\"mb-3\"><img loading=\"lazy\" src=\"http:\/\/cordobadirecto.com\/wp-content\/uploads\/2021\/12\/la-uba-celebro-sus-200-anos-con-un-megaconcierto-sinfonico-al-aire-libre-9.jpg\" width=\"100%\" height=\"100%\" alt=\"Telam SE\"><figcaption><\/figcaption><\/figure>\n<p>Adem\u00e1s, Celli version\u00f3 &#8220;Adi\u00f3s&#8221;, de Gustavo Cerati; y V\u00edctor Heredia se subi\u00f3 al inmenso tablando para cantar su &#8220;Raz\u00f3n de vivir&#8221; en compa\u00f1\u00eda de Jairo y Carolina del Carmen Peleritti.<\/p>\n<p>Promediando el show, Soledad e Iv\u00e1n Noble se asociaron para hacer &#8220;Para no olvidar&#8221; de Los Rodr\u00edguez y Femigangsta le puso la voz a una muy meritoria recreaci\u00f3n de &#8220;Balada del diablo y la muerte&#8221;, de La Renga.<\/p>\n<figure class=\"mb-3\"><img loading=\"lazy\" src=\"http:\/\/cordobadirecto.com\/wp-content\/uploads\/2021\/12\/la-uba-celebro-sus-200-anos-con-un-megaconcierto-sinfonico-al-aire-libre-10.jpg\" width=\"100%\" height=\"100%\" alt=\"Telam SE\"><figcaption><\/figcaption><\/figure>\n<p>Luego, Marcela Morelo acompa\u00f1\u00f3 a Coti para interpretar su tema &#8220;Andar conmigo&#8221; y Natalie P\u00e9rez fue parte del espect\u00e1culo interpretando &#8220;En las olas&#8221;, de su autor\u00eda. Tambi\u00e9n Pedro Aznar hizo su tema &#8220;A cada hombre, cada mujer&#8221; y David Leb\u00f3n sum\u00f3 a Conociendo Rusia para versionar &#8220;Seminare&#8221;, balada que Charly Garc\u00eda compuso en tiempos de Ser\u00fa Gir\u00e1n.<\/p>\n<figure class=\"mb-3\"><img loading=\"lazy\" src=\"http:\/\/cordobadirecto.com\/wp-content\/uploads\/2021\/12\/la-uba-celebro-sus-200-anos-con-un-megaconcierto-sinfonico-al-aire-libre-11.jpg\" width=\"100%\" height=\"100%\" alt=\"Telam SE\"><figcaption><\/figcaption><\/figure>\n<p>&#8220;La UBA es un orgullo para todos los argentinos y homenajearla en el a\u00f1o de su Bicentenario cont\u00f3 r\u00e1pidamente con el apoyo de prestigiosos artistas; es un modo de reconocer a todo el sistema de educaci\u00f3n p\u00fablica del pa\u00eds&#8221;, se\u00f1al\u00f3 el empresario Marcelo Gonz\u00e1lez, quien fue el encargado de idear la propuesta y conciliar a un staff estelar.<\/p>\n<p>El evento tuvo una constante que fue ponderar la relevancia del rol que cumple la UBA como universidad p\u00fablica, gratuita y de calidad, algo que destacaron casi la totalidad de m\u00fasicos que pasaron por el show, al igual que sus dos conductores, que recordaron entre los graduados de la casa de estudios a los cinco premios Nobel argentinos.<\/p>\n<p>&#8220;UBA200 en Concierto&#8221; pudo verse, adem\u00e1s, en una transmisi\u00f3n de la Televisi\u00f3n P\u00fablica y se reprodujo a trav\u00e9s de diversos canales de YouTube.<\/p>\n<figure class=\"mb-3\"><img loading=\"lazy\" src=\"http:\/\/cordobadirecto.com\/wp-content\/uploads\/2021\/12\/la-uba-celebro-sus-200-anos-con-un-megaconcierto-sinfonico-al-aire-libre-12.jpg\" width=\"100%\" height=\"100%\" alt=\"Foto Ramiro Gmez\"><figcaption> Foto: Ramiro G\u00f3mez <\/figcaption><\/figure>\n","protected":false},"excerpt":{"rendered":"<p>Foto: Ramiro G\u00f3mez La interpretaci\u00f3n conjunta del Himno Nacional Argentino, puso un emotivo broche esta noche al espect\u00e1culo gratuito &#8220;UBA200 en Concierto&#8221;, el evento sinf\u00f3nico con el que la Universidad de Buenos Aires festej\u00f3 su bicentenario en las escalinatas de la Facultad de Derecho ante una multitud que los organizadores estimaron en m\u00e1s de 140.000 [&hellip;]<\/p>\n","protected":false},"author":1,"featured_media":31790,"comment_status":"closed","ping_status":"closed","sticky":false,"template":"","format":"standard","meta":[],"categories":[20],"tags":[],"_links":{"self":[{"href":"http:\/\/cordobadirecto.com\/index.php\/wp-json\/wp\/v2\/posts\/31789"}],"collection":[{"href":"http:\/\/cordobadirecto.com\/index.php\/wp-json\/wp\/v2\/posts"}],"about":[{"href":"http:\/\/cordobadirecto.com\/index.php\/wp-json\/wp\/v2\/types\/post"}],"author":[{"embeddable":true,"href":"http:\/\/cordobadirecto.com\/index.php\/wp-json\/wp\/v2\/users\/1"}],"replies":[{"embeddable":true,"href":"http:\/\/cordobadirecto.com\/index.php\/wp-json\/wp\/v2\/comments?post=31789"}],"version-history":[{"count":0,"href":"http:\/\/cordobadirecto.com\/index.php\/wp-json\/wp\/v2\/posts\/31789\/revisions"}],"wp:featuredmedia":[{"embeddable":true,"href":"http:\/\/cordobadirecto.com\/index.php\/wp-json\/wp\/v2\/media\/31790"}],"wp:attachment":[{"href":"http:\/\/cordobadirecto.com\/index.php\/wp-json\/wp\/v2\/media?parent=31789"}],"wp:term":[{"taxonomy":"category","embeddable":true,"href":"http:\/\/cordobadirecto.com\/index.php\/wp-json\/wp\/v2\/categories?post=31789"},{"taxonomy":"post_tag","embeddable":true,"href":"http:\/\/cordobadirecto.com\/index.php\/wp-json\/wp\/v2\/tags?post=31789"}],"curies":[{"name":"wp","href":"https:\/\/api.w.org\/{rel}","templated":true}]}}