{"id":31791,"date":"2021-12-05T09:17:08","date_gmt":"2021-12-05T09:17:08","guid":{"rendered":"http:\/\/cordobadirecto.com\/index.php\/2021\/12\/05\/hipnotica-tratamos-de-aportar-a-que-la-musica-no-se-haga-en-serie\/"},"modified":"2021-12-05T09:17:08","modified_gmt":"2021-12-05T09:17:08","slug":"hipnotica-tratamos-de-aportar-a-que-la-musica-no-se-haga-en-serie","status":"publish","type":"post","link":"http:\/\/cordobadirecto.com\/index.php\/2021\/12\/05\/hipnotica-tratamos-de-aportar-a-que-la-musica-no-se-haga-en-serie\/","title":{"rendered":"Hipn\u00f3tica: &#8220;Tratamos de aportar a que la m\u00fasica no se haga en serie&#8221;"},"content":{"rendered":"<figure class=\"mb-3\"><img loading=\"lazy\" src=\"http:\/\/cordobadirecto.com\/wp-content\/uploads\/2021\/12\/hipnotica-tratamos-de-aportar-a-que-la-musica-no-se-haga-en-serie.jpg\" width=\"100%\" height=\"100%\" alt=\"La banda presenta su cuarto trabajo discogrfico Mixto el prximo martes en el Teatro Vorterix de Colegiales\"><figcaption> La banda presenta su cuarto trabajo discogr\u00e1fico &#8220;Mixto&#8221; el pr\u00f3ximo martes en el Teatro Vorterix de Colegiales. <\/figcaption><\/figure>\n<p>El m\u00fasico Nahuel Barbero, una de las dos mitades creativas del grupo Hipn\u00f3tica, asegur\u00f3 que la apuesta es &#8220;aportar a que no todo suene id\u00e9ntico&#8221; y a que la &#8220;m\u00fasica y el pop puedan ser amables y para todo el mundo&#8221;, al conversar con T\u00e9lam sobre su cuarto trabajo discogr\u00e1fico &#8220;Mixto&#8221; que presentan el pr\u00f3ximo martes en el Teatro Vorterix de Colegiales.<\/p>\n<p>&#8220;Fue un proceso muy improvisado de alg\u00fan modo porque nos fuimos encontrando con el disco un poco sin querer&#8221;, resumi\u00f3 el m\u00fasico sobre un proceso que originalmente iba a ser una serie de sencillos y que luego se vio reformulado ante la llegada del coronavirus y el comienzo del confinamiento.<\/p>\n<p><strong>Unos meses antes de la pandemia, hab\u00edan grabado &#8220;Algo&#8221;<\/strong> junto al productor Nico Cotton, la canci\u00f3n que definir\u00eda el<strong> &#8220;horizonte est\u00e9tico&#8221; <\/strong>con el que trabajar\u00edan a distancia durante gran parte de los meses posteriores<strong> hasta la llegada de los productores Mariano Otero y Benja L\u00f3pez<\/strong>, con quienes compartieron la producci\u00f3n de cuatro canciones y <strong>acercaron al baterista Sergio Verdinelli,<\/strong> ex integrante de la banda de Luis Alberto Spinetta, para que dejara su sello como sesionista, al igual que <strong>Chiara Parraviccini y Dinast\u00eda y Yeyo, los otros invitados.<\/strong><\/p>\n<p>&#8220;Est\u00e1bamos sin una idea clara de c\u00f3mo \u00edbamos a hacerlo en cuanto a las formas, los tiempos, el equipo de trabajo. Pero de ah\u00ed en adelante las cosas se fueron dando muy naturalmente y de manera medio improvisada&#8221;, sostuvo Barbero, oriundo de R\u00edo Cuarto como su compa\u00f1ero Hern\u00e1n Ortiz.<\/p>\n<p>A lo largo del recorrido de <strong>&#8220;Mixto&#8221;<\/strong>, <strong>que presentar\u00e1n el 7 de diciembre en el porte\u00f1o Teatro V\u00f3rterix y el 13 en Quality Espacio de la capital cordobesa, s<\/strong>e suceden distintos paisajes sonoros, encuentros entre el pop y el folclore, el gospel y el r&amp;b y un clima de absoluta calma e intimidad.<\/p>\n<div class=\"video_repositive\"><a class=\"video_sticky\" href=\"javascript:void();\" onclick=\"removeStuckVideo(true);\"><i class=\"far fa-window-close\"><\/i><\/a><\/p>\n<div id=\"n88np7ygBcI\" class=\"video_telam\" readability=\"6\">\n<div class=\"feature_article_inner\" readability=\"32\">\n<p><h2 class=\"text-center\"> &#8220;Algo&#8221; fue grabado unos meses antes de la pandemia junto al productor Nico Cotton<\/h2>\n<\/p>\n<\/div>\n<p>VER VIDEO <i class=\"fas fa-play\"><\/i><\/p>\n<\/div>\n<\/div>\n<p><strong>T: \u00bfC\u00f3mo hicieron para blindarse del contexto de la pandemia y que resultara un disco tan luminoso?<\/strong><br \/><strong>NB:<\/strong> Otra parte del disco la hicimos muy en solitario, adentro de los miniestudios de nuestros cuartos y separados, porque con Hern\u00e1n estuvimos como cerca de cuatro meses sin vernos, aunque con un nivel de comunicaci\u00f3n alt\u00edsimo; un ida y vuelta constante, y avanzando todo el tiempo con el disco. Varias de las canciones fueron casi concebidas en ese confinamiento total. Creo que esa comunicaci\u00f3n entre los dos y el entusiasmo por las cosas que iban apareciendo hizo que la m\u00fasica se fuera acomodando solita y que terminara siendo un refugio. Creo que ah\u00ed reside un poco esto de la luminosidad del disco y de c\u00f3mo logramos salir airosos de este momento tan dif\u00edcil\u201d.<\/p>\n<p><strong>T: En \u201cMixto\u201d aparecen otros g\u00e9neros que quiz\u00e1s no hab\u00edan explorado en profundidad;\u00bfc\u00f3mo fueron arribando el folclore y el R&amp;B?; \u00bfes natural para ustedes estar en una b\u00fasqueda constante?<\/strong><br \/><strong>Nahuel: <\/strong>S\u00ed, es totalmente natural. Yo soy geminiano, as\u00ed que soy una bola de contradicciones andante y eso un poco se traduce a todos los aspectos de la vida. Y en cuanto a lo art\u00edstico, con el Flaco (Hern\u00e1n Ortiz) somos muy amantes de la m\u00fasica, bastante mel\u00f3manos. Toda la vida escuchamos m\u00fasica muy diversa. Si bien nosotros siempre hicimos pop y empezamos con un horizonte bastante definido, siempre nos ronda la idea de poder meternos un poco m\u00e1s de lleno en esas m\u00fasicas que nos gustan y nos mueven y que todav\u00eda no exploramos tanto. En el disco hay cositas que tienen que ver con la m\u00fasica negra como el g\u00f3spel y el R&amp;B, y otras con el folclore argentino, con aires de chacarera mezclados con un universo m\u00e1s actual. La verdad es que se nos da de manera muy natural esto de estar cambiando y persiguiendo una b\u00fasqueda diferente. Somos bastante perseguidores de la idea de no cansarnos y de no aburrirnos de nosotros mismos. No queremos volvernos una cosa obvia, ni para adentro ni para afuera, y ser cambiantes es parte de ese compromiso.<\/p>\n<figure class=\"mb-3\"><img loading=\"lazy\" src=\"http:\/\/cordobadirecto.com\/wp-content\/uploads\/2021\/12\/hipnotica-tratamos-de-aportar-a-que-la-musica-no-se-haga-en-serie-1.jpg\" width=\"100%\" height=\"100%\" alt=\"Telam SE\"><figcaption><\/figcaption><\/figure>\n<p><strong>T: \u00bfEso implica no dejarse llevar por lo que m\u00e1s est\u00e1 sonando en este tiempo con la explosi\u00f3n de m\u00fasica urbana?<\/strong><br \/>NB: Somos muy conscientes del tipo de m\u00fasica que suena y, de hecho, la consumimos. Nos gustan muchas cosas del reggaet\u00f3n y de la m\u00fasica urbana, pero nosotros tratamos de aportar a que la m\u00fasica no se haga en serie. Queremos sonar en la radio; ser una banda popular para toda la familia, porque as\u00ed es como concebimos las canciones desde su nacimiento. Pero tambi\u00e9n queremos aportar a que no todo suene id\u00e9ntico, a que la m\u00fasica y, de alguna manera el pop, puedan ser amables y para todo el mundo. Ser mainstream no necesariamente tiene que ver con ser algo &#8220;mcdonalizable&#8221; que se haga en serie y cada vez m\u00e1s igual.<\/p>\n<p><strong>T: En \u201cPotrerillos\u201d aparece la voz de Luis Alberto Spinetta diciendo &#8220;cuid\u00e1 al que ten\u00e9s al lado&#8221;.<\/strong><br \/><strong>NB:<\/strong> Eso fue realmente loco porque Luis, casi sin querer, estuvo como muy presente en todo el disco. Es un gran referente art\u00edstico y humano para nosotros de toda la vida. Apareci\u00f3 en la producci\u00f3n de esa canci\u00f3n, en la que yo ven\u00eda jugando con muchos sampleos y loops distintos, buscando encontrar un interludio que no fuera tan obvio, tan mel\u00f3dico y musical. Y me acord\u00e9 de esa entrevista al Flaco, que me parec\u00eda la mejor del mundo. Despu\u00e9s termin\u00f3 apareciendo Sergio Verdinelli y fue como cumplir un sue\u00f1o, porque fue literalmente el primer batero del que supimos su nombre, alguien que dijimos qui\u00e9n es y por qu\u00e9 nos provoca lo que nos est\u00e1 provocando. Tambi\u00e9n hay un tema que se llama Kamikaze (&#8220;KMKZ&#8221;), otro homenaje que nos sali\u00f3 sin querer al Flaco, de quien amamos su visi\u00f3n del mundo y la vida que es realmente \u00fanica. Que haya quedado impresa su voz es un mimo lindo, as\u00ed que le mandamos un beso al cielo. <\/p>\n","protected":false},"excerpt":{"rendered":"<p>La banda presenta su cuarto trabajo discogr\u00e1fico &#8220;Mixto&#8221; el pr\u00f3ximo martes en el Teatro Vorterix de Colegiales. El m\u00fasico Nahuel Barbero, una de las dos mitades creativas del grupo Hipn\u00f3tica, asegur\u00f3 que la apuesta es &#8220;aportar a que no todo suene id\u00e9ntico&#8221; y a que la &#8220;m\u00fasica y el pop puedan ser amables y para [&hellip;]<\/p>\n","protected":false},"author":1,"featured_media":31792,"comment_status":"closed","ping_status":"closed","sticky":false,"template":"","format":"standard","meta":[],"categories":[20],"tags":[],"_links":{"self":[{"href":"http:\/\/cordobadirecto.com\/index.php\/wp-json\/wp\/v2\/posts\/31791"}],"collection":[{"href":"http:\/\/cordobadirecto.com\/index.php\/wp-json\/wp\/v2\/posts"}],"about":[{"href":"http:\/\/cordobadirecto.com\/index.php\/wp-json\/wp\/v2\/types\/post"}],"author":[{"embeddable":true,"href":"http:\/\/cordobadirecto.com\/index.php\/wp-json\/wp\/v2\/users\/1"}],"replies":[{"embeddable":true,"href":"http:\/\/cordobadirecto.com\/index.php\/wp-json\/wp\/v2\/comments?post=31791"}],"version-history":[{"count":0,"href":"http:\/\/cordobadirecto.com\/index.php\/wp-json\/wp\/v2\/posts\/31791\/revisions"}],"wp:featuredmedia":[{"embeddable":true,"href":"http:\/\/cordobadirecto.com\/index.php\/wp-json\/wp\/v2\/media\/31792"}],"wp:attachment":[{"href":"http:\/\/cordobadirecto.com\/index.php\/wp-json\/wp\/v2\/media?parent=31791"}],"wp:term":[{"taxonomy":"category","embeddable":true,"href":"http:\/\/cordobadirecto.com\/index.php\/wp-json\/wp\/v2\/categories?post=31791"},{"taxonomy":"post_tag","embeddable":true,"href":"http:\/\/cordobadirecto.com\/index.php\/wp-json\/wp\/v2\/tags?post=31791"}],"curies":[{"name":"wp","href":"https:\/\/api.w.org\/{rel}","templated":true}]}}