{"id":31795,"date":"2021-12-04T20:21:05","date_gmt":"2021-12-04T20:21:05","guid":{"rendered":"https:\/\/www.ole.com.ar\/autos\/todino-pole-villicum_0_mKGWAjucz.html"},"modified":"2021-12-04T20:21:05","modified_gmt":"2021-12-04T20:21:05","slug":"la-ultima-pole-fue-para-todino","status":"publish","type":"post","link":"http:\/\/cordobadirecto.com\/index.php\/2021\/12\/04\/la-ultima-pole-fue-para-todino\/","title":{"rendered":"La \u00faltima pole fue para Todino"},"content":{"rendered":"<p>El Turismo Carretera llev\u00f3 a cabo su \u00faltima clasificaci\u00f3n de la temporada en El Villicum, donde Germ\u00e1n Todino fue el m\u00e1s r\u00e1pido y se qued\u00f3 con su primera pole en la categor\u00eda. Por su parte, Mariano Werner, l\u00edder de la Copa de Oro, se ubic\u00f3 13\u00b0.<\/p>\n<div class=\"sp__SM\">\n<div class=\"content-new \">\n<span class=\"tit-mobile\">Mir\u00e1 tambi\u00e9n<\/span><\/p>\n<div class=\"mg\">\n<div class=\"wrap-figure\">\n<picture>\n<a href=\"https:\/\/www.ole.com.ar\/autos\/golpe-verstappen_0_Fgcfbf362.html\" target=\"_self\" rel=\"noopener\"><br \/>\n<img class=\"img-responsive\" alt=\"\u00a1Qu\u00e9 hiciste Max!\" src=\"http:\/\/cordobadirecto.com\/wp-content\/uploads\/2021\/12\/la-ultima-pole-fue-para-todino.jpg\" loading=\"lazy\"><br \/>\n<\/a>\n<\/picture>\n<\/div>\n<\/div><\/div>\n<\/div>\n<p><mark>Todino marc\u00f3 un tiempo de 1m41s474 y se qued\u00f3 con la pole. Dej\u00f3 como escolta a Lambiris a una diferencia de 83 mil\u00e9simas y tercero a Gianini a 30 cent\u00e9simas. <\/mark>Mientras que completaron los mejores cinco Marcos Landa y Jos\u00e9 Manuel Urcera.<\/p>\n<p>M\u00e1s atr\u00e1s se ubicaron Josito Di Palma (Ford), Ayrton Londero (Ford), Jonatan Castellano (Dodge), Marcelo Agrelo (Torino) y Juan Jos\u00e9 Ebarl\u00edn (Chevrolet).<\/p>\n<p>Por su parte, Werner, l\u00edder de la Copa de Oro, se ubic\u00f3 13\u00b0 con el Ford. <mark>Mientras que Guillermo Orteli, en su \u00faltima clasificaci\u00f3n como piloto regular, finaliz\u00f3 22\u00b0 al mando del Chevrolet del JP Carrera.<\/mark><\/p>\n<div class=\"sp__SM\">\n<div class=\"content-new \">\n<span class=\"tit-mobile\">Mir\u00e1 tambi\u00e9n<\/span><\/p>\n<div class=\"mg\">\n<div class=\"wrap-figure\">\n<picture>\n<a href=\"https:\/\/www.ole.com.ar\/autos\/hamilton-pole-jeddah_0_gvSr6YIIR.html\" target=\"_self\" rel=\"noopener\"><br \/>\n<img class=\"img-responsive\" alt=\"\u00a1Pole para Hamilton en Jeddah!\" src=\"http:\/\/cordobadirecto.com\/wp-content\/uploads\/2021\/12\/la-ultima-pole-fue-para-todino-1.jpg\" loading=\"lazy\"><br \/>\n<\/a>\n<\/picture>\n<\/div>\n<\/div><\/div>\n<\/div>\n<p><mark>La actividad para el Turismo Carretera en El Villicum continuar\u00e1 el domingo a las 9.55, 10.20 y 10.45<\/mark>, cuando se pongan en marcha las series.<\/p>\n<div class=\"entry-tags\">\n<h2>TEMAS QUE APARECEN EN ESTA NOTA<\/h2>\n<\/p><\/div>\n","protected":false},"excerpt":{"rendered":"<p>El Turismo Carretera llev\u00f3 a cabo su \u00faltima clasificaci\u00f3n de la temporada en El Villicum, donde Germ\u00e1n Todino fue el m\u00e1s r\u00e1pido y se qued\u00f3 con su primera pole en la categor\u00eda. Por su parte, Mariano Werner, l\u00edder de la Copa de Oro, se ubic\u00f3 13\u00b0. Mir\u00e1 tambi\u00e9n Todino marc\u00f3 un tiempo de 1m41s474 y [&hellip;]<\/p>\n","protected":false},"author":1,"featured_media":31796,"comment_status":"closed","ping_status":"closed","sticky":false,"template":"","format":"standard","meta":[],"categories":[21],"tags":[],"_links":{"self":[{"href":"http:\/\/cordobadirecto.com\/index.php\/wp-json\/wp\/v2\/posts\/31795"}],"collection":[{"href":"http:\/\/cordobadirecto.com\/index.php\/wp-json\/wp\/v2\/posts"}],"about":[{"href":"http:\/\/cordobadirecto.com\/index.php\/wp-json\/wp\/v2\/types\/post"}],"author":[{"embeddable":true,"href":"http:\/\/cordobadirecto.com\/index.php\/wp-json\/wp\/v2\/users\/1"}],"replies":[{"embeddable":true,"href":"http:\/\/cordobadirecto.com\/index.php\/wp-json\/wp\/v2\/comments?post=31795"}],"version-history":[{"count":0,"href":"http:\/\/cordobadirecto.com\/index.php\/wp-json\/wp\/v2\/posts\/31795\/revisions"}],"wp:featuredmedia":[{"embeddable":true,"href":"http:\/\/cordobadirecto.com\/index.php\/wp-json\/wp\/v2\/media\/31796"}],"wp:attachment":[{"href":"http:\/\/cordobadirecto.com\/index.php\/wp-json\/wp\/v2\/media?parent=31795"}],"wp:term":[{"taxonomy":"category","embeddable":true,"href":"http:\/\/cordobadirecto.com\/index.php\/wp-json\/wp\/v2\/categories?post=31795"},{"taxonomy":"post_tag","embeddable":true,"href":"http:\/\/cordobadirecto.com\/index.php\/wp-json\/wp\/v2\/tags?post=31795"}],"curies":[{"name":"wp","href":"https:\/\/api.w.org\/{rel}","templated":true}]}}