{"id":31875,"date":"2021-12-03T15:15:58","date_gmt":"2021-12-03T15:15:58","guid":{"rendered":"https:\/\/cordoba.gob.ar\/?p=17755"},"modified":"2021-12-03T15:15:58","modified_gmt":"2021-12-03T15:15:58","slug":"milo-lockett-visita-cordoba-en-el-marco-de-la-noche-de-los-museos","status":"publish","type":"post","link":"http:\/\/cordobadirecto.com\/index.php\/2021\/12\/03\/milo-lockett-visita-cordoba-en-el-marco-de-la-noche-de-los-museos\/","title":{"rendered":"Milo Lockett visita C\u00f3rdoba en el marco de La Noche de los Museos"},"content":{"rendered":"<ul>\n<li><strong>Luego de dos a\u00f1os de no concurrir a una muestra propia a causa de la pandemia de Covid-19, Milo Lockett elige la ciudad de C\u00f3rdoba para la vuelta a la presencialidad.<\/strong><\/li>\n<li><strong>Por tal motivo, y en el marco de la Noche de los Museos, la Municipalidad de C\u00f3rdoba tiene el placer de contar con el famoso artista argentino quien estar\u00e1 presente junto a su muestra, compuesta por 30 obras de diversos tama\u00f1os, en el Tribunal de Cuentas Municipal, de calle 27 de Abril 524.<\/strong><\/li>\n<\/ul>\n<hr>\n<p>En una convocatoria para la familia, que se extender\u00e1 desde las 21 a las 01 horas, el Tribunal de Cuentas tiene preparada una noche llena de actividades pensadas para que los m\u00e1s peque\u00f1os.<\/p>\n<p>Entre las propuestas, adem\u00e1s de apreciar las pinturas que estar\u00e1n expuestas en los dos pisos del edificio, los ni\u00f1os tendr\u00e1n la posibilidad de dibujar y pintar cerca del artista, quien compartir\u00e1 e interactuar\u00e1 junto a los visitantes de la muestra.<\/p>\n<p>Siguiendo la tem\u00e1tica infantil que recobra la muestra, habr\u00e1 un show de Jerem\u00edas Fijo a partir de las 21 horas en un escenario colocado frente del Tribunal de Cuentas sobre la explanada del Paseo Sobremonte y castillos inflables para el disfrute de los m\u00e1s chicos.<\/p>\n<p>Cabe destacar que es la primera vez que este edificio p\u00fablico participa de La Noche de los Museos y abre las puertas para que los vecinos puedan conocer no solo las obras del pintor sino tambi\u00e9n, la construcci\u00f3n que hace un a\u00f1o fue declarada Patrimonio Arquitect\u00f3nico de la Ciudad de C\u00f3rdoba.<\/p>\n<p>Todas las actividades que se lleven a cabo esa noche, en el \u00e1mbito de la Noche de los Museos del Tribunal de Cuentas se transmitir\u00e1n por redes sociales v\u00eda streaming a trav\u00e9s del Instagram @tribunaldecuentasmunicba.<\/p>\n<p>Para conocer todas las propuestas que forman parte de la Noche de los Museos se puede ingresar a los siguientes enlaces:<\/p>\n<p><strong>\u2013<\/strong>Programaci\u00f3n de los espacios municipales e invitados:<strong> <a href=\"https:\/\/cordoba.gob.ar\/wp-content\/uploads\/2021\/11\/AGENDA-Noche-de-los-Museos-2021-2-1.docx\">AGENDA Noche de los Museos 2021<\/a><\/strong><\/p>\n<p><strong><a href=\"https:\/\/nochedelosmuseos.unc.edu.ar\/\">-Programaci\u00f3n UNC<\/a><\/strong><\/p>\n<p><strong>\u2013<a href=\"https:\/\/cultura.cba.gov.ar\/\">Programaci\u00f3n espacios provinciales<\/a><\/strong><\/p>\n<p class=\"wpex-roembed wpex-clr\"><a data-flickr-embed=\"true\" href=\"https:\/\/www.flickr.com\/photos\/158498840@N03\/albums\/72157720201754854\" title=\"Milo Lockett visita C\u00f3rdoba en el marco de La Noche de los Museos by Municipalidad de C\u00f3rdoba, on Flickr\"><img loading=\"lazy\" src=\"http:\/\/cordobadirecto.com\/wp-content\/uploads\/2021\/12\/milo-lockett-visita-cordoba-en-el-marco-de-la-noche-de-los-museos.jpg\" width=\"800\" height=\"600\" alt=\"Milo Lockett visita C\u00f3rdoba en el marco de La Noche de los Museos\"><\/a><\/p>\n<hr>\n","protected":false},"excerpt":{"rendered":"<p>Luego de dos a\u00f1os de no concurrir a una muestra propia a causa de la pandemia de Covid-19, Milo Lockett elige la ciudad de C\u00f3rdoba para la vuelta a la presencialidad. Por tal motivo, y en el marco de la Noche de los Museos, la Municipalidad de C\u00f3rdoba tiene el placer de contar con el [&hellip;]<\/p>\n","protected":false},"author":1,"featured_media":31876,"comment_status":"closed","ping_status":"closed","sticky":false,"template":"","format":"standard","meta":[],"categories":[44],"tags":[],"_links":{"self":[{"href":"http:\/\/cordobadirecto.com\/index.php\/wp-json\/wp\/v2\/posts\/31875"}],"collection":[{"href":"http:\/\/cordobadirecto.com\/index.php\/wp-json\/wp\/v2\/posts"}],"about":[{"href":"http:\/\/cordobadirecto.com\/index.php\/wp-json\/wp\/v2\/types\/post"}],"author":[{"embeddable":true,"href":"http:\/\/cordobadirecto.com\/index.php\/wp-json\/wp\/v2\/users\/1"}],"replies":[{"embeddable":true,"href":"http:\/\/cordobadirecto.com\/index.php\/wp-json\/wp\/v2\/comments?post=31875"}],"version-history":[{"count":0,"href":"http:\/\/cordobadirecto.com\/index.php\/wp-json\/wp\/v2\/posts\/31875\/revisions"}],"wp:featuredmedia":[{"embeddable":true,"href":"http:\/\/cordobadirecto.com\/index.php\/wp-json\/wp\/v2\/media\/31876"}],"wp:attachment":[{"href":"http:\/\/cordobadirecto.com\/index.php\/wp-json\/wp\/v2\/media?parent=31875"}],"wp:term":[{"taxonomy":"category","embeddable":true,"href":"http:\/\/cordobadirecto.com\/index.php\/wp-json\/wp\/v2\/categories?post=31875"},{"taxonomy":"post_tag","embeddable":true,"href":"http:\/\/cordobadirecto.com\/index.php\/wp-json\/wp\/v2\/tags?post=31875"}],"curies":[{"name":"wp","href":"https:\/\/api.w.org\/{rel}","templated":true}]}}