{"id":3208,"date":"2021-03-17T08:49:58","date_gmt":"2021-03-17T08:49:58","guid":{"rendered":"http:\/\/cordobadirecto.com\/index.php\/2021\/03\/17\/ratificaron-la-fecha-de-las-paso-pero-el-gobierno-cree-que-las-postergara\/"},"modified":"2021-03-17T08:49:58","modified_gmt":"2021-03-17T08:49:58","slug":"ratificaron-la-fecha-de-las-paso-pero-el-gobierno-cree-que-las-postergara","status":"publish","type":"post","link":"http:\/\/cordobadirecto.com\/index.php\/2021\/03\/17\/ratificaron-la-fecha-de-las-paso-pero-el-gobierno-cree-que-las-postergara\/","title":{"rendered":"Ratificaron la fecha de las Paso, pero el Gobierno cree que las postergar\u00e1"},"content":{"rendered":"<div><img src=\"http:\/\/cordobadirecto.com\/wp-content\/uploads\/2021\/03\/ratificaron-la-fecha-de-las-paso-pero-el-gobierno-cree-que-las-postergara.jpg\" class=\"ff-og-image-inserted\"><\/div>\n<p>Pese a que la C\u00e1mara Nacional Electoral confirm\u00f3 que las elecciones Primarias abiertas, simult\u00e1neas y obligatorias (Paso) se realizar\u00e1n el 8 de agosto pr\u00f3ximo, en el oficialismo (Frente de Todos) insisten con que tienen los votos en el Congreso para postergar las primaria hasta el segundo domingo de septiembre.<\/p>\n<p>Como un tr\u00e1mite habitual del proceso electoral, la C\u00e1mara Nacional difundi\u00f3 ayer el cronograma para las pr\u00f3ximas elecciones legislativas. Como lo indica la ley electoral, para el Tribunal, las primarias se concretar\u00e1n el segundo domingo de agosto, y las generales, el 24 de octubre.<\/p>\n<p>Sin embargo, m\u00e1s all\u00e1 de la decisi\u00f3n de la Justicia electoral, en el Frente de Todos mantienen la decisi\u00f3n pol\u00edtica de postergar las Paso para septiembre.<\/p>\n<p>La idea original de los gobernadores peronistas \u2013incluido el cordob\u00e9s Juan Schiaretti\u2013 fue suspender por \u00fanica vez las primarias.<\/p>\n<div class=\"block-ad-node\">\n<div>\n<p> <span>Publicidad<\/span> <\/p>\n<\/div>\n<\/div>\n<p>El argumento fue sanitario y econ\u00f3mico.<\/p>\n<p>El a\u00f1o pasado, en el mes de agosto se produjo el pico de la pandemia de Covid.<\/p>\n<p>Adem\u00e1s, las Paso tienen un presupuesto superior a los siete mil millones de pesos, sobre un costo total del 20 mil millones que terminar\u00e1 siendo el impacto fiscal de todo el proceso electoral legislativo.<\/p>\n<p>La decisi\u00f3n de los mandatarios peronistas de suspenderlas choc\u00f3 con la firme posici\u00f3n del presidente del bloque de diputados del Frente de Todos, M\u00e1ximo Kirchner, quien advirti\u00f3 que los 66 legisladores de La C\u00e1mpora no avalar\u00edan esa medida.<\/p>\n<div class=\"block-ad-node\">\n<div>\n<p> <span>Publicidad<\/span> <\/p>\n<\/div>\n<\/div>\n<p class=\"SubTitulo\">Reuni\u00f3n en la Rosada<\/p>\n<p>En una reuni\u00f3n que un mes atr\u00e1s mantuvo con el presidente Alberto Fern\u00e1ndez, en la que tambi\u00e9n participaron el jefe de Gabinete, Santiago Cafiero; el ministro del Interior, Eduardo \u201cWado\u201d de Pedro y el presidente de la C\u00e1mara de Diputados, Sergio Massa, el hijo de Cristina Fern\u00e1ndez se mantuvo en su postura de sostener las Paso.<\/p>\n<p>M\u00e1ximo Kirchner argument\u00f3 que modificar el cronograma electoral iba a ser utilizado por la oposici\u00f3n para cuestionar al Frente de Todos.<\/p>\n<div class=\"block-ad-node\">\n<div>\n<p> <span>Publicidad<\/span> <\/p>\n<\/div>\n<\/div>\n<p>De todos modos, se sabe que para los K hay una cuesti\u00f3n pol\u00edtica que hace \u201cimprescindible\u201d las Paso: el kirchnerismo quiere disputarles en las urnas el poder territorial a los intendentes del conurbano bonaerense.<\/p>\n<p>En la provincia de Buenos Aires, adem\u00e1s de diputados nacionales, se renovar\u00e1 la mitad de la C\u00e1mara de Diputados y el Senado provincial. Tambi\u00e9n la mitad de los concejos deliberantes y delegados escolares.<\/p>\n<p>Seg\u00fan confirmaron a <strong>La Voz<\/strong> dos fuentes oficiales, en aquel almuerzo que se realiz\u00f3 a mediados de febrero en la Casa Rosada, el acuerdo fue postergar las Paso para septiembre.<\/p>\n<p>Con los votos de los diputados de La C\u00e1mpora y los legisladores que responden a los gobernadores, el Frente de Todos alcanzar\u00eda los 129 para darle media sanci\u00f3n a la ley para la postergaci\u00f3n.<\/p>\n<p>En el Senado, se sabe, el oficialismo tiene una holgada mayor\u00eda para aprobar cualquier ley.<\/p>\n<p>El proyecto se podr\u00eda tratar en el Congreso en la primera semana de abril.<\/p>\n<p>Aunque el oficialismo tiene hasta el 10 de mayo de hacer alguna modificaci\u00f3n en el cronograma electoral.<\/p>\n<p class=\"SubTitulo\">\u00bfSi la suspenden?<\/p>\n<p>Pese a la ratificaci\u00f3n del cronograma electoral por parte de la tribunal electoral, unas horas antes, el lunes por la noche, en una entrevista a un canal de televisi\u00f3n de Buenos Aires, al ser consultado sobre la realizaci\u00f3n de la Paso en agosto, el propio Presidente de la Naci\u00f3n puso algunos interrogantes.<\/p>\n<p>\u201cEs una cuesti\u00f3n que debe resolver el Congreso, pero el a\u00f1o pasado, en agosto se dio el pico de la pandemia de Covid. Yo veo muy complicado que se pueda votar en un contexto as\u00ed, pero no es una cuesti\u00f3n del Poder Ejecutivo\u201d, manifest\u00f3 Alberto Fern\u00e1ndez.<\/p>\n<p>Desde la Casa Rosada siempre hablaron de que la suspensi\u00f3n era impulsada por los gobernadores peronistas y que el Congreso deber\u00e1 resolver, por lo bajo los funcionarios albertistas admiten que al Gobierno nacional le convendr\u00eda que no hubiera Paso en este proceso electoral.<\/p>\n<p>En la gesti\u00f3n albertista consideran que con un mayor plazo, pensando s\u00f3lo en las generales de octubre, habr\u00e1 m\u00e1s tiempo para avanzar con el programa de vacunaci\u00f3n y para que mejoren los \u00edndices de la econom\u00eda nacional.<\/p>\n<p>Si bien se trata de una expectativa, en el entorno del Presidente de la Naci\u00f3n est\u00e1n convencidos de que si hay un pico de la pandemia en agosto, la justicia electoral terminar\u00e1 suspendiendo las Primarias.<\/p>\n<p>El 13 de febrero pasado, la jueza electoral nacional, Mar\u00eda Romilda Servini de Cubr\u00eda, advirti\u00f3 que un contexto de pandemia y sin un gran porcentaje de ciudadanos vacunados, \u201cno se podr\u00e1 votar\u201d.<\/p>\n<div class=\"ctaNewsNotaContainer\" readability=\"6.5\">\n<div class=\"newsletterTextContainer\" readability=\"33\">\n<p> S\u00cdNTESIS POL\u00cdTICA<\/p>\n<p> Informaci\u00f3n exclusiva y el mejor an\u00e1lisis, los lunes en tu correo.<\/p>\n<form method=\"post\" action-xhr=\"https:\/\/www.lavoz.com.ar\/newsletters\/sintesis-politica\/signup\" id=\"newsletter-signup\" class=\"newsletterForm\" target=\"_blank\" custom-validation-reporting=\"as-you-go\" on=\"submit:AMP.setState({formLoading:true});submit-success:AMP.setState({formSuccess:true})\">\n<div submit-success class=\"is-paddingless-l\" readability=\"6\"> <template type=\"amp-mustache\" readability=\"2\"><\/p>\n<p> <strong>\u00a1Gracias por suscribirte!<\/strong><\/p>\n<p> <\/template><\/div>\n<div submit-error class=\"is-paddingless-l\" readability=\"6.5\"> <template type=\"amp-mustache\" readability=\"3\"><\/p>\n<p> <strong>Ha ocurrido un error, por favor intente nuevamente m\u00e1s tarde.<\/strong><\/p>\n<p> <\/template><\/div>\n<\/form>\n<\/div>\n<\/div>\n<div class=\"column is-inline-block\" readability=\"5.1111111111111\">\n<div class=\"notification is-padding-lr\" readability=\"5.962962962963\"> <a class=\"no-decoration is-font-bold\" href=\"https:\/\/www.lavoz.com.ar\/edicion-impresa\">Edici\u00f3n Impresa<\/a><\/p>\n<p class=\"is-font-sans-serif\">El texto original de este art\u00edculo fue publicado el 17\/03\/2021 en nuestra edici\u00f3n impresa.<\/p>\n<\/div>\n<\/div>\n<div>\n<p> <span>Publicidad<\/span> <\/p>\n<\/div>\n","protected":false},"excerpt":{"rendered":"<p>Pese a que la C\u00e1mara Nacional Electoral confirm\u00f3 que las elecciones Primarias abiertas, simult\u00e1neas y obligatorias (Paso) se realizar\u00e1n el 8 de agosto pr\u00f3ximo, en el oficialismo (Frente de Todos) insisten con que tienen los votos en el Congreso para postergar las primaria hasta el segundo domingo de septiembre. Como un tr\u00e1mite habitual del proceso [&hellip;]<\/p>\n","protected":false},"author":1,"featured_media":3209,"comment_status":"closed","ping_status":"closed","sticky":false,"template":"","format":"standard","meta":[],"categories":[23],"tags":[],"_links":{"self":[{"href":"http:\/\/cordobadirecto.com\/index.php\/wp-json\/wp\/v2\/posts\/3208"}],"collection":[{"href":"http:\/\/cordobadirecto.com\/index.php\/wp-json\/wp\/v2\/posts"}],"about":[{"href":"http:\/\/cordobadirecto.com\/index.php\/wp-json\/wp\/v2\/types\/post"}],"author":[{"embeddable":true,"href":"http:\/\/cordobadirecto.com\/index.php\/wp-json\/wp\/v2\/users\/1"}],"replies":[{"embeddable":true,"href":"http:\/\/cordobadirecto.com\/index.php\/wp-json\/wp\/v2\/comments?post=3208"}],"version-history":[{"count":0,"href":"http:\/\/cordobadirecto.com\/index.php\/wp-json\/wp\/v2\/posts\/3208\/revisions"}],"wp:featuredmedia":[{"embeddable":true,"href":"http:\/\/cordobadirecto.com\/index.php\/wp-json\/wp\/v2\/media\/3209"}],"wp:attachment":[{"href":"http:\/\/cordobadirecto.com\/index.php\/wp-json\/wp\/v2\/media?parent=3208"}],"wp:term":[{"taxonomy":"category","embeddable":true,"href":"http:\/\/cordobadirecto.com\/index.php\/wp-json\/wp\/v2\/categories?post=3208"},{"taxonomy":"post_tag","embeddable":true,"href":"http:\/\/cordobadirecto.com\/index.php\/wp-json\/wp\/v2\/tags?post=3208"}],"curies":[{"name":"wp","href":"https:\/\/api.w.org\/{rel}","templated":true}]}}