{"id":32175,"date":"2021-12-07T17:25:40","date_gmt":"2021-12-07T17:25:40","guid":{"rendered":"http:\/\/estaciontrip.com.ar\/?p=6448"},"modified":"2021-12-07T17:25:40","modified_gmt":"2021-12-07T17:25:40","slug":"cordoba-brillo-en-el-comienzo-de-la-feria-internacional-de-turismo-fit-2021","status":"publish","type":"post","link":"http:\/\/cordobadirecto.com\/index.php\/2021\/12\/07\/cordoba-brillo-en-el-comienzo-de-la-feria-internacional-de-turismo-fit-2021\/","title":{"rendered":"C\u00f3rdoba brill\u00f3 en el comienzo de la Feria Internacional de Turismo FIT 2021"},"content":{"rendered":"<p>Luego de la inauguraci\u00f3n oficial de la feria, encabezada por el ministro Lammens, comenz\u00f3 la actividad en el stand institucional de C\u00f3rdoba, con m\u00e1s de ochenta escritorios y 70 municipios tur\u00edsticos participando y una multitud de visitantes acerc\u00e1ndose a conocer las propuestas y las experiencias del destino.<\/p>\n<p>Al respecto, el presidente de la Agencia C\u00f3rdoba Turismo sostuvo:&nbsp;<strong><em>\u201cEs movilizador ver tanta presencia de p\u00fablico en nuestro stand. Quiero destacar a los intendentes, a los secretarios de turismo, a las c\u00e1maras, las instituciones y a todos los representantes del sector p\u00fablico y privado de nuestra provincia\u201d.<\/em><\/strong><\/p>\n<p><strong><em>\u201cEsto es C\u00f3rdoba. Estamos de vuelta en FIT para demostrar le al pa\u00eds&nbsp; y al mundo todo lo que hemos trabajado para mantener el &nbsp;liderazgo que tenemos en turismo interno nacional esta temporada\u201d,&nbsp;<\/em><\/strong>agreg\u00f3.<\/p>\n<p><strong><em>\u201cHemos innovado, hemos modernizado nuestras propuestas con inversiones, con nuevas experiencias ofreci\u00e9ndole al turista herramientas virtuales para que puedan disfrutar y ver cu\u00e1les son las experiencias que van a elegir para vivir in situ en C\u00f3rdoba. Tambi\u00e9n hemos sumado un contexto sanitario muy importante para darle confianza a la familia argentina\u201d<\/em><\/strong>&nbsp;se\u00f1al\u00f3 el titular de la cartera provincial de turismo.<\/p>\n<div id=\"envira-gallery-wrap-6450\" class=\"envira-gallery-wrap envira-gallery-theme-base envira-lightbox-theme-base\" itemscope itemtype=\"https:\/\/schema.org\/ImageGallery\">\n<div data-row-height data-gallery-theme id=\"envira-gallery-6450\" class=\"envira-gallery-public envira-gallery-1-columns envira-clear enviratope envira-gallery-css-animations\" data-envira-columns=\"1\">\n<div id=\"envira-gallery-item-6451\" class=\"envira-gallery-item enviratope-item envira-gallery-item-1 envira-lazy-load\" itemscope itemtype=\"https:\/\/schema.org\/ImageObject\">\n<div class=\"envira-gallery-item-inner\"><a href=\"http:\/\/cordobadirecto.com\/wp-content\/uploads\/2021\/12\/cordoba-brillo-en-el-comienzo-de-la-feria-internacional-de-turismo-fit-2021-1.jpg\" class=\"envira-gallery-6450 envira-gallery-link\" rel=\"enviragallery6450\" title=\"3\" data-envira-caption=\"3\" data-envira-retina data-thumbnail itemprop=\"contentUrl\"><\/p>\n<div class=\"envira-lazy\" data-test-width=\"640\" data-test-height=\"480\"><img id=\"envira-gallery-image-6451\" class=\"envira-gallery-image envira-gallery-image-1\" data-envira-index=\"1\" src=\"http:\/\/cordobadirecto.com\/wp-content\/uploads\/2021\/12\/cordoba-brillo-en-el-comienzo-de-la-feria-internacional-de-turismo-fit-2021.jpg\" data-envira-src=\"http:\/\/cordobadirecto.com\/wp-content\/uploads\/2021\/12\/cordoba-brillo-en-el-comienzo-de-la-feria-internacional-de-turismo-fit-2021.jpg\" data-envira-gallery-id=\"6450\" data-envira-item-id=\"6451\" data-envira-caption=\"3\" alt title=\"3\" itemprop=\"thumbnailUrl\" data-envira-srcset=\"http:\/\/cordobadirecto.com\/wp-content\/uploads\/2021\/12\/cordoba-brillo-en-el-comienzo-de-la-feria-internacional-de-turismo-fit-2021.jpg 400w,http:\/\/cordobadirecto.com\/wp-content\/uploads\/2021\/12\/cordoba-brillo-en-el-comienzo-de-la-feria-internacional-de-turismo-fit-2021.jpg 2x\" srcset=\"data:image\/gif;base64,R0lGODlhAQABAIAAAP\/\/\/\/\/\/\/yH5BAEKAAEALAAAAAABAAEAAAICTAEAOw==\"><\/div>\n<p><\/a><\/div>\n<\/div>\n<\/div>\n<\/div>\n<p><noscript><img src=\"http:\/\/cordobadirecto.com\/wp-content\/uploads\/2021\/12\/cordoba-brillo-en-el-comienzo-de-la-feria-internacional-de-turismo-fit-2021-1.jpg\" alt><\/noscript> <\/p>\n<p>Uno de los destacados del d\u00eda fue la presentaci\u00f3n del producto&nbsp;<strong>\u201cC\u00f3rdoba, Tierra de Festivales\u201d<\/strong>, que tuvo lugar en el espacio exterior de FIT. All\u00ed los festivales de&nbsp;<strong>Jes\u00fas Mar\u00eda, Cosqu\u00edn, Villa Mar\u00eda, Alta Gracia y Cosqu\u00edn Rock&nbsp;<\/strong>presentaron sus ediciones 2022 con intervenciones art\u00edsticas, sorteos, y mostraron la identidad y el patrimonio cultural que hay en cada pueblo de C\u00f3rdoba y se ve representado por las diferentes festividades que tienen lugar durante el verano. M\u00e1s informaci\u00f3n&nbsp;<em><strong><a href=\"https:\/\/www.cordobaturismo.gov.ar\/cosa_para_hacer\/cordoba-tierra-de-festivales\" target=\"_blank\" rel=\"noreferrer noopener\">AQU\u00cd<\/a><\/strong><\/em>.<\/p>\n<p>Paralelamente, en el stand 720 m2 de C\u00f3rdoba, se llevaron a cabo distintas actividades en las que los distintos destinos de la provincia mostraron su oferta tur\u00edstica. En esa l\u00ednea<strong>, Mina Clavero<\/strong>&nbsp;present\u00f3 la charla y pr\u00e1ctica de cer\u00e1mica negra.&nbsp;<strong>Villa Icho Cruz<\/strong>&nbsp;present\u00f3 el show con Pachi Herrera, inaugurando a puro folklore la grilla musical que continu\u00f3 con la presentaci\u00f3n&nbsp;<strong>del Festival Nacional de Doma y Folklore de Jes\u00fas Mar\u00eda 2022<\/strong>. Acto seguido&nbsp;<strong>Villa Carlos Paz&nbsp;<\/strong>mostr\u00f3 parte de su estelar cartelera teatral, invitando a artistas de la temporada, luego realizaron sorteos y obsequios invitando a los turistas. Finalmente,&nbsp;<strong>Santa Rosa de Calamuchita<\/strong>&nbsp;present\u00f3 los tradicionales Carnavales del R\u00edo y sorte\u00f3 estad\u00edas para esta preciosa localidad.<\/p>\n<p>Asimismo, en el auditorio principal se llev\u00f3 a cabo el desfile&nbsp;<strong>\u201cArgentina fashion\u201d,<\/strong>&nbsp;en el marco de una iniciativa de la Feria Internacional de Turismo para combinar la industria tur\u00edstica con la de la moda. En ese marco, C\u00f3rdoba protagoniz\u00f3 una de las pasadas, presentando su nueva marca bajo el lema \u201cConect\u00e1, recarg\u00e1\u201d.<\/p>\n<p>De esta forma, bajo el lema&nbsp;<strong>\u201cVerano en C\u00f3rdoba: Conect\u00e1, regarg\u00e1\u201d,<\/strong>&nbsp;C\u00f3rdoba brilla en FIT, deleitando al mundo con su propuesta durante el primer d\u00eda de FIT 2021.<\/p>\n","protected":false},"excerpt":{"rendered":"<p>Luego de la inauguraci\u00f3n oficial de la feria, encabezada por el ministro Lammens, comenz\u00f3 la actividad en el stand institucional de C\u00f3rdoba, con m\u00e1s de ochenta escritorios y 70 municipios tur\u00edsticos participando y una multitud de visitantes acerc\u00e1ndose a conocer las propuestas y las experiencias del destino. Al respecto, el presidente de la Agencia C\u00f3rdoba [&hellip;]<\/p>\n","protected":false},"author":1,"featured_media":32176,"comment_status":"closed","ping_status":"closed","sticky":false,"template":"","format":"standard","meta":[],"categories":[22],"tags":[],"_links":{"self":[{"href":"http:\/\/cordobadirecto.com\/index.php\/wp-json\/wp\/v2\/posts\/32175"}],"collection":[{"href":"http:\/\/cordobadirecto.com\/index.php\/wp-json\/wp\/v2\/posts"}],"about":[{"href":"http:\/\/cordobadirecto.com\/index.php\/wp-json\/wp\/v2\/types\/post"}],"author":[{"embeddable":true,"href":"http:\/\/cordobadirecto.com\/index.php\/wp-json\/wp\/v2\/users\/1"}],"replies":[{"embeddable":true,"href":"http:\/\/cordobadirecto.com\/index.php\/wp-json\/wp\/v2\/comments?post=32175"}],"version-history":[{"count":0,"href":"http:\/\/cordobadirecto.com\/index.php\/wp-json\/wp\/v2\/posts\/32175\/revisions"}],"wp:featuredmedia":[{"embeddable":true,"href":"http:\/\/cordobadirecto.com\/index.php\/wp-json\/wp\/v2\/media\/32176"}],"wp:attachment":[{"href":"http:\/\/cordobadirecto.com\/index.php\/wp-json\/wp\/v2\/media?parent=32175"}],"wp:term":[{"taxonomy":"category","embeddable":true,"href":"http:\/\/cordobadirecto.com\/index.php\/wp-json\/wp\/v2\/categories?post=32175"},{"taxonomy":"post_tag","embeddable":true,"href":"http:\/\/cordobadirecto.com\/index.php\/wp-json\/wp\/v2\/tags?post=32175"}],"curies":[{"name":"wp","href":"https:\/\/api.w.org\/{rel}","templated":true}]}}