{"id":32186,"date":"2021-12-07T21:16:16","date_gmt":"2021-12-07T21:16:16","guid":{"rendered":"https:\/\/cordoba.gob.ar\/?p=17889"},"modified":"2021-12-07T21:16:16","modified_gmt":"2021-12-07T21:16:16","slug":"el-municipio-recupera-mas-de-1-600-metros-del-bulevar-san-juan-en-su-entrada-y-salida-al-centro","status":"publish","type":"post","link":"http:\/\/cordobadirecto.com\/index.php\/2021\/12\/07\/el-municipio-recupera-mas-de-1-600-metros-del-bulevar-san-juan-en-su-entrada-y-salida-al-centro\/","title":{"rendered":"El Municipio recupera m\u00e1s de 1.600 metros del bulevar San Juan, en su entrada y salida al centro"},"content":{"rendered":"<div><img src=\"http:\/\/cordobadirecto.com\/wp-content\/uploads\/2021\/12\/el-municipio-recupera-mas-de-1-600-metros-del-bulevar-san-juan-en-su-entrada-y-salida-al-centro.jpg\" class=\"ff-og-image-inserted\"><\/div>\n<ul>\n<li><strong>Las obras permitir\u00e1n una conexi\u00f3n fluida entre la zona oeste y el \u00e1rea central.<\/strong><\/li>\n<\/ul>\n<hr>\n<p>La Direcci\u00f3n de Obras Viales interviene ambas manos de Bv. San Juan, entre las calles R\u00edo Negro y Mariano Moreno, un tramo de la arteria que presentaba signos de deterioro con perjuicio para la transitabilidad de veh\u00edculos que circulan desde y hacia la zona oeste de la ciudad, en conexi\u00f3n con el centro capitalino.<\/p>\n<p>La intervenci\u00f3n de la superficie con material asf\u00e1ltico optimizar\u00e1 la circulaci\u00f3n vehicular por la arteria y su conexi\u00f3n con la Av. Santa Ana, a la vez que resulta en un mejoramiento de la calidad de vida de los vecinos que residen en barrio Paso de los Andes y los alrededores.<\/p>\n<p>Los trabajos, que actualmente se desarrollan en las cercan\u00edas de calle Mariano Moreno, se ejecutan sobre media calzada para evitar mayores inconvenientes en el tr\u00e1nsito.<\/p>\n<p>Entre ambas manos, son 1.640 metros lineales totalmente rehabilitados.<\/p>\n<p>En paralelo, la Direcci\u00f3n de Obras Viales rehabilita 200 metros lineales de la calle Domingo Faustino Sarmiento, en las cercan\u00edas del puente que lleva su nombre, agilizando el tr\u00e1fico que proviene desde los barrios General Paz y General Pueyrred\u00f3n hacia el \u00e1rea central.<\/p>\n<p>Las tareas se enmarcan bajo el segundo Plan de Bacheo y Rehabilitaci\u00f3n, con una inversi\u00f3n que asciende a los $605 millones. Mediante el plan, hoy las cuadrillas se encuentran en las etapas finales de trabajos sobre m\u00e1s de cuatro kil\u00f3metros de rehabilitaci\u00f3n entre las calles Lima y Catamarca y sus respectivas continuaciones por Santa Rosa y La Rioja.<\/p>\n","protected":false},"excerpt":{"rendered":"<p>Las obras permitir\u00e1n una conexi\u00f3n fluida entre la zona oeste y el \u00e1rea central. La Direcci\u00f3n de Obras Viales interviene ambas manos de Bv. San Juan, entre las calles R\u00edo Negro y Mariano Moreno, un tramo de la arteria que presentaba signos de deterioro con perjuicio para la transitabilidad de veh\u00edculos que circulan desde y [&hellip;]<\/p>\n","protected":false},"author":1,"featured_media":32187,"comment_status":"closed","ping_status":"closed","sticky":false,"template":"","format":"standard","meta":[],"categories":[44],"tags":[],"_links":{"self":[{"href":"http:\/\/cordobadirecto.com\/index.php\/wp-json\/wp\/v2\/posts\/32186"}],"collection":[{"href":"http:\/\/cordobadirecto.com\/index.php\/wp-json\/wp\/v2\/posts"}],"about":[{"href":"http:\/\/cordobadirecto.com\/index.php\/wp-json\/wp\/v2\/types\/post"}],"author":[{"embeddable":true,"href":"http:\/\/cordobadirecto.com\/index.php\/wp-json\/wp\/v2\/users\/1"}],"replies":[{"embeddable":true,"href":"http:\/\/cordobadirecto.com\/index.php\/wp-json\/wp\/v2\/comments?post=32186"}],"version-history":[{"count":0,"href":"http:\/\/cordobadirecto.com\/index.php\/wp-json\/wp\/v2\/posts\/32186\/revisions"}],"wp:featuredmedia":[{"embeddable":true,"href":"http:\/\/cordobadirecto.com\/index.php\/wp-json\/wp\/v2\/media\/32187"}],"wp:attachment":[{"href":"http:\/\/cordobadirecto.com\/index.php\/wp-json\/wp\/v2\/media?parent=32186"}],"wp:term":[{"taxonomy":"category","embeddable":true,"href":"http:\/\/cordobadirecto.com\/index.php\/wp-json\/wp\/v2\/categories?post=32186"},{"taxonomy":"post_tag","embeddable":true,"href":"http:\/\/cordobadirecto.com\/index.php\/wp-json\/wp\/v2\/tags?post=32186"}],"curies":[{"name":"wp","href":"https:\/\/api.w.org\/{rel}","templated":true}]}}