{"id":32188,"date":"2021-12-07T20:27:22","date_gmt":"2021-12-07T20:27:22","guid":{"rendered":"https:\/\/cordoba.gob.ar\/?p=17886"},"modified":"2021-12-07T20:27:22","modified_gmt":"2021-12-07T20:27:22","slug":"llaryora-cerro-la-participacion-de-cordoba-capital-en-la-fit","status":"publish","type":"post","link":"http:\/\/cordobadirecto.com\/index.php\/2021\/12\/07\/llaryora-cerro-la-participacion-de-cordoba-capital-en-la-fit\/","title":{"rendered":"Llaryora cerr\u00f3 la participaci\u00f3n de C\u00f3rdoba Capital en la FIT"},"content":{"rendered":"<div><img src=\"http:\/\/cordobadirecto.com\/wp-content\/uploads\/2021\/12\/llaryora-cerro-la-participacion-de-cordoba-capital-en-la-fit.jpg\" class=\"ff-og-image-inserted\"><\/div>\n<ul>\n<li><strong>El intendente visit\u00f3 en Buenos Aires la Feria Internacional de Turismo, evento que re\u00fane a las provincias de Argentina y a m\u00e1s de 40 pa\u00edses de distintas regiones del mundo.<\/strong><\/li>\n<\/ul>\n<hr>\n<p>El intendente Mart\u00edn Llaryora particip\u00f3 este martes de la edici\u00f3n 25 de la Feria Internacional de Turismo, donde la Municipalidad de C\u00f3rdoba promocion\u00f3 a la ciudad como destino tur\u00edstico durante cuatro jornadas.<\/p>\n<p>Bajo el lema \u201cDisfrut\u00e1 C\u00f3rdoba Capital\u201d, el Municipio present\u00f3 informaci\u00f3n sobre la oferta tur\u00edstica de la ciudad, stands y shows en vivo, adem\u00e1s de la firma de convenios y adhesiones para potenciar el turismo.<\/p>\n<p>La ciudad cont\u00f3 con sus propios stands y tambi\u00e9n fue parte de la exposici\u00f3n de Turismo Religioso de Argentina, junto a la \u201cComisi\u00f3n Argentina de Turismo Religioso\u201d, espacio que comparte desde hace catorce a\u00f1os con el resto de las provincias.<\/p>\n<p><em>\u201cEstamos potenciando las oportunidades tur\u00edsticas que C\u00f3rdoba tiene para el verano. Para nosotros el turismo es una industria important\u00edsima, que genera miles de puestos de trabajo en nuestra ciudad. Acompa\u00f1ar a las C\u00e1maras Hoteleras, Gastron\u00f3micas, de los Espect\u00e1culos P\u00fablicos, fortaleciendo esas actividades, es para nosotros defender el trabajo cordob\u00e9s\u201d<\/em>, destac\u00f3 Llaryora.<\/p>\n<p>Junto a su par de Salta, Bettina Romero, el intendente Llaryora celebr\u00f3 el convenio marco de cooperaci\u00f3n entre C\u00f3rdoba y la ciudad del norte con el fin de dise\u00f1ar e implementar pol\u00edticas p\u00fablicas y acciones en materia de intercambio cultural, econ\u00f3mico, hist\u00f3rico, educativo, cient\u00edfico, social, deportivo, tur\u00edstico, a trav\u00e9s del intercambio de conocimientos y experiencias, as\u00ed como el continuo fortalecimiento de los v\u00ednculos ya existentes.<\/p>\n<p><em>\u201cCon Salta hay un hermanamiento cultural y natural. Somos dos ciudades del interior, con turismo y con potencialidades similares. Muchos salte\u00f1os se han educado en C\u00f3rdoba y muchos cordobeses han disfrutado del patrimonio cultural y tur\u00edstico de Salta\u201d<\/em>, expres\u00f3 el intendente.<\/p>\n<p>C\u00d3RDOBA CAPITAL PRESENT\u00d3 SU PROPUESTA TUR\u00cdSTICA<\/p>\n<p>Durante la presentaci\u00f3n realizada ayer estuvieron presentes el secretario de Gobierno, Miguel Siciliano, el director general de Turismo, Pablo Bianco y el director general de Promoci\u00f3n, Pancho Marchiaro, quienes expusieron la propuesta tur\u00edstica de la ciudad ante medios de comunicaci\u00f3n y referentes del turismo de Latinoam\u00e9rica.<\/p>\n<p>En el encuentro se anunci\u00f3 adem\u00e1s parte de la propuesta teatral y del espect\u00e1culo que tendr\u00e1 la ciudad en los pr\u00f3ximos meses, como el show solista de Camilo Nicol\u00e1s, \u201cTranqui piola\u201d en el Teatro Cultural Ca\u00f1ada de la ciudad, el Festival Bum Bum, el 15 de enero, el Festival LGBTQ+, el 19 de febrero, de la mano de los protagonistas Ricardo Taier, Carli Jim\u00e9nez y Camilo Nicol\u00e1s.<\/p>\n<p>RED ARGENTINA DE DESTINOS TUR\u00cdSTICOS INTELIGENTES<\/p>\n<p>En el marco de la FIT, la ciudad de C\u00f3rdoba celebr\u00f3 la adhesi\u00f3n a la Red Argentina de Destinos Tur\u00edsticos Inteligentes.<\/p>\n<p>La Municipalidad y la Red de Destinos Tur\u00edsticos Inteligentes firmaron un acta de compromiso que tiene como fin promover el desarrollo de actividades de cooperaci\u00f3n institucional mutua y de asistencia t\u00e9cnicas, dirigidas a facilitar y fortalecer la vinculaci\u00f3n entre ambos organismos, a fin de desarrollar una metodolog\u00eda de gesti\u00f3n de inteligencia en el destino tur\u00edstico.<\/p>\n<p>De esta manera, se busca incentivar y generar instancias de acuerdo y retroalimentaci\u00f3n mutua, mediante la asistencia, capacitaci\u00f3n, diagn\u00f3stico, desarrollo e implementaci\u00f3n, monitoreo y evaluaci\u00f3n de metodolog\u00edas que trabajan los pilares de la sostenibilidad socio econ\u00f3mica ambiental del destino, la accesibilidad plena y universal, la integraci\u00f3n territorial, la conectividad y movilidad, innovaci\u00f3n en todos sus aspectos sobre todo tecnol\u00f3gica, la comunicaci\u00f3n y marketing, y la debida gobernanza, en pos del desarrollo tur\u00edstico del destino en forma sostenible e inclusiva, bajo la premisa de que los gobiernos municipales deben contribuir a mejorar la calidad de vida de los residentes y la experiencia tur\u00edstica de los visitantes.<\/p>\n<p>TURISMO RELIGIOSO<\/p>\n<p>En el marco de la promoci\u00f3n del destino en la Feria Internacional de Turismo, la Municipalidad de C\u00f3rdoba tambi\u00e9n estuvo presente en el stand de \u201cTurismo Religioso de Argentina\u201d, junto a la \u201cComisi\u00f3n Argentina de Turismo Religioso\u201d, espacio que comparte desde hace catorce a\u00f1os con el resto de las provincias.<\/p>\n<p>En esta oportunidad tambi\u00e9n se celebr\u00f3 el plenario anual donde se presentaron las actividades a desarrollarse en el 2022, y se determin\u00f3 la necesidad de crear comisiones por regi\u00f3n, para as\u00ed concentrar en cada sede las inquietudes de los diferentes destinos con recursos de \u00edndole cultural y religioso.<\/p>\n","protected":false},"excerpt":{"rendered":"<p>El intendente visit\u00f3 en Buenos Aires la Feria Internacional de Turismo, evento que re\u00fane a las provincias de Argentina y a m\u00e1s de 40 pa\u00edses de distintas regiones del mundo. El intendente Mart\u00edn Llaryora particip\u00f3 este martes de la edici\u00f3n 25 de la Feria Internacional de Turismo, donde la Municipalidad de C\u00f3rdoba promocion\u00f3 a la [&hellip;]<\/p>\n","protected":false},"author":1,"featured_media":32189,"comment_status":"closed","ping_status":"closed","sticky":false,"template":"","format":"standard","meta":[],"categories":[44],"tags":[],"_links":{"self":[{"href":"http:\/\/cordobadirecto.com\/index.php\/wp-json\/wp\/v2\/posts\/32188"}],"collection":[{"href":"http:\/\/cordobadirecto.com\/index.php\/wp-json\/wp\/v2\/posts"}],"about":[{"href":"http:\/\/cordobadirecto.com\/index.php\/wp-json\/wp\/v2\/types\/post"}],"author":[{"embeddable":true,"href":"http:\/\/cordobadirecto.com\/index.php\/wp-json\/wp\/v2\/users\/1"}],"replies":[{"embeddable":true,"href":"http:\/\/cordobadirecto.com\/index.php\/wp-json\/wp\/v2\/comments?post=32188"}],"version-history":[{"count":0,"href":"http:\/\/cordobadirecto.com\/index.php\/wp-json\/wp\/v2\/posts\/32188\/revisions"}],"wp:featuredmedia":[{"embeddable":true,"href":"http:\/\/cordobadirecto.com\/index.php\/wp-json\/wp\/v2\/media\/32189"}],"wp:attachment":[{"href":"http:\/\/cordobadirecto.com\/index.php\/wp-json\/wp\/v2\/media?parent=32188"}],"wp:term":[{"taxonomy":"category","embeddable":true,"href":"http:\/\/cordobadirecto.com\/index.php\/wp-json\/wp\/v2\/categories?post=32188"},{"taxonomy":"post_tag","embeddable":true,"href":"http:\/\/cordobadirecto.com\/index.php\/wp-json\/wp\/v2\/tags?post=32188"}],"curies":[{"name":"wp","href":"https:\/\/api.w.org\/{rel}","templated":true}]}}