{"id":32201,"date":"2021-12-07T19:15:00","date_gmt":"2021-12-07T19:15:00","guid":{"rendered":"https:\/\/lmdiario.com.ar\/contenido\/319938\/hermanito-diaz-la-cordoba-jazz-orchestra-en-ciudad-de-las-artes"},"modified":"2021-12-07T19:15:00","modified_gmt":"2021-12-07T19:15:00","slug":"hermanito-diaz-la-cordoba-jazz-orchestra-en-ciudad-de-las-artes","status":"publish","type":"post","link":"http:\/\/cordobadirecto.com\/index.php\/2021\/12\/07\/hermanito-diaz-la-cordoba-jazz-orchestra-en-ciudad-de-las-artes\/","title":{"rendered":"Hermanito D\u00edaz &amp; la C\u00f3rdoba Jazz Orchestra en Ciudad de las Artes"},"content":{"rendered":"<p>El martes 14 de diciembre a las 20,30 horas en el Teatro de la Ciudad de las Artes se presentan en un concierto \u00fanico <strong>el grupo cordob\u00e9s de rap Hermanito D\u00edaz &nbsp;junto a la C\u00f3rdoba Jazz Orchestra.<\/strong><\/p>\n<p>Con 17 m\u00fasicos en escena, se podr\u00e1 disfrutar del repertorio de cada agrupaci\u00f3n y el lanzamiento en vivo de la canci\u00f3n \u201cARDE\u201d, creaci\u00f3n entre el Rap y el Jazz, con letra de Hermanito D\u00edaz, arreglos de Nicol\u00e1s Ocampo y una poderosa interpretaci\u00f3n de la C\u00f3rdoba Jazz Orchestra y, desde Francia, la violinista Line Kruse.<\/p>\n<p>Anticipadas $700 en venta en la boleter\u00eda del Teatro y portal de Autoentrada<\/p>\n<p>&nbsp;<br \/><strong>Sobre HERMANITO D\u00cdAZ<\/strong><\/p>\n<p>Hermanito D\u00edaz es una agrupaci\u00f3n musical que emergi\u00f3 de la propuesta musical de rap urbano villero latinoamericano &#8220;Rimando Entreversos&#8221;. Formada por Yoni D\u00edaz, &nbsp;en letras, voz y guitarra, y Nico D\u00edaz, en letras y voz, a quienes se les suma &nbsp;Mateo Bruno en el saxo y Jimmy Jim\u00e9nez en percusi\u00f3n.<\/p>\n<p>El coraz\u00f3n musical es el rap, arte y linaje de negritudes y periferias donde las palabras se juegan por narrar historias urgentes.Nacen de Villa el Tropez\u00f3n, un asentamiento de C\u00f3rdoba, Argentina, en cuyos rincones y pasillos Yoni y Nico crecieron rapeando. Como un conjuro para decir lo que duele hondo pero tambi\u00e9n como una extraordinaria manera de encontrarse y celebrar.<\/p>\n<p><strong>Sobre C\u00d3RDOBA JAZZ ORCHESTRA<\/strong><\/p>\n<p>La C\u00f3rdoba Jazz Orchestra &nbsp;es un proyecto gestado por los bateristas Steve Zens, de los Estados Unidos y Germ\u00e1n Siman de Argentina en el a\u00f1o 2005 . Su trabajo es producido desde entonces por la Fundaci\u00f3n Cultural La Escuelita, una de las principales escuelas de m\u00fasica popular de la ciudad de C\u00f3rdoba, con el prop\u00f3sito de abordar un repertorio de jazz desde su formaci\u00f3n emblem\u00e1tica: La Big Band.<\/p>\n<p>Desde el a\u00f1o 2015, y bajo la iniciativa de su director musical Nicol\u00e1s Ocampo, la orquesta propone un programa de m\u00fasica in\u00e9dita para \u201cBig Band\u201d, escribiendo arreglos a partir de obras de importantes compositores cordobeses del g\u00e9nero del jazz. Este repertorio novedoso, de gran calidad art\u00edstica, pone a la orquesta como protagonista y colabora para la difusi\u00f3n de la m\u00fasica producida en C\u00f3rdoba y en las diferentes regiones del pa\u00eds.<\/p>\n<p>El primer volumen de arreglos forma parte del \u00e1lbum debut &nbsp;\u201cComechingonia\u201d, grabado en la Sala Mayor del Teatro del Libertador San Mart\u00edn.<\/p>\n<p>\u201cComechingonia es una ciudad ut\u00f3pica, la C\u00f3rdoba de los sue\u00f1os , un lugar donde se da una s\u00edntesis cultural, un nuevo v\u00ednculo entre el pasado, el presente y el futuro. Un espacio en el cual el hombre vive arm\u00f3nicamente en la naturaleza y la raz\u00f3n permite buscar la propia identidad, conectando lo universal con lo espec\u00edfico. Donde el arte rescata y el amor por el otro y la vida triunfan\u201d as\u00ed lo afirma la C\u00f3rdoba Jazz Orchestra.<img loading=\"lazy\" alt=\"75429429_2517599061610161_3478578731260313600_n\" class=\"img-responsive lazyload\" data-src=\"http:\/\/cordobadirecto.com\/wp-content\/uploads\/2021\/12\/hermanito-diaz-la-cordoba-jazz-orchestra-en-ciudad-de-las-artes.jpg\" data-srcset=\"\/download\/multimedia.normal.b1b9ac19e67fb443.37353432393432395f323531373539393036313631303136315f3334373835375f6e6f726d616c2e6a7067.jpg 1080w, \/download\/multimedia.miniatura.8f74dffffae3058d.37353432393432395f323531373539393036313631303136315f3334373835375f6d696e6961747572612e6a7067.jpg 400w\" height=\"720\" src=\"data:,\" width=\"1080\"><\/p>\n<p><strong>Sobre LINE KRUSE<\/strong><\/p>\n<p>La violinista, compositora y arregladora danesa Line Kruse ha jugado constantemente con las fronteras musicales. Adoptada por la comunidad de m\u00fasicos sudamericanos a su llegada a Par\u00eds, su nombre se asocia a una amplia paleta de artistas como Celine Dion, Minino Garay y Gotan Project.<\/p>\n<p>Su \u00faltimo \u00e1lbum \u201cInvitation\u201d se grab\u00f3 en Cuba con el Harold Lopez Nussa-trio, la cantante Daym\u00e9 Arocena y el maestro flautista Orlando \u201cMaraca\u201d Valle, m\u00e1s un conjunto de cuerdas en Par\u00eds \u201cBowlines\u201d.<\/p>\n<p>A trav\u00e9s de su m\u00fasica, Line se expresa hoy como un m\u00fasico con ra\u00edces diversas, que constantemente tiende puentes entre m\u00fasica cl\u00e1sica europea y m\u00fasica popular sudamericana.<\/p>\n<p><img loading=\"lazy\" alt=\"121205844_3650426725004192_7468053735091248900_n\" class=\"img-responsive lazyload\" data-alto-grande=\"1365\" data-ancho-grande=\"2048\" data-src=\"http:\/\/cordobadirecto.com\/wp-content\/uploads\/2021\/12\/hermanito-diaz-la-cordoba-jazz-orchestra-en-ciudad-de-las-artes-1.jpg\" data-srcset=\"\/download\/multimedia.normal.8662486b6ff6a66f.3132313230353834345f333635303432363732353030343139325f37343638305f6e6f726d616c2e6a7067.jpg 1000w, \/download\/multimedia.grande.b4bbc738025978bf.3132313230353834345f333635303432363732353030343139325f37343638305f6772616e64652e6a7067.jpg 2048w, \/download\/multimedia.miniatura.a6ec19617286367e.3132313230353834345f333635303432363732353030343139325f37343638305f6d696e6961747572612e6a7067.jpg 400w\" height=\"666\" src=\"data:,\" width=\"1000\"><\/p>\n","protected":false},"excerpt":{"rendered":"<p>El martes 14 de diciembre a las 20,30 horas en el Teatro de la Ciudad de las Artes se presentan en un concierto \u00fanico el grupo cordob\u00e9s de rap Hermanito D\u00edaz &nbsp;junto a la C\u00f3rdoba Jazz Orchestra. Con 17 m\u00fasicos en escena, se podr\u00e1 disfrutar del repertorio de cada agrupaci\u00f3n y el lanzamiento en vivo [&hellip;]<\/p>\n","protected":false},"author":1,"featured_media":32202,"comment_status":"closed","ping_status":"closed","sticky":false,"template":"","format":"standard","meta":[],"categories":[20],"tags":[],"_links":{"self":[{"href":"http:\/\/cordobadirecto.com\/index.php\/wp-json\/wp\/v2\/posts\/32201"}],"collection":[{"href":"http:\/\/cordobadirecto.com\/index.php\/wp-json\/wp\/v2\/posts"}],"about":[{"href":"http:\/\/cordobadirecto.com\/index.php\/wp-json\/wp\/v2\/types\/post"}],"author":[{"embeddable":true,"href":"http:\/\/cordobadirecto.com\/index.php\/wp-json\/wp\/v2\/users\/1"}],"replies":[{"embeddable":true,"href":"http:\/\/cordobadirecto.com\/index.php\/wp-json\/wp\/v2\/comments?post=32201"}],"version-history":[{"count":0,"href":"http:\/\/cordobadirecto.com\/index.php\/wp-json\/wp\/v2\/posts\/32201\/revisions"}],"wp:featuredmedia":[{"embeddable":true,"href":"http:\/\/cordobadirecto.com\/index.php\/wp-json\/wp\/v2\/media\/32202"}],"wp:attachment":[{"href":"http:\/\/cordobadirecto.com\/index.php\/wp-json\/wp\/v2\/media?parent=32201"}],"wp:term":[{"taxonomy":"category","embeddable":true,"href":"http:\/\/cordobadirecto.com\/index.php\/wp-json\/wp\/v2\/categories?post=32201"},{"taxonomy":"post_tag","embeddable":true,"href":"http:\/\/cordobadirecto.com\/index.php\/wp-json\/wp\/v2\/tags?post=32201"}],"curies":[{"name":"wp","href":"https:\/\/api.w.org\/{rel}","templated":true}]}}