{"id":32334,"date":"2021-12-07T12:40:51","date_gmt":"2021-12-07T12:40:51","guid":{"rendered":"https:\/\/cordoba.gob.ar\/?p=17861"},"modified":"2021-12-07T12:40:51","modified_gmt":"2021-12-07T12:40:51","slug":"una-ciudad-todos-los-pueblos-vuelve-la-mayor-feria-gastronomica-de-colectividades-de-la-ciudad-de-cordoba","status":"publish","type":"post","link":"http:\/\/cordobadirecto.com\/index.php\/2021\/12\/07\/una-ciudad-todos-los-pueblos-vuelve-la-mayor-feria-gastronomica-de-colectividades-de-la-ciudad-de-cordoba\/","title":{"rendered":"\u201cUna Ciudad Todos los Pueblos\u201d, vuelve la mayor feria gastron\u00f3mica de colectividades de la Ciudad de C\u00f3rdoba"},"content":{"rendered":"<div><img src=\"http:\/\/cordobadirecto.com\/wp-content\/uploads\/2021\/12\/una-ciudad-todos-los-pueblos-vuelve-la-mayor-feria-gastronomica-de-colectividades-de-la-ciudad-de-cordoba.jpg\" class=\"ff-og-image-inserted\"><\/div>\n<ul>\n<li><strong>Se llevar\u00e1 a cabo los d\u00edas 9, 10, 11 y 12 de diciembre en el predio deportivo de la Universidad Nacional de C\u00f3rdoba.<\/strong><\/li>\n<li><strong>Habr\u00e1 14 puestos gastron\u00f3micos, una carpa cultural y un escenario para los bailes y shows caracter\u00edsticos de cada pa\u00eds. La entrada es libre y gratuita.<\/strong><\/li>\n<\/ul>\n<hr>\n<p>Este jueves 9 de diciembre, a las 19 horas, comienza la 7\u00aa edici\u00f3n del Festival \u201cUna Ciudad, Todos los Pueblos\u201d, organizado por la Municipalidad de C\u00f3rdoba, del que formar\u00e1n parte numerosas colectividades que residen en nuestra capital.<\/p>\n<p>Se trata de una oportunidad \u00fanica donde C\u00f3rdoba reafirma su condici\u00f3n cosmopolita a trav\u00e9s del encuentro de migrantes y colectividades a lo largo de cuatro d\u00edas. La entrada es libre y gratuita.<\/p>\n<p>Los d\u00edas 9 y 10 de diciembre el festival estar\u00e1 abierto al p\u00fablico desde las 19 hasta la 1 de la ma\u00f1ana. El s\u00e1bado 11 de diciembre las actividades se desarrollar\u00e1n a partir de las 18 a 2.30 horas. El \u00faltimo d\u00eda del festival, el domingo 12, la jornada ser\u00e1 de 18 y hasta las 23 horas.<\/p>\n<p>La gran feria tendr\u00e1 lugar en el predio deportivo de la Universidad Nacional de C\u00f3rdoba, ubicado en la intersecci\u00f3n de las avenidas Concepci\u00f3n Arenal y Rogelio Nores Mart\u00ednez, en la zona del Parque Sarmiento, espacio sin capacidad l\u00edmite para recibir a los visitantes.<\/p>\n<p>Habr\u00e1 14 puestos gastron\u00f3micos pertenecientes a m\u00e1s de 20 organizaciones migrantes, un escenario para disfrutar de espect\u00e1culos y bailes propios de cada pa\u00eds, y como novedad se instalar\u00e1 una carpa cultural donde se realizar\u00e1n actividades relacionadas con los aspectos tradicionales de cada regi\u00f3n.<\/p>\n<p>Adem\u00e1s, antes del cierre del festival el d\u00eda domingo, se entregar\u00e1n premios mediante votaci\u00f3n del p\u00fablico visitante al mejor puesto de comida y a la mejor carpa.<\/p>\n<p>Desde la Secretar\u00eda de Planeamiento, Modernizaci\u00f3n y Relaciones Internacionales municipal, a trav\u00e9s de su Direcci\u00f3n de Acompa\u00f1amiento y Apoyo al Migrante, llevar\u00e1 a cabo este evento con el objeto de promover y visibilizar la diversidad cultural entre los cordobeses junto a las diferentes organizaciones de migrantes y de colectividades que residen en nuestra ciudad.<\/p>\n<p>Alejandra Torres, secretaria de Planeamiento, Modernizaci\u00f3n y Relaciones Internacionales, resalt\u00f3 el compromiso de la Municipalidad de C\u00f3rdoba para fomentar la diversidad cultural al volver con el \u201cFestival Una Ciudad, Todos los Pueblos\u201d y destac\u00f3 la importancia de trabajar por una ciudad m\u00e1s inclusiva, con el foco puesto en las realidades de cada habitante, siendo el eje transversal de las acciones que acompa\u00f1an la gesti\u00f3n del intendente Mart\u00edn Llaryora.<\/p>\n<p>OFERTA GASTRON\u00d3MICA<\/p>\n<p>Con una variada oferta gastron\u00f3mica distribuida entre 14 puestos dentro del predio, los visitantes podr\u00e1n degustar las comidas t\u00edpicas de las siguientes colectividades participantes: Per\u00fa, Bolivia, Paraguay, Venezuela, Cuba, Espa\u00f1a, Pa\u00eds Vasco, Polonia, Grecia, Rep\u00fablica Checa y Eslovaquia, Jap\u00f3n, Armenia, y \u00c1rabes Musulmanes; y dentro de la carpa de la Uni\u00f3n de Colectividades de C\u00f3rdoba (UCIC) estar\u00e1n los pa\u00edses Brasil y Lituania.<\/p>\n<p>Entre las delicias internacionales se podr\u00e1 degustar cazuela de mariscos vasca, sopa paraguaya, ceviche y anticucho peruano, strudels, shawarma, pierogi, souvlaki, picada armenia, halusky con pollo a la p\u00e1prika de los checos y eslovacos, sushi y tempuras japonesas, pollo frito boliviano, paella espa\u00f1ola, tortas y postres lituanos o la t\u00edpica feijoada brasile\u00f1a, y muchas especialidades m\u00e1s.<\/p>\n<p>LOS ESPECT\u00c1CULOS<\/p>\n<p>Se exhibir\u00e1n danzas \u00e1rabes, armenias, bolivianas, cubanas, espa\u00f1olas, italianas, japonesas, mexicanas, paraguayas, griegas, peruanas, polacas, sirias, entre otras.<\/p>\n<p>CARPA CULTURAL<\/p>\n<p>La edici\u00f3n de este a\u00f1o tiene como novedad la instalaci\u00f3n de una Carpa Cultural integrada por la Asociaci\u00f3n Bella Sicilia, la Colectividad de Andaluc\u00eda, Galicia, Murcia, M\u00e9xico y Hungr\u00eda, donde se compartir\u00e1n diferentes aspectos tradicionales de la cultura de cada regi\u00f3n de origen.<\/p>\n<p>PREMIOS DEL FESTIVAL<\/p>\n<p>Otra de las acciones singulares para esta ocasi\u00f3n es la votaci\u00f3n a la Mejor Carpa Decorada y a la Mejor Gastronom\u00eda, mediante la votaci\u00f3n de las personas que asistan a cualquiera de las cuatro jornadas del festival.<\/p>\n<p>Se podr\u00e1 participar completando un formulario a trav\u00e9s de un C\u00f3digo QR que estar\u00e1 disponible en los banners del predio, y que a su vez miembros de la Direcci\u00f3n de Juventud municipal estar\u00e1n invitando a interactuar.<\/p>\n<p>Al finalizar la jornada del \u00faltimo d\u00eda del Festival, el domingo 12, se entregar\u00e1n los premios a los correspondientes ganadores a partir de las votaciones del p\u00fablico visitante.<\/p>\n","protected":false},"excerpt":{"rendered":"<p>Se llevar\u00e1 a cabo los d\u00edas 9, 10, 11 y 12 de diciembre en el predio deportivo de la Universidad Nacional de C\u00f3rdoba. Habr\u00e1 14 puestos gastron\u00f3micos, una carpa cultural y un escenario para los bailes y shows caracter\u00edsticos de cada pa\u00eds. La entrada es libre y gratuita. Este jueves 9 de diciembre, a las [&hellip;]<\/p>\n","protected":false},"author":1,"featured_media":32335,"comment_status":"closed","ping_status":"closed","sticky":false,"template":"","format":"standard","meta":[],"categories":[44],"tags":[],"_links":{"self":[{"href":"http:\/\/cordobadirecto.com\/index.php\/wp-json\/wp\/v2\/posts\/32334"}],"collection":[{"href":"http:\/\/cordobadirecto.com\/index.php\/wp-json\/wp\/v2\/posts"}],"about":[{"href":"http:\/\/cordobadirecto.com\/index.php\/wp-json\/wp\/v2\/types\/post"}],"author":[{"embeddable":true,"href":"http:\/\/cordobadirecto.com\/index.php\/wp-json\/wp\/v2\/users\/1"}],"replies":[{"embeddable":true,"href":"http:\/\/cordobadirecto.com\/index.php\/wp-json\/wp\/v2\/comments?post=32334"}],"version-history":[{"count":0,"href":"http:\/\/cordobadirecto.com\/index.php\/wp-json\/wp\/v2\/posts\/32334\/revisions"}],"wp:featuredmedia":[{"embeddable":true,"href":"http:\/\/cordobadirecto.com\/index.php\/wp-json\/wp\/v2\/media\/32335"}],"wp:attachment":[{"href":"http:\/\/cordobadirecto.com\/index.php\/wp-json\/wp\/v2\/media?parent=32334"}],"wp:term":[{"taxonomy":"category","embeddable":true,"href":"http:\/\/cordobadirecto.com\/index.php\/wp-json\/wp\/v2\/categories?post=32334"},{"taxonomy":"post_tag","embeddable":true,"href":"http:\/\/cordobadirecto.com\/index.php\/wp-json\/wp\/v2\/tags?post=32334"}],"curies":[{"name":"wp","href":"https:\/\/api.w.org\/{rel}","templated":true}]}}