{"id":3256,"date":"2021-03-17T21:44:19","date_gmt":"2021-03-17T21:44:19","guid":{"rendered":"https:\/\/es.digitaltrends.com\/?p=797248"},"modified":"2021-03-17T21:44:19","modified_gmt":"2021-03-17T21:44:19","slug":"marvel-comics-presenta-al-primer-capitan-america-gay","status":"publish","type":"post","link":"http:\/\/cordobadirecto.com\/index.php\/2021\/03\/17\/marvel-comics-presenta-al-primer-capitan-america-gay\/","title":{"rendered":"Marvel Comics presenta al primer Capit\u00e1n Am\u00e9rica gay"},"content":{"rendered":"<p><span>A partir de junio, <a href=\"https:\/\/es.digitaltrends.com\/noticias\/vota-para-elegir-nuevo-integrante-x-men-marvel-comics\/\">Marvel Comics<\/a> estrenar\u00e1 la serie <\/span><i><span>Los Estados Unidos del Capit\u00e1n Am\u00e9rica<\/span><\/i><span>, un conjunto de historias en las que el h\u00e9roe Steve Rogers y su compa\u00f1ero Bucky Barnes recorren la Uni\u00f3n Americana en b\u00fasqueda del ic\u00f3nico escudo del Capit\u00e1n Am\u00e9rica. La serie mostrar\u00e1 nuevas versiones del h\u00e9roe, incluido el primer Capit\u00e1n Am\u00e9rica gay: Aaron Fischer.<\/span><\/p>\n<p><span>Su aparici\u00f3n ocurrir\u00e1 en el marco del <a href=\"https:\/\/es.digitaltrends.com\/entretenimiento\/sailor-moon-homosexual-icono-diversidad-sexual\/\">D\u00eda Internacional del Orgullo LGBT<\/a>, a conmemorarse el pr\u00f3ximo 28 de junio. Marvel incluir\u00e1 al nuevo Capit\u00e1n Am\u00e9rica gay como parte de los esfuerzos por diversificar su oferta de contenidos y mostrarse inclusivo con todos sus lectores y lectoras.<\/span><\/p>\n<figure class=\"aligncenter\"><img src=\"http:\/\/cordobadirecto.com\/wp-content\/uploads\/2021\/03\/marvel-comics-presenta-al-primer-capitan-america-gay.gif\" data-dt-lazy-src=\"https:\/\/img.dtcn.com\/image\/digitaltrends_es\/aaron-fischer-2-720x720.jpg\" onerror=\"dti_load_error(this)\" class=\" size-large wp-image-797250 dt-lazy-load dt-lazy-pending\" alt=\"Marvel Comics presenta al primer Capit\u00e1n Am\u00e9rica gay\"><\/figure>\n<p><span>Adem\u00e1s de ser abiertamente homosexual, Aaron Fischer ser\u00e1 un Capit\u00e1n Am\u00e9rica sin superpoderes. \u201cEst\u00e1 inspirado en los h\u00e9roes de la comunidad <em>queer<\/em>, pelea por los oprimidos y los olvidados, espero que su historia debut resuene en los lectores y ayuda a inspirar una nueva generaci\u00f3n de h\u00e9roes\u201d, destac\u00f3 el escritor Aaron Trujillo, encargado del debut del primer n\u00famero de <\/span><i><span>Los Estados Unidos del Capit\u00e1n Am\u00e9rica<\/span><\/i><span>.<\/span><\/p>\n<p><span>Las vi\u00f1etas de la nueva historia del Capit\u00e1n Am\u00e9rica correr\u00e1n a cargo de la ilustradora mexicana Janeth Bazaldua, una mujer transexual. \u201cRealmente disfrut\u00e9 dise\u00f1arlo y, como persona transexual, me siento feliz de poder representar a una persona abiertamente gay que admira al Capit\u00e1n Am\u00e9rica y lucha contra el mal para proteger a los son casi invisibles para la sociedad\u201d, se\u00f1al\u00f3.<\/span><\/p>\n<p><span>El c\u00f3mic estar\u00e1 a la venta a partir del 2 de junio, y adem\u00e1s de ser parte de la conmemoraci\u00f3n del Mes del Orgullo, tambi\u00e9n servir\u00e1 para celebrar el 80 aniversario de la primera edici\u00f3n del Capit\u00e1n Am\u00e9rica, publicada en marzo de 1941.<\/span><\/p>\n<h4 class=\"h-editors-recs-title\"> Recomendaciones del editor\t<\/h4>\n<p> <span id=\"publisher-md\" itemprop=\"publisher\" itemscope itemtype=\"https:\/\/schema.org\/Organization\"> <span itemprop=\"url\" itemtype=\"https:\/\/schema.org\/Url\" content=\"https:\/\/es.digitaltrends.com\"> <span itemprop=\"logo\" itemscope itemtype=\"https:\/\/schema.org\/ImageObject\"> <meta itemprop=\"url\" content=\"https:\/\/cdn.dtcn.com\/dt\/dt-logo-small.png\"> <meta itemprop=\"width\" content=\"0\"> <meta itemprop=\"height\" content=\"0\"> <\/span> <meta itemprop=\"name\" content=\"Digital Trends Espa\u00f1ol\"> <\/span> <span itemprop=\"image\" itemscope itemtype=\"https:\/\/schema.org\/ImageObject\"> <meta itemprop=\"url\" content=\"https:\/\/img.dtcn.com\/image\/digitaltrends_es\/aaron-fischer.jpg\"> <\/span> <\/span><\/p>\n","protected":false},"excerpt":{"rendered":"<p>A partir de junio, Marvel Comics estrenar\u00e1 la serie Los Estados Unidos del Capit\u00e1n Am\u00e9rica, un conjunto de historias en las que el h\u00e9roe Steve Rogers y su compa\u00f1ero Bucky Barnes recorren la Uni\u00f3n Americana en b\u00fasqueda del ic\u00f3nico escudo del Capit\u00e1n Am\u00e9rica. La serie mostrar\u00e1 nuevas versiones del h\u00e9roe, incluido el primer Capit\u00e1n Am\u00e9rica [&hellip;]<\/p>\n","protected":false},"author":1,"featured_media":3257,"comment_status":"closed","ping_status":"closed","sticky":false,"template":"","format":"standard","meta":[],"categories":[18],"tags":[],"_links":{"self":[{"href":"http:\/\/cordobadirecto.com\/index.php\/wp-json\/wp\/v2\/posts\/3256"}],"collection":[{"href":"http:\/\/cordobadirecto.com\/index.php\/wp-json\/wp\/v2\/posts"}],"about":[{"href":"http:\/\/cordobadirecto.com\/index.php\/wp-json\/wp\/v2\/types\/post"}],"author":[{"embeddable":true,"href":"http:\/\/cordobadirecto.com\/index.php\/wp-json\/wp\/v2\/users\/1"}],"replies":[{"embeddable":true,"href":"http:\/\/cordobadirecto.com\/index.php\/wp-json\/wp\/v2\/comments?post=3256"}],"version-history":[{"count":0,"href":"http:\/\/cordobadirecto.com\/index.php\/wp-json\/wp\/v2\/posts\/3256\/revisions"}],"wp:featuredmedia":[{"embeddable":true,"href":"http:\/\/cordobadirecto.com\/index.php\/wp-json\/wp\/v2\/media\/3257"}],"wp:attachment":[{"href":"http:\/\/cordobadirecto.com\/index.php\/wp-json\/wp\/v2\/media?parent=3256"}],"wp:term":[{"taxonomy":"category","embeddable":true,"href":"http:\/\/cordobadirecto.com\/index.php\/wp-json\/wp\/v2\/categories?post=3256"},{"taxonomy":"post_tag","embeddable":true,"href":"http:\/\/cordobadirecto.com\/index.php\/wp-json\/wp\/v2\/tags?post=3256"}],"curies":[{"name":"wp","href":"https:\/\/api.w.org\/{rel}","templated":true}]}}