{"id":3267,"date":"2021-03-18T10:46:05","date_gmt":"2021-03-18T10:46:05","guid":{"rendered":"http:\/\/cordobadirecto.com\/index.php\/2021\/03\/18\/oficializan-la-aceptacion-de-la-renuncia-de-marcela-losardo-como-ministra-de-justicia\/"},"modified":"2021-03-18T10:46:05","modified_gmt":"2021-03-18T10:46:05","slug":"oficializan-la-aceptacion-de-la-renuncia-de-marcela-losardo-como-ministra-de-justicia","status":"publish","type":"post","link":"http:\/\/cordobadirecto.com\/index.php\/2021\/03\/18\/oficializan-la-aceptacion-de-la-renuncia-de-marcela-losardo-como-ministra-de-justicia\/","title":{"rendered":"Oficializan la aceptaci\u00f3n de la renuncia de Marcela Losardo como ministra de Justicia"},"content":{"rendered":"<div><img src=\"http:\/\/cordobadirecto.com\/wp-content\/uploads\/2021\/03\/oficializan-la-aceptacion-de-la-renuncia-de-marcela-losardo-como-ministra-de-justicia.jpg\" class=\"ff-og-image-inserted\"><\/div>\n<p>El Gobierno nacional oficializ\u00f3 este jueves la aceptaci\u00f3n de la renuncia de Marcela Losardo al frente del Ministerio de Justicia, a trav\u00e9s del decreto 170\/2021 publicado en el Bolet\u00edn Oficial.<\/p>\n<p>En ese marco, se agradeci\u00f3 &#8220;a la funcionaria renunciante los valiosos servicios prestados en el desempe\u00f1o de su cargo&#8221;.<\/p>\n<p>La decisi\u00f3n lleva la firma del presidente Alberto Fern\u00e1ndez y del jefe de Gabinete, Santiago Cafiero.<\/p>\n<p>Adem\u00e1s, por medio del decreto 171\/2021 se acept\u00f3 la renuncia presentada por Laura Marcela Marrazo al cargo de secretaria general de Justicia y Derechos Humanos del ministerio.<\/p>\n<div class=\"block-ad-node\">\n<div>\n<p> <span>Publicidad<\/span> <\/p>\n<\/div>\n<\/div>\n<p>Esta semana, el Presidente anunci\u00f3 que el cargo de Losardo fue ofrecido al diputado nacional del Frente de Todos Mart\u00edn Soria.<\/p>\n<p>Tras conocerse la designaci\u00f3n, el legislador rionegrino afirm\u00f3 que una de sus &#8220;aspiraciones&#8221; como titular de esa cartera &#8220;es terminar con el &#8216;lawfare'&#8221; y &#8220;desarmar la mesa judicial que funcionaba en el despacho de Mauricio Macri&#8221;.<\/p>\n<p>Soria es un dirigente del peronismo tradicional de R\u00edo Negro, provincia en la que fue dos veces intendente de la ciudad de General Roca, y en el \u00faltimo tiempo profundiz\u00f3 sus denuncias contra el funcionamiento de diversas \u00e1reas del Poder Judicial.<\/p>\n<p>Tras la aceptaci\u00f3n de la renuncia de Losardo, la C\u00e1mara de Diputados debe aceptar ahora la dimisi\u00f3n de Soria como legislador para poder jurar como ministro del gabinete nacional, lo que se concretar\u00e1 en los pr\u00f3ximos d\u00edas<\/p>\n<div class=\"ctaNewsNotaContainer\" readability=\"6.5\">\n<div class=\"newsletterTextContainer\" readability=\"33\">\n<p> S\u00cdNTESIS POL\u00cdTICA<\/p>\n<p> Informaci\u00f3n exclusiva y el mejor an\u00e1lisis, los lunes en tu correo.<\/p>\n<form method=\"post\" action-xhr=\"https:\/\/www.lavoz.com.ar\/newsletters\/sintesis-politica\/signup\" id=\"newsletter-signup\" class=\"newsletterForm\" target=\"_blank\" custom-validation-reporting=\"as-you-go\" on=\"submit:AMP.setState({formLoading:true});submit-success:AMP.setState({formSuccess:true})\">\n<div submit-success class=\"is-paddingless-l\" readability=\"6\"> <template type=\"amp-mustache\" readability=\"2\"><\/p>\n<p> <strong>\u00a1Gracias por suscribirte!<\/strong><\/p>\n<p> <\/template><\/div>\n<div submit-error class=\"is-paddingless-l\" readability=\"6.5\"> <template type=\"amp-mustache\" readability=\"3\"><\/p>\n<p> <strong>Ha ocurrido un error, por favor intente nuevamente m\u00e1s tarde.<\/strong><\/p>\n<p> <\/template><\/div>\n<\/form>\n<\/div>\n<\/div>\n<div>\n<p> <span>Publicidad<\/span> <\/p>\n<\/div>\n","protected":false},"excerpt":{"rendered":"<p>El Gobierno nacional oficializ\u00f3 este jueves la aceptaci\u00f3n de la renuncia de Marcela Losardo al frente del Ministerio de Justicia, a trav\u00e9s del decreto 170\/2021 publicado en el Bolet\u00edn Oficial. En ese marco, se agradeci\u00f3 &#8220;a la funcionaria renunciante los valiosos servicios prestados en el desempe\u00f1o de su cargo&#8221;. La decisi\u00f3n lleva la firma del [&hellip;]<\/p>\n","protected":false},"author":1,"featured_media":3268,"comment_status":"closed","ping_status":"closed","sticky":false,"template":"","format":"standard","meta":[],"categories":[23],"tags":[],"_links":{"self":[{"href":"http:\/\/cordobadirecto.com\/index.php\/wp-json\/wp\/v2\/posts\/3267"}],"collection":[{"href":"http:\/\/cordobadirecto.com\/index.php\/wp-json\/wp\/v2\/posts"}],"about":[{"href":"http:\/\/cordobadirecto.com\/index.php\/wp-json\/wp\/v2\/types\/post"}],"author":[{"embeddable":true,"href":"http:\/\/cordobadirecto.com\/index.php\/wp-json\/wp\/v2\/users\/1"}],"replies":[{"embeddable":true,"href":"http:\/\/cordobadirecto.com\/index.php\/wp-json\/wp\/v2\/comments?post=3267"}],"version-history":[{"count":0,"href":"http:\/\/cordobadirecto.com\/index.php\/wp-json\/wp\/v2\/posts\/3267\/revisions"}],"wp:featuredmedia":[{"embeddable":true,"href":"http:\/\/cordobadirecto.com\/index.php\/wp-json\/wp\/v2\/media\/3268"}],"wp:attachment":[{"href":"http:\/\/cordobadirecto.com\/index.php\/wp-json\/wp\/v2\/media?parent=3267"}],"wp:term":[{"taxonomy":"category","embeddable":true,"href":"http:\/\/cordobadirecto.com\/index.php\/wp-json\/wp\/v2\/categories?post=3267"},{"taxonomy":"post_tag","embeddable":true,"href":"http:\/\/cordobadirecto.com\/index.php\/wp-json\/wp\/v2\/tags?post=3267"}],"curies":[{"name":"wp","href":"https:\/\/api.w.org\/{rel}","templated":true}]}}