{"id":32790,"date":"2021-12-11T09:56:17","date_gmt":"2021-12-11T09:56:17","guid":{"rendered":"http:\/\/cordobadirecto.com\/index.php\/2021\/12\/11\/abril-olivera-brillo-en-tecnopolis\/"},"modified":"2021-12-11T09:56:17","modified_gmt":"2021-12-11T09:56:17","slug":"abril-olivera-brillo-en-tecnopolis","status":"publish","type":"post","link":"http:\/\/cordobadirecto.com\/index.php\/2021\/12\/11\/abril-olivera-brillo-en-tecnopolis\/","title":{"rendered":"Abril Olivera brill\u00f3 en Tecn\u00f3polis"},"content":{"rendered":"<figure class=\"mb-3\"><img loading=\"lazy\" src=\"http:\/\/cordobadirecto.com\/wp-content\/uploads\/2021\/12\/abril-olivera-brillo-en-tecnopolis.jpg\" width=\"100%\" height=\"100%\" alt=\"En el Ciclo Visionarix Olivera hizo un gran recorrido por todo su repertorio Foto Laura Szenkierman Prensa Tecnpolis\"><figcaption> En el Ciclo Visionarix, Olivera hizo un gran recorrido por todo su repertorio (Foto: Laura Szenkierman Prensa Tecn\u00f3polis) <\/figcaption><\/figure>\n<p>Tecn\u00f3polis ocho de la noche. Crep\u00fasculo. El d\u00eda estaba llegando a su fin. Se siente que el verano est\u00e1 cerca porque los d\u00edas se alargan. La humedad y la vibra musical del <strong>escenario Juana Azurduy<\/strong> se mezclaban en el aire, con un p\u00fablico expectante al inicio del show de la <strong>j\u00f3ven artista de r&amp;b<\/strong> (rythm and blues, ritmo y blues en espa\u00f1ol).&nbsp;<\/p>\n<p>Una vez que Abril se hizo presente en el escenario, la energ\u00eda cambi\u00f3 y todo tuvo otro color, al igual que la vestimenta amarilla que eligi\u00f3 para este viernes. Un chaleco y un pantal\u00f3n a juego, junto con unos tacos negros aterciopelados y un top negro apareci\u00f3 en el centro de la escena tras un instrumental armonioso de los <strong>cuatro m\u00fasicos de su banda.<\/strong><\/p>\n<figure class=\"mb-3\"><img loading=\"lazy\" src=\"http:\/\/cordobadirecto.com\/wp-content\/uploads\/2021\/12\/abril-olivera-brillo-en-tecnopolis-1.jpg\" width=\"100%\" height=\"100%\" alt=\"Cant canciones de su EP Espacios 2019 de singles de 2020 y de su futuro disco Foto Laura Szenkierman Prensa Tecnpolis\"><figcaption> Cant\u00f3 canciones de su EP &#8220;Espacios&#8221; (2019), de singles de 2020 y de su futuro disco (Foto: Laura Szenkierman Prensa Tecn\u00f3polis) <\/figcaption><\/figure>\n<p>Con la energ\u00eda que la caracteriza, Abril hizo uso de su talentoso instrumento e invit\u00f3 al p\u00fablico a bailar al ritmo de sus melod\u00edas. A banda completa, con m\u00fasicos que saben muy bien lo que hacen, el show de Olivera decor\u00f3 el fin del d\u00eda con hits como \u201cEn Alg\u00fan lugar\u201d, su tema m\u00e1s escuchado en Spotify y \u201cMKOB\u201d (my kind of bossa, mi tipo de bossa) el \u00faltimo sencillo que lanz\u00f3 junto al gran Fito P\u00e1ez.<\/p>\n<p>Tambi\u00e9n deleit\u00f3 al p\u00fablico con un <strong>cover de un referente del g\u00e9nero, P1cky, llamado &#8220;Esa forma de mirar&#8221;.&nbsp;&nbsp;<\/strong>Ya avanzado en el show, la cantante invit\u00f3 a su amiga <strong>Soy Acus quien rape\u00f3 y bail\u00f3 a su lado<\/strong>, en una de las canciones del pr\u00f3ximo disco. Ambas coronaron el final de la canci\u00f3n con un c\u00e1lido abrazo.<\/p>\n<figure class=\"mb-3\"><img loading=\"lazy\" src=\"http:\/\/cordobadirecto.com\/wp-content\/uploads\/2021\/12\/abril-olivera-brillo-en-tecnopolis-2.jpg\" width=\"100%\" height=\"100%\" alt=\"Foto Laura Szenkierman Prensa Tecnpolis\"><figcaption> (Foto: Laura Szenkierman Prensa Tecn\u00f3polis) <\/figcaption><\/figure>\n<h2 class>M\u00fasicos de la banda<\/h2>\n<p>La banda estaba compuesta por <strong>Juli\u00e1n Gasho en bajo, Joaqu\u00edn Waiman en bater\u00eda, Augusto Dura\u00f1ona en teclado y Cruz Hunkeler en guitarra.<\/strong><\/p>\n<p>El p\u00fablico a lo largo del show se mostr\u00f3 muy comprometido y enganchado con la m\u00fasica de Abril, quien brill\u00f3 y demostr\u00f3 que tiene un instrumento que da gusto escuchar.&nbsp;<\/p>\n<p><strong>Vale la pena ver a esta artista en vivo porque brinda un espect\u00e1culo muy interesante a nivel musical, visual y sonoro. <\/strong>Las clases de baile y teatro que tom\u00f3 durante su infancia y adolescencia dieron sus frutos y se nota al verla interpretar pegada al micr\u00f3fono.&nbsp;<\/p>\n<blockquote class=\"instagram-media\" data-instgrm-captioned data-instgrm-permalink=\"https:\/\/www.instagram.com\/p\/CWTZYvPlhd-\/?utm_source=ig_embed&amp;utm_campaign=loading\" data-instgrm-version=\"14\" readability=\"-0.24137931034483\"><\/blockquote>\n<h2 class>Entrevista<\/h2>\n<p><strong>En una charla con T\u00e9lam, Olivera anticip\u00f3&nbsp;que se viene su disco pronto<\/strong> y, que no es exclusivamente de r&amp;b, aunque todav\u00eda no hay fecha precisa de lanzamiento. Tambi\u00e9n coment\u00f3 que puede que haya otra fecha a banda completa antes del cierre del 2020.&nbsp;<\/p>\n<p>Con respecto a su experiencia&nbsp;<strong>grabando con Fito P\u00e1ez, a quien admira con locura desde que tiene memoria, cont\u00f3 que fue cumplir un sue\u00f1o y que super\u00f3 sus expectativas.&nbsp;<\/strong><\/p>\n<blockquote class=\"instagram-media\" data-instgrm-captioned data-instgrm-permalink=\"https:\/\/www.instagram.com\/p\/CTpubpyP6xP\/?utm_source=ig_embed&amp;utm_campaign=loading\" data-instgrm-version=\"14\" readability=\"-0.24137931034483\"><\/blockquote>\n<p><strong>&#8220;Compartir la m\u00fasica y el escenario con mis amigxs es una de las cosas que m\u00e1s disfruto&#8221;<\/strong>, reflexion\u00f3 la compositora con brillo en los ojos antes de salir a escena, mientras su hermana y compa\u00f1era, Azul Olivera, la peinaba y le daba los \u00faltimos toques de maquillaje.&nbsp;<\/p>\n<p>No caben dudas que Abril Olivera es una artista completa que tiene un gran presente y futuro por delante como compositora y cantante. Tanto escucharla en Spotify, ver sus videoclips en Youtube y disfrutarla en vivo, es un verdadero placer.&nbsp; <\/p>\n","protected":false},"excerpt":{"rendered":"<p>En el Ciclo Visionarix, Olivera hizo un gran recorrido por todo su repertorio (Foto: Laura Szenkierman Prensa Tecn\u00f3polis) Tecn\u00f3polis ocho de la noche. Crep\u00fasculo. El d\u00eda estaba llegando a su fin. Se siente que el verano est\u00e1 cerca porque los d\u00edas se alargan. La humedad y la vibra musical del escenario Juana Azurduy se mezclaban [&hellip;]<\/p>\n","protected":false},"author":1,"featured_media":32791,"comment_status":"closed","ping_status":"closed","sticky":false,"template":"","format":"standard","meta":[],"categories":[20],"tags":[],"_links":{"self":[{"href":"http:\/\/cordobadirecto.com\/index.php\/wp-json\/wp\/v2\/posts\/32790"}],"collection":[{"href":"http:\/\/cordobadirecto.com\/index.php\/wp-json\/wp\/v2\/posts"}],"about":[{"href":"http:\/\/cordobadirecto.com\/index.php\/wp-json\/wp\/v2\/types\/post"}],"author":[{"embeddable":true,"href":"http:\/\/cordobadirecto.com\/index.php\/wp-json\/wp\/v2\/users\/1"}],"replies":[{"embeddable":true,"href":"http:\/\/cordobadirecto.com\/index.php\/wp-json\/wp\/v2\/comments?post=32790"}],"version-history":[{"count":0,"href":"http:\/\/cordobadirecto.com\/index.php\/wp-json\/wp\/v2\/posts\/32790\/revisions"}],"wp:featuredmedia":[{"embeddable":true,"href":"http:\/\/cordobadirecto.com\/index.php\/wp-json\/wp\/v2\/media\/32791"}],"wp:attachment":[{"href":"http:\/\/cordobadirecto.com\/index.php\/wp-json\/wp\/v2\/media?parent=32790"}],"wp:term":[{"taxonomy":"category","embeddable":true,"href":"http:\/\/cordobadirecto.com\/index.php\/wp-json\/wp\/v2\/categories?post=32790"},{"taxonomy":"post_tag","embeddable":true,"href":"http:\/\/cordobadirecto.com\/index.php\/wp-json\/wp\/v2\/tags?post=32790"}],"curies":[{"name":"wp","href":"https:\/\/api.w.org\/{rel}","templated":true}]}}