{"id":32792,"date":"2021-12-11T09:56:19","date_gmt":"2021-12-11T09:56:19","guid":{"rendered":"http:\/\/cordobadirecto.com\/index.php\/2021\/12\/11\/rafaga-cerro-el-festival-democracia-para-siempre-en-plaza-de-mayo\/"},"modified":"2021-12-11T09:56:19","modified_gmt":"2021-12-11T09:56:19","slug":"rafaga-cerro-el-festival-democracia-para-siempre-en-plaza-de-mayo","status":"publish","type":"post","link":"http:\/\/cordobadirecto.com\/index.php\/2021\/12\/11\/rafaga-cerro-el-festival-democracia-para-siempre-en-plaza-de-mayo\/","title":{"rendered":"R\u00e1faga cerr\u00f3 el Festival Democracia para Siempre en Plaza de Mayo"},"content":{"rendered":"<div class=\"video_repositive\"> <a class=\"video_sticky\" href=\"javascript:void();\" onclick=\"removeStuckVideo(true);\"><i class=\"far fa-window-close\"><\/i><\/a> <\/p>\n<div id=\"vrZvxgDBDjs\" class=\"video_telam\" readability=\"6\">\n<div class=\"feature_article_inner\" readability=\"32\">\n<p><h2 class=\"text-center\">Festival de m\u00fasica &#8211; D\u00eda de la Democracia II<\/h2>\n<\/p><\/div>\n<p>VER VIDEO <i class=\"fas fa-play\"><\/i><\/p>\n<\/p><\/div><\/div>\n<p>A ritmo de m\u00fasica tropical y con miles y miles de personas bailando y agitando palmas, el grupo R\u00e1faga cerr\u00f3 pasadas las 19 el Festival Democracia para Siempre en Plaza de Mayo, antes de los discursos del presidente Alberto Fern\u00e1ndez, la vicepresidenta Cristina Kirchner y el exmandatario de Brasil Luiz In\u00e1cio Lula Da Silva.<\/p>\n<p>El hist\u00f3rico grupo de cumbia movi\u00f3 a la gente con algunos de sus populares cl\u00e1sicos como &#8220;Una cerveza&#8221;, con el que arranc\u00f3, &#8220;Una r\u00e1faga de amor (chiquilina)&#8221; y &#8220;Ag\u00fcita&#8221;, entre otros.<\/p>\n<figure class=\"mb-3\"><img loading=\"lazy\" src=\"http:\/\/cordobadirecto.com\/wp-content\/uploads\/2021\/12\/rafaga-cerro-el-festival-democracia-para-siempre-en-plaza-de-mayo.jpg\" width=\"100%\" height=\"100%\" alt=\"Grupo Rfaga Foto Ral Ferrari\"><figcaption> Grupo R\u00e1faga. Foto: Ra\u00fal Ferrari <\/figcaption><\/figure>\n<p>El show de R\u00e1faga, el m\u00e1s largo de una tarde que comenz\u00f3 calurosa, luego sufri\u00f3 una peque\u00f1a llovizna y finaliz\u00f3 con un cielo l\u00edmpido, sigui\u00f3 con &#8220;Mentirosa&#8221; y cerr\u00f3 con &#8220;La luna y t\u00fa&#8221;.<\/p>\n<p>Antes hab\u00edan estado sobre el escenario, que ten\u00eda por detr\u00e1s la Casa Rosada, el quinteto brasile\u00f1o Francisco, el Hombre; Peteco Carabajal con Riendas Sueltas, Teresa Parodi, V\u00edctor Heredia y un set rockero integrado por Super Ratones, Barbi Recanati y Massacre.<\/p>\n<p>V\u00edctor Heredia arranc\u00f3 poco antes de las 18 con &#8220;Todav\u00eda cantamos&#8221;, movilizando a los miles de ciudadanos que se reunieron en la Plaza para expresar su apoyo a la democracia y ratificar su v\u00ednculo con el Gobierno.<\/p>\n<div class=\"video_repositive\"> <a class=\"video_sticky\" href=\"javascript:void();\" onclick=\"removeStuckVideo(true);\"><i class=\"far fa-window-close\"><\/i><\/a> <\/p>\n<div id=\"OGKDAD2l7WA\" class=\"video_telam\" readability=\"6\">\n<div class=\"feature_article_inner\" readability=\"32\">\n<p><h2 class=\"text-center\">Festival de m\u00fasica &#8211; D\u00eda de la Democracia<\/h2>\n<\/p><\/div>\n<p>VER VIDEO <i class=\"fas fa-play\"><\/i><\/p>\n<\/p><\/div><\/div>\n<p>Inmediatamente sigui\u00f3 Teresa Parodi con &#8220;Nunca m\u00e1s&#8221; y luego juntos entonaron el canto de resistencia de Mar\u00eda Elena Walsh &#8220;Como la cigarra&#8221;, que fue acompa\u00f1ado por toda la gente.<\/p>\n<p>&#8220;Viva la democracia&#8221;, dijo V\u00edctor cuando se retiraron; &#8220;Viva la patria, Viva Am\u00e9rica Latina&#8221;, a\u00f1adi\u00f3 Teresa.<\/p>\n<p>Antes hab\u00eda pasado Peteco Carabajal con el tr\u00edo de guitarras y bombo leg\u00fcero Riendas Sueltas que comparte con su hijo Homero y entreg\u00f3 un pu\u00f1ado de canciones, entre ellas la celebrada &#8220;Las manos de mi madre&#8221;.<\/p>\n<figure class=\"mb-3\"><img loading=\"lazy\" src=\"http:\/\/cordobadirecto.com\/wp-content\/uploads\/2021\/12\/rafaga-cerro-el-festival-democracia-para-siempre-en-plaza-de-mayo-1.jpg\" width=\"100%\" height=\"100%\" alt=\"Victo Heredia Foto Ral Ferrari\"><figcaption> Victo Heredia. Foto: Ra\u00fal Ferrari <\/figcaption><\/figure>\n<p>Peteco arranc\u00f3 su presentaci\u00f3n con &#8220;El amor como bandera&#8221; y lo cerr\u00f3 con el cl\u00e1sico &#8220;Entre a mi pago sin golpear&#8221;.<\/p>\n<p>Despu\u00e9s de los argentinos y antes de R\u00e1faga, subi\u00f3 al escenario el quinteto brasile\u00f1o Franciso, el Hombre, que cant\u00f3 en castellano y portugu\u00e9s, se defini\u00f3 por la diversidad sexual y record\u00f3 a la gente muerta en pandemia en Brasil y Argentina, adem\u00e1s de pedir: &#8220;Fuera Bolsonaro&#8221; y concluir con un &#8220;Viva Lula&#8221;.<\/p>\n<p>El quinteto, con una orientaci\u00f3n por la m\u00fasica Latinoamericana con ciertas reminiscencias a Manu Chao e integrado por m\u00fasicos y m\u00fasicas, propuso un &#8220;latinoamericanxs unidxs ahora y siempre&#8221; y enton\u00f3 &#8220;Como una flor&#8221;, &#8220;Solo muere el que olvida&#8221;, &#8220;Triste, louca o M\u00e1&#8221; y &#8220;La primavera&#8221;, dedicada al Movimiento Sin Tierra de su pa\u00eds.<\/p>\n<figure class=\"mb-3\"><img loading=\"lazy\" src=\"http:\/\/cordobadirecto.com\/wp-content\/uploads\/2021\/12\/rafaga-cerro-el-festival-democracia-para-siempre-en-plaza-de-mayo-2.jpg\" width=\"100%\" height=\"100%\" alt=\"Peteco Carabajal Foto Ral Ferrari\"><figcaption> Peteco Carabajal. Foto: Ra\u00fal Ferrari <\/figcaption><\/figure>\n<p>Massacre, Los S\u00faper Ratones y Barbi Recanati fueron las bandas del apartado musical &#8220;rockero&#8221; que abri\u00f3 m\u00e1s temprano el festival en Plaza de Mayo.<\/p>\n<p>&#8220;Hola loques, un beso, Massacre dice &#8216;presente&#8217; en la Plaza&#8221;, dijo Wallas, cantante de la banda, que subi\u00f3 a las 17 al escenario al ritmo de su canci\u00f3n &#8220;La resurrecci\u00f3n&#8221;, a la que le sigui\u00f3 &#8220;Plan B: Anhelo De Satisfacci\u00f3n&#8221;, la canci\u00f3n que los llev\u00f3 al mainstrean tras 15 a\u00f1os en el under.<\/p>\n<p>&#8220;Vamos a traer a alguien que hizo mucho por la democracia y el arte: Luis Alberto Spinetta&#8221;, dijo el cantante antes de entonar &#8220;Ana no duerme&#8221; y recitar &#8220;no olvidemos el Plan C\u00f3ndor&#8221;.<\/p>\n<p>A las 16.35 fue el turno de S\u00faper Ratones. &#8220;Es un placer enorme estar en esta plaza colmada festejando los 38 a\u00f1os de democracia&#8221;, asegur\u00f3 desde el micr\u00f3fono Oscar Granieri antes de comenzar su show con &#8220;Carreras de aviones&#8221;, en un peque\u00f1o set que sigui\u00f3 con el ultrapegadizo himno de la banda &#8220;C\u00f3mo estamos hoy, eh&#8221;.<\/p>\n<figure class=\"mb-3\"><img loading=\"lazy\" src=\"http:\/\/cordobadirecto.com\/wp-content\/uploads\/2021\/12\/rafaga-cerro-el-festival-democracia-para-siempre-en-plaza-de-mayo-3.jpg\" width=\"100%\" height=\"100%\" alt=\"Los Super Ratones Foto Ral Ferrari\"><figcaption> Los Super Ratones. Foto: Ra\u00fal Ferrari <\/figcaption><\/figure>\n<p>Recanati, exvocalista de Utopians y que luego de su disoluci\u00f3n arm\u00f3 su proyecto solista, se subi\u00f3 junto a su banda y ofreci\u00f3 una serie de canciones con el toque pop y punk que la caracteriza.<\/p>\n<p>&#8220;Teor\u00eda espacial&#8221; y &#8220;Que no&#8221; fueron algunas de las canciones de la cantante que pidi\u00f3: &#8220;Que esta democracia dure una eternidad&#8221;.<\/p>\n<p>Luego de R\u00e1faga subieron al escenario Abuelas y Plazas de Mayo, ovacionadas por la gente.<\/p>\n<p>La cantante Dolores Sol\u00e1, que fuera vocalista del grupo La Chicana, enton\u00f3 una acriollada y bella versi\u00f3n a voz, piano y bandone\u00f3n del Himno Nacional, dando fin al festival y abriendo el espacio para la parte m\u00e1s pol\u00edtica del encuentro que celebra la vigencia de la democracia en el pa\u00eds.<\/p>\n","protected":false},"excerpt":{"rendered":"<p>Festival de m\u00fasica &#8211; D\u00eda de la Democracia II VER VIDEO A ritmo de m\u00fasica tropical y con miles y miles de personas bailando y agitando palmas, el grupo R\u00e1faga cerr\u00f3 pasadas las 19 el Festival Democracia para Siempre en Plaza de Mayo, antes de los discursos del presidente Alberto Fern\u00e1ndez, la vicepresidenta Cristina Kirchner [&hellip;]<\/p>\n","protected":false},"author":1,"featured_media":32793,"comment_status":"closed","ping_status":"closed","sticky":false,"template":"","format":"standard","meta":[],"categories":[20],"tags":[],"_links":{"self":[{"href":"http:\/\/cordobadirecto.com\/index.php\/wp-json\/wp\/v2\/posts\/32792"}],"collection":[{"href":"http:\/\/cordobadirecto.com\/index.php\/wp-json\/wp\/v2\/posts"}],"about":[{"href":"http:\/\/cordobadirecto.com\/index.php\/wp-json\/wp\/v2\/types\/post"}],"author":[{"embeddable":true,"href":"http:\/\/cordobadirecto.com\/index.php\/wp-json\/wp\/v2\/users\/1"}],"replies":[{"embeddable":true,"href":"http:\/\/cordobadirecto.com\/index.php\/wp-json\/wp\/v2\/comments?post=32792"}],"version-history":[{"count":0,"href":"http:\/\/cordobadirecto.com\/index.php\/wp-json\/wp\/v2\/posts\/32792\/revisions"}],"wp:featuredmedia":[{"embeddable":true,"href":"http:\/\/cordobadirecto.com\/index.php\/wp-json\/wp\/v2\/media\/32793"}],"wp:attachment":[{"href":"http:\/\/cordobadirecto.com\/index.php\/wp-json\/wp\/v2\/media?parent=32792"}],"wp:term":[{"taxonomy":"category","embeddable":true,"href":"http:\/\/cordobadirecto.com\/index.php\/wp-json\/wp\/v2\/categories?post=32792"},{"taxonomy":"post_tag","embeddable":true,"href":"http:\/\/cordobadirecto.com\/index.php\/wp-json\/wp\/v2\/tags?post=32792"}],"curies":[{"name":"wp","href":"https:\/\/api.w.org\/{rel}","templated":true}]}}