{"id":32794,"date":"2021-12-11T09:00:41","date_gmt":"2021-12-11T09:00:41","guid":{"rendered":"https:\/\/www.espinof.com\/en-rodaje\/cristopher-nolan-anade-a-florence-pugh-rami-malek-al-reparto-oppenheimer-su-biopic-creador-bomba-atomica"},"modified":"2021-12-11T09:00:41","modified_gmt":"2021-12-11T09:00:41","slug":"cristopher-nolan-anade-a-florence-pugh-y-rami-malek-al-reparto-de-oppenheimer-su-biopic-sobre-el-creador-de-la-bomba-atomica","status":"publish","type":"post","link":"http:\/\/cordobadirecto.com\/index.php\/2021\/12\/11\/cristopher-nolan-anade-a-florence-pugh-y-rami-malek-al-reparto-de-oppenheimer-su-biopic-sobre-el-creador-de-la-bomba-atomica\/","title":{"rendered":"Cristopher Nolan a\u00f1ade a Florence Pugh y Rami Malek al reparto de \u2018Oppenheimer\u2019, su biopic sobre el creador de la bomba at\u00f3mica"},"content":{"rendered":"<p><strong>Florence Pugh y Rami Malek<\/strong> se unen a al actor y cineasta <strong>Benny Safdie<\/strong> en el pack de las \u00faltimas incorporaciones al reparto de la nueva pel\u00edcula de Christopher Nolan, &#8216;<a href=\"https:\/\/www.espinof.com\/tag\/oppenheimer\">Oppenheimer<\/a>&#8216;, seg\u00fan confirma <a href=\"https:\/\/deadline.com\/2021\/12\/oppenheimer-adds-florence-pugh-rami-malek-benny-safdie-1234888295\/\">Deadline<\/a>. Universal no ha dado m\u00e1s detalles pero Pugh, Malek y Safdie se unir\u00e1n a un elenco liderado por <strong>Cillian Murphy<\/strong> que <a href=\"https:\/\/www.espinof.com\/proyectos\/christopher-nolan-quiere-a-robert-downey-jr-matt-damon-para-su-nueva-pelicula-oppenheimer-promete-reparto-repleto-estrellas\">tambi\u00e9n incluye<\/a> a grandes nombres como <strong>Matt Damon, Robert Downey Jr y Emily Blunt<\/strong>.<br \/>\n<!--more-->\n<\/p>\n<p>La pel\u00edcula estar\u00e1 escrita y dirigida por el propio Nolan y <strong>contar\u00e1 la historia de J. Robert Oppenheimer (Murphy), el cient\u00edfico detr\u00e1s del Proyecto Manhattan<\/strong>, que llev\u00f3 a la invenci\u00f3n de la bomba at\u00f3mica. Pugh interpretar\u00e1 a Jean Tatlock, una miembro del Partido Comunista de Estados Unidos que tuvo un romance con Oppenheimer, mientras que Safdie ser\u00e1 el f\u00edsico h\u00fangaro Edward Teller, quien estuvo involucrado en el Proyecto y es conocido como el padre de la bomba de hidr\u00f3geno. <\/p>\n<p><!-- BREAK 1 --><\/p>\n<div class=\"article-asset article-asset-normal article-asset-center\">\n<div class=\"desvio-container\">\n<div class=\"desvio\">\n<div class=\"desvio-figure js-desvio-figure\"> <a href=\"https:\/\/www.espinof.com\/listas\/obras-maestras-que-christopher-nolan-dejo-hacer-todas-peliculas-que-puso-marcha-se-quedaron-camino\"> <img alt=\"Las obras maestras que Christopher Nolan dej\u00f3 sin hacer: todas las pel\u00edculas que puso en marcha pero se quedaron por el camino\" src=\"http:\/\/cordobadirecto.com\/wp-content\/uploads\/2021\/12\/cristopher-nolan-anade-a-florence-pugh-y-rami-malek-al-reparto-de-oppenheimer-su-biopic-sobre-el-creador-de-la-bomba-atomica.jpg\"> <\/a> <\/div><\/div><\/div>\n<\/div>\n<p>Malek interpretar\u00e1 a otro cient\u00edfico, pero no se han revelado m\u00e1s detalles sobre su papel. La pel\u00edcula se basa en el libro ganador del premio Pulitzer &#8216;<strong>American Prometheus: The Triumph and Tragedy of J. Robert Oppenheimer<\/strong>&#8216; de Kai Bird y Martin J. Sherwin que Nolan producir\u00e1 junto a Emma Thomas y Charles Roven de Atlas Entertainment.\n<\/p>\n<div class=\"article-asset-image article-asset-normal\">\n<div class=\"asset-content\">\n<div class=\"base-wrapper-image\"> <img class=\"sf-lazy centro_sinmarco\" data-sf-srcset=\"http:\/\/cordobadirecto.com\/wp-content\/uploads\/2021\/12\/cristopher-nolan-anade-a-florence-pugh-y-rami-malek-al-reparto-de-oppenheimer-su-biopic-sobre-el-creador-de-la-bomba-atomica-1.jpg 450w, http:\/\/cordobadirecto.com\/wp-content\/uploads\/2021\/12\/cristopher-nolan-anade-a-florence-pugh-y-rami-malek-al-reparto-de-oppenheimer-su-biopic-sobre-el-creador-de-la-bomba-atomica-3.jpg 681w,http:\/\/cordobadirecto.com\/wp-content\/uploads\/2021\/12\/cristopher-nolan-anade-a-florence-pugh-y-rami-malek-al-reparto-de-oppenheimer-su-biopic-sobre-el-creador-de-la-bomba-atomica-4.jpg 1024w, http:\/\/cordobadirecto.com\/wp-content\/uploads\/2021\/12\/cristopher-nolan-anade-a-florence-pugh-y-rami-malek-al-reparto-de-oppenheimer-su-biopic-sobre-el-creador-de-la-bomba-atomica-5.jpg 1366w,\" data-sf-src=\"http:\/\/cordobadirecto.com\/wp-content\/uploads\/2021\/12\/cristopher-nolan-anade-a-florence-pugh-y-rami-malek-al-reparto-de-oppenheimer-su-biopic-sobre-el-creador-de-la-bomba-atomica-1.jpg\" alt=\"Prometeus\"> <noscript><img alt=\"Prometeus\" class=\"centro_sinmarco\" src=\"http:\/\/cordobadirecto.com\/wp-content\/uploads\/2021\/12\/cristopher-nolan-anade-a-florence-pugh-y-rami-malek-al-reparto-de-oppenheimer-su-biopic-sobre-el-creador-de-la-bomba-atomica-1.jpg\"><\/noscript> <\/div><\/div>\n<\/div>\n<p>Universal obtuvo los derechos del libro tras una acalorada guerra de ofertas y finalmente la pel\u00edcula <strong>est\u00e1 programada para estrenarse el 21 de julio de 2023<\/strong>, dentro de dos a\u00f1os, ocupando un espacio predilecto para Nolan, que ya ha reservado para varias de sus pel\u00edculas en el pasado.<\/p>\n<p><!-- BREAK 2 --> <\/p>\n","protected":false},"excerpt":{"rendered":"<p>Florence Pugh y Rami Malek se unen a al actor y cineasta Benny Safdie en el pack de las \u00faltimas incorporaciones al reparto de la nueva pel\u00edcula de Christopher Nolan, &#8216;Oppenheimer&#8216;, seg\u00fan confirma Deadline. Universal no ha dado m\u00e1s detalles pero Pugh, Malek y Safdie se unir\u00e1n a un elenco liderado por Cillian Murphy que [&hellip;]<\/p>\n","protected":false},"author":1,"featured_media":32795,"comment_status":"closed","ping_status":"closed","sticky":false,"template":"","format":"standard","meta":[],"categories":[17],"tags":[],"_links":{"self":[{"href":"http:\/\/cordobadirecto.com\/index.php\/wp-json\/wp\/v2\/posts\/32794"}],"collection":[{"href":"http:\/\/cordobadirecto.com\/index.php\/wp-json\/wp\/v2\/posts"}],"about":[{"href":"http:\/\/cordobadirecto.com\/index.php\/wp-json\/wp\/v2\/types\/post"}],"author":[{"embeddable":true,"href":"http:\/\/cordobadirecto.com\/index.php\/wp-json\/wp\/v2\/users\/1"}],"replies":[{"embeddable":true,"href":"http:\/\/cordobadirecto.com\/index.php\/wp-json\/wp\/v2\/comments?post=32794"}],"version-history":[{"count":0,"href":"http:\/\/cordobadirecto.com\/index.php\/wp-json\/wp\/v2\/posts\/32794\/revisions"}],"wp:featuredmedia":[{"embeddable":true,"href":"http:\/\/cordobadirecto.com\/index.php\/wp-json\/wp\/v2\/media\/32795"}],"wp:attachment":[{"href":"http:\/\/cordobadirecto.com\/index.php\/wp-json\/wp\/v2\/media?parent=32794"}],"wp:term":[{"taxonomy":"category","embeddable":true,"href":"http:\/\/cordobadirecto.com\/index.php\/wp-json\/wp\/v2\/categories?post=32794"},{"taxonomy":"post_tag","embeddable":true,"href":"http:\/\/cordobadirecto.com\/index.php\/wp-json\/wp\/v2\/tags?post=32794"}],"curies":[{"name":"wp","href":"https:\/\/api.w.org\/{rel}","templated":true}]}}