{"id":32802,"date":"2021-12-09T18:50:01","date_gmt":"2021-12-09T18:50:01","guid":{"rendered":"https:\/\/es.digitaltrends.com\/?p=899397"},"modified":"2021-12-09T18:50:01","modified_gmt":"2021-12-09T18:50:01","slug":"la-ultima-sensacion-de-instagram-es-una-gatita-con-cuatro-orejas","status":"publish","type":"post","link":"http:\/\/cordobadirecto.com\/index.php\/2021\/12\/09\/la-ultima-sensacion-de-instagram-es-una-gatita-con-cuatro-orejas\/","title":{"rendered":"La \u00faltima sensaci\u00f3n de Instagram es una gatita con cuatro orejas"},"content":{"rendered":"<div><img src=\"http:\/\/cordobadirecto.com\/wp-content\/uploads\/2021\/12\/la-ultima-sensacion-de-instagram-es-una-gatita-con-cuatro-orejas.jpg\" class=\"ff-og-image-inserted\"><\/div>\n<p>La \u00faltima sensaci\u00f3n de <a href=\"https:\/\/es.digitaltrends.com\/apple\/mejores-apps-fotografias-iphone\/\">Instagram<\/a> es Midas, una peque\u00f1a <a href=\"https:\/\/es.digitaltrends.com\/celular\/puerta-mascotas-aplicacion\/\">gata<\/a> que fue rescatada de las calles de Ankara, en Turqu\u00eda.<\/p>\n<p>Cuando la mascota fue adoptada por la familia Desemeci, ellos se dieron cuenta de que hab\u00eda algo extra\u00f1o con la nueva integrante, particularmente en su rostro, ya que la gatita ten\u00eda cuatro orejas.<\/p>\n<p>Por supuesto, esto no fue impedimento para que las personas terminaran por adoptar a la gatita, que r\u00e1pidamente se convirti\u00f3 en un verdadero fen\u00f3meno en la red social de Instagram.<\/p>\n<blockquote class=\"h-lazy-embed\" data-instgrm-captioned data-instgrm-permalink=\"https:\/\/www.instagram.com\/p\/CXL2flbomqJ\/?utm_source=ig_embed&amp;amp;utm_campaign=loading\" data-instgrm-version=\"14\" data-initial-classes=\"instagram-media\" data-embed-name=\"instagram\" data-sdk-src=\"\/\/platform.instagram.com\/en_US\/embeds.js\"><\/blockquote>\n<p>En su primera visita al veterinario, los nuevos due\u00f1os del animal se enteraron de que estas cuatro orejas son funcionales y le permiten a Midas o\u00edr con normalidad, tal como lo har\u00eda cualquier ser vivo.<\/p>\n<p>Por el momento, el \u00fanico inconveniente que le ha tra\u00eddo contar con m\u00e1s orejas es que su mand\u00edbula no puede cerrar de manera normal. Por eso, en las fotos de Instagram se puede ver a la gatita casi siempre con la lengua afuera.<\/p>\n<p>Como era de esperar, muchas personas se han conmovido con esta historia, lo que ha ayudado a elevar la fama de Midas en <a href=\"https:\/\/es.digitaltrends.com\/celular\/aplicaciones-salud-iphone\/\">redes sociales<\/a>.<\/p>\n<blockquote class=\"h-lazy-embed\" data-instgrm-captioned data-instgrm-permalink=\"https:\/\/www.instagram.com\/p\/CWxstVvI_JQ\/?utm_source=ig_embed&amp;amp;utm_campaign=loading\" data-instgrm-version=\"14\" data-initial-classes=\"instagram-media\" data-embed-name=\"instagram\" data-sdk-src=\"\/\/platform.instagram.com\/en_US\/embeds.js\"><\/blockquote>\n<p>Pese a que su cuenta fue creada hace solo unas semanas, la gatita ya tiene m\u00e1s de 127,000 seguidores.<\/p>\n<p>En las fotos y videos publicados se puede ver a la peque\u00f1a gata disfrutar con su nueva familia, de la que tambi\u00e9n forma parte un simp\u00e1tico perro y que aparece ser el mejor compa\u00f1ero de Midas.<\/p>\n<blockquote class=\"h-lazy-embed\" data-instgrm-captioned data-instgrm-permalink=\"https:\/\/www.instagram.com\/tv\/CV3ssM1oYDB\/?utm_source=ig_embed&amp;amp;utm_campaign=loading\" data-instgrm-version=\"14\" data-initial-classes=\"instagram-media\" data-embed-name=\"instagram\" data-sdk-src=\"\/\/platform.instagram.com\/en_US\/embeds.js\"><\/blockquote>\n<p>Reuters comparti\u00f3 un video donde se puede conocer m\u00e1s de esta tierna historia.<br \/><iframe title=\"YouTube video player\" src=\"https:\/\/www.youtube.com\/embed\/Cjkb0D91e6o\" width=\"560\" height=\"315\" frameborder=\"0\" allowfullscreen=\"allowfullscreen\">[embedded content]<\/iframe><\/p>\n<h4 class=\"h-editors-recs-title\"> Recomendaciones del editor\t<\/h4>\n<p> <span id=\"publisher-md\" itemprop=\"publisher\" itemscope itemtype=\"https:\/\/schema.org\/Organization\"> <span itemprop=\"url\" itemtype=\"https:\/\/schema.org\/Url\" content=\"https:\/\/es.digitaltrends.com\"> <span itemprop=\"logo\" itemscope itemtype=\"https:\/\/schema.org\/ImageObject\"> <meta itemprop=\"url\" content=\"https:\/\/cdn.dtcn.com\/dt\/dt-logo-small.png\"> <meta itemprop=\"width\" content=\"0\"> <meta itemprop=\"height\" content=\"0\"> <\/span> <meta itemprop=\"name\" content=\"Digital Trends Espa\u00f1ol\"> <\/span> <span itemprop=\"image\" itemscope itemtype=\"https:\/\/schema.org\/ImageObject\"> <meta itemprop=\"url\" content=\"http:\/\/cordobadirecto.com\/wp-content\/uploads\/2021\/12\/la-ultima-sensacion-de-instagram-es-una-gatita-con-cuatro-orejas.jpg\"> <\/span> <\/span><\/p>\n","protected":false},"excerpt":{"rendered":"<p>La \u00faltima sensaci\u00f3n de Instagram es Midas, una peque\u00f1a gata que fue rescatada de las calles de Ankara, en Turqu\u00eda. Cuando la mascota fue adoptada por la familia Desemeci, ellos se dieron cuenta de que hab\u00eda algo extra\u00f1o con la nueva integrante, particularmente en su rostro, ya que la gatita ten\u00eda cuatro orejas. Por supuesto, [&hellip;]<\/p>\n","protected":false},"author":1,"featured_media":32803,"comment_status":"closed","ping_status":"closed","sticky":false,"template":"","format":"standard","meta":[],"categories":[26],"tags":[],"_links":{"self":[{"href":"http:\/\/cordobadirecto.com\/index.php\/wp-json\/wp\/v2\/posts\/32802"}],"collection":[{"href":"http:\/\/cordobadirecto.com\/index.php\/wp-json\/wp\/v2\/posts"}],"about":[{"href":"http:\/\/cordobadirecto.com\/index.php\/wp-json\/wp\/v2\/types\/post"}],"author":[{"embeddable":true,"href":"http:\/\/cordobadirecto.com\/index.php\/wp-json\/wp\/v2\/users\/1"}],"replies":[{"embeddable":true,"href":"http:\/\/cordobadirecto.com\/index.php\/wp-json\/wp\/v2\/comments?post=32802"}],"version-history":[{"count":0,"href":"http:\/\/cordobadirecto.com\/index.php\/wp-json\/wp\/v2\/posts\/32802\/revisions"}],"wp:featuredmedia":[{"embeddable":true,"href":"http:\/\/cordobadirecto.com\/index.php\/wp-json\/wp\/v2\/media\/32803"}],"wp:attachment":[{"href":"http:\/\/cordobadirecto.com\/index.php\/wp-json\/wp\/v2\/media?parent=32802"}],"wp:term":[{"taxonomy":"category","embeddable":true,"href":"http:\/\/cordobadirecto.com\/index.php\/wp-json\/wp\/v2\/categories?post=32802"},{"taxonomy":"post_tag","embeddable":true,"href":"http:\/\/cordobadirecto.com\/index.php\/wp-json\/wp\/v2\/tags?post=32802"}],"curies":[{"name":"wp","href":"https:\/\/api.w.org\/{rel}","templated":true}]}}