{"id":32856,"date":"2021-12-10T14:14:00","date_gmt":"2021-12-10T14:14:00","guid":{"rendered":"http:\/\/cordobadirecto.com\/index.php\/2021\/12\/10\/el-parlamento-aleman-aprobo-la-vacunacion-obligatoria-para-trabajadores-sanitarios\/"},"modified":"2021-12-10T14:14:00","modified_gmt":"2021-12-10T14:14:00","slug":"el-parlamento-aleman-aprobo-la-vacunacion-obligatoria-para-trabajadores-sanitarios","status":"publish","type":"post","link":"http:\/\/cordobadirecto.com\/index.php\/2021\/12\/10\/el-parlamento-aleman-aprobo-la-vacunacion-obligatoria-para-trabajadores-sanitarios\/","title":{"rendered":"El Parlamento alem\u00e1n aprob\u00f3 la vacunaci\u00f3n obligatoria para trabajadores sanitarios"},"content":{"rendered":"<figure class=\"mb-3\"><img loading=\"lazy\" src=\"http:\/\/cordobadirecto.com\/wp-content\/uploads\/2021\/12\/el-parlamento-aleman-aprobo-la-vacunacion-obligatoria-para-trabajadores-sanitarios.jpg\" width=\"100%\" height=\"100%\" alt=\"Los trabajadores sanitarios tendrn hasta el 15 de marzo de 2022 para demostrar la pauta completa de vacunacin\"><figcaption> Los trabajadores sanitarios tendr\u00e1n hasta el 15 de marzo de 2022 para demostrar la pauta completa de vacunaci\u00f3n. <\/figcaption><\/figure>\n<p> &nbsp;<\/p>\n<p>Los <strong>diputados alemanes aprobaron este viernes una ley que impone vacunaci\u00f3n obligatoria<\/strong> contra el coronavirus para el personal m\u00e9dico, lo que es considerado un primer paso hacia la imposici\u00f3n de esta medida a nivel general, para toda la poblaci\u00f3n, algo que que podr\u00eda aprobarse a principios del a\u00f1o que viene.<\/p>\n<p>El proyecto de ley, que busca proteger a los grupos particularmente vulnerables, fue ampliamente respaldado en el Bundestag (donde socialdem\u00f3cratas, ecologistas y liberales tienen la mayor\u00eda) con 571 votos a favor y 70 en contra.<\/p>\n<p><strong>Todas las personas que trabajen en hospitales, residencias para mayores y centros m\u00e9dicos<\/strong> tendr\u00e1n que estar vacunadas o haber superado la enfermedad para seguir trabajando, rese\u00f1\u00f3 la agencia de noticias AFP.<\/p>\n<p>Los <strong>empleados de centros<\/strong> con personas discapacitadas, cl\u00ednicas de d\u00eda, gabinetes m\u00e9dicos, servicios de emergencia y establecimientos socioeducativos tambi\u00e9n est\u00e1n alcanzados por la nueva norma.<\/p>\n<p>El proyecto de ley establece que las profesiones m\u00e9dicas tienen una &#8220;responsabilidad particular&#8221;, ya que est\u00e1n &#8220;en contacto estrecho e intensivo con los grupos de personas que presentan un riesgo elevado de infecci\u00f3n y de evoluci\u00f3n grave o mortal de la enfermedad&#8221;.<\/p>\n<p>Estos <strong>empleados tienen hasta el 15 de marzo de 2022<\/strong> para demostrar que tienen la pauta completa de vacunaci\u00f3n. Si no es as\u00ed, podr\u00edan tener que dejar de trabajar. <\/p>\n","protected":false},"excerpt":{"rendered":"<p>Los trabajadores sanitarios tendr\u00e1n hasta el 15 de marzo de 2022 para demostrar la pauta completa de vacunaci\u00f3n. &nbsp; Los diputados alemanes aprobaron este viernes una ley que impone vacunaci\u00f3n obligatoria contra el coronavirus para el personal m\u00e9dico, lo que es considerado un primer paso hacia la imposici\u00f3n de esta medida a nivel general, para [&hellip;]<\/p>\n","protected":false},"author":1,"featured_media":32857,"comment_status":"closed","ping_status":"closed","sticky":false,"template":"","format":"standard","meta":[],"categories":[24],"tags":[],"_links":{"self":[{"href":"http:\/\/cordobadirecto.com\/index.php\/wp-json\/wp\/v2\/posts\/32856"}],"collection":[{"href":"http:\/\/cordobadirecto.com\/index.php\/wp-json\/wp\/v2\/posts"}],"about":[{"href":"http:\/\/cordobadirecto.com\/index.php\/wp-json\/wp\/v2\/types\/post"}],"author":[{"embeddable":true,"href":"http:\/\/cordobadirecto.com\/index.php\/wp-json\/wp\/v2\/users\/1"}],"replies":[{"embeddable":true,"href":"http:\/\/cordobadirecto.com\/index.php\/wp-json\/wp\/v2\/comments?post=32856"}],"version-history":[{"count":0,"href":"http:\/\/cordobadirecto.com\/index.php\/wp-json\/wp\/v2\/posts\/32856\/revisions"}],"wp:featuredmedia":[{"embeddable":true,"href":"http:\/\/cordobadirecto.com\/index.php\/wp-json\/wp\/v2\/media\/32857"}],"wp:attachment":[{"href":"http:\/\/cordobadirecto.com\/index.php\/wp-json\/wp\/v2\/media?parent=32856"}],"wp:term":[{"taxonomy":"category","embeddable":true,"href":"http:\/\/cordobadirecto.com\/index.php\/wp-json\/wp\/v2\/categories?post=32856"},{"taxonomy":"post_tag","embeddable":true,"href":"http:\/\/cordobadirecto.com\/index.php\/wp-json\/wp\/v2\/tags?post=32856"}],"curies":[{"name":"wp","href":"https:\/\/api.w.org\/{rel}","templated":true}]}}