{"id":32875,"date":"2021-12-11T14:26:00","date_gmt":"2021-12-11T14:26:00","guid":{"rendered":"http:\/\/cordobadirecto.com\/index.php\/2021\/12\/11\/alemania-vacuno-contra-el-coronavirus-a-mas-de-un-millon-de-personas-en-un-solo-dia\/"},"modified":"2021-12-11T14:26:00","modified_gmt":"2021-12-11T14:26:00","slug":"alemania-vacuno-contra-el-coronavirus-a-mas-de-un-millon-de-personas-en-un-solo-dia","status":"publish","type":"post","link":"http:\/\/cordobadirecto.com\/index.php\/2021\/12\/11\/alemania-vacuno-contra-el-coronavirus-a-mas-de-un-millon-de-personas-en-un-solo-dia\/","title":{"rendered":"Alemania vacun\u00f3 contra el coronavirus a m\u00e1s de un mill\u00f3n de personas en un solo d\u00eda"},"content":{"rendered":"<figure class=\"mb-3\"><img loading=\"lazy\" src=\"http:\/\/cordobadirecto.com\/wp-content\/uploads\/2021\/12\/alemania-vacuno-contra-el-coronavirus-a-mas-de-un-millon-de-personas-en-un-solo-dia.jpg\" width=\"100%\" height=\"100%\" alt=\"Alemania aceler las vacunaciones contra la Covid19 con el ndice de incidencia en descenso Foto AFP\"><figcaption> Alemania aceler\u00f3 las vacunaciones contra la Covid-19 con el \u00edndice de incidencia en descenso (Foto AFP) <\/figcaption><\/figure>\n<p><strong>Alemania administr\u00f3 en 24 horas m\u00e1s de un mill\u00f3n de vacunas contra el coronavirus<\/strong>, la mayor\u00eda dosis de refuerzos, mientras la incidencia de contagios refleja un descenso leve pero continuado, informaron este s\u00e1bado las autoridades.<\/p>\n<p><strong>Unas 1.050.000 personas fueron inoculadas este viernes, de las cuales 915.000 recibieron una tercera dosis<\/strong>, inform\u00f3 el Instituto Robert Koch (RKI), el ente gubernamental encargado del control de enfermedades contagiosas.<\/p>\n<p>El instituto a\u00f1adi\u00f3 que <strong>al menos 57,8 millones de personas, es decir el 69,5% de la poblaci\u00f3n, recibieron la pauta completa<\/strong> con la segunda vacuna, mientras que al menos 60,3 millones de personas (72,5%) se inmunizaron con al menos una dosis.<\/p>\n<p>Esto en un marco en el que la incidencia de Covid-19 en siete d\u00edas en Alemania volvi\u00f3 a descender ligeramente a 402,9 casos cada 100.000 habitantes.<\/p>\n<p>El d\u00eda anterior, el valor fue de 413,7 y hace una semana de 442,7, en tanto que hace un mes hab\u00eda sido de 249,1.<\/p>\n<p>El pa\u00eds registr\u00f3 el s\u00e1bado 53.697 nuevos contagios de coronavirus en las \u00faltimas 24 horas, frente a 64.510 hace una semana.<\/p>\n<p>Los expertos estiman que el n\u00famero de infecciones real es mayor ya que, ante la gran cantidad de positivos, los centros de salud p\u00fablica y las cl\u00ednicas no pueden seguir el ritmo de notificaci\u00f3n de casos, al menos en algunas regiones, inform\u00f3 la agencia de noticias Europa Press.<\/p>\n<figure class=\"mb-3\"><img loading=\"lazy\" src=\"http:\/\/cordobadirecto.com\/wp-content\/uploads\/2021\/12\/alemania-vacuno-contra-el-coronavirus-a-mas-de-un-millon-de-personas-en-un-solo-dia-1.jpg\" width=\"100%\" height=\"100%\" alt=\"Las muertes a causa del virus o por complicaciones derivadas ascendi a 105506 desde el inicio de la pandemia Foto AFP\"><figcaption> Las muertes a causa del virus o por complicaciones derivadas ascendi\u00f3 a 105.506 desde el inicio de la pandemia (Foto AFP) <\/figcaption><\/figure>\n<p><strong>El RKI notific\u00f3 asimismo 510 muertes en las \u00faltimas 24 horas relacionadas con el virus<\/strong>, cuando hace una semana se registraron 465 fallecimientos.<\/p>\n<p>El ente cifra en 5.368.300 el n\u00famero de personas recuperadas de la enfermedad, mientras que el de muertes a causa del virus o por complicaciones derivadas ascendi\u00f3 a 105.506 desde el inicio de la pandemia.<\/p>\n<p>El Gobierno alem\u00e1n ampli\u00f3 recientemente a nivel nacional las restricciones para las personas no inmunizados.<\/p>\n<p>Aquellos que no hayan sido inoculados est\u00e1n pr\u00e1cticamente confinados al tener vetado el acceso a comercios no esenciales, restaurantes, lugares de culto y de ocio, como forma de contener la cuarta ola de Covid-19 y frenar un eventual avance de la variante \u00d3micron.<\/p>\n<p>Este sector de la poblaci\u00f3n tampoco puede reunirse con personas fuera de su n\u00facleo familiar<\/p>\n<p>Tambi\u00e9n se confirm\u00f3 un proyecto de ley sobre la vacunaci\u00f3n obligatoria, que el nuevo canciller Olaf Scholz respalda y que se presentar\u00e1 ante el Parlamento para que entre en vigor en febrero o marzo. <\/p>\n","protected":false},"excerpt":{"rendered":"<p>Alemania aceler\u00f3 las vacunaciones contra la Covid-19 con el \u00edndice de incidencia en descenso (Foto AFP) Alemania administr\u00f3 en 24 horas m\u00e1s de un mill\u00f3n de vacunas contra el coronavirus, la mayor\u00eda dosis de refuerzos, mientras la incidencia de contagios refleja un descenso leve pero continuado, informaron este s\u00e1bado las autoridades. Unas 1.050.000 personas fueron [&hellip;]<\/p>\n","protected":false},"author":1,"featured_media":32876,"comment_status":"closed","ping_status":"closed","sticky":false,"template":"","format":"standard","meta":[],"categories":[24],"tags":[],"_links":{"self":[{"href":"http:\/\/cordobadirecto.com\/index.php\/wp-json\/wp\/v2\/posts\/32875"}],"collection":[{"href":"http:\/\/cordobadirecto.com\/index.php\/wp-json\/wp\/v2\/posts"}],"about":[{"href":"http:\/\/cordobadirecto.com\/index.php\/wp-json\/wp\/v2\/types\/post"}],"author":[{"embeddable":true,"href":"http:\/\/cordobadirecto.com\/index.php\/wp-json\/wp\/v2\/users\/1"}],"replies":[{"embeddable":true,"href":"http:\/\/cordobadirecto.com\/index.php\/wp-json\/wp\/v2\/comments?post=32875"}],"version-history":[{"count":0,"href":"http:\/\/cordobadirecto.com\/index.php\/wp-json\/wp\/v2\/posts\/32875\/revisions"}],"wp:featuredmedia":[{"embeddable":true,"href":"http:\/\/cordobadirecto.com\/index.php\/wp-json\/wp\/v2\/media\/32876"}],"wp:attachment":[{"href":"http:\/\/cordobadirecto.com\/index.php\/wp-json\/wp\/v2\/media?parent=32875"}],"wp:term":[{"taxonomy":"category","embeddable":true,"href":"http:\/\/cordobadirecto.com\/index.php\/wp-json\/wp\/v2\/categories?post=32875"},{"taxonomy":"post_tag","embeddable":true,"href":"http:\/\/cordobadirecto.com\/index.php\/wp-json\/wp\/v2\/tags?post=32875"}],"curies":[{"name":"wp","href":"https:\/\/api.w.org\/{rel}","templated":true}]}}