{"id":33041,"date":"2021-12-10T18:46:17","date_gmt":"2021-12-10T18:46:17","guid":{"rendered":"https:\/\/cordoba.gob.ar\/?p=18176"},"modified":"2021-12-10T18:46:17","modified_gmt":"2021-12-10T18:46:17","slug":"presentaron-modelo-para-armar-un-podcast-sobre-diversidad-inclusion-y-juventud","status":"publish","type":"post","link":"http:\/\/cordobadirecto.com\/index.php\/2021\/12\/10\/presentaron-modelo-para-armar-un-podcast-sobre-diversidad-inclusion-y-juventud\/","title":{"rendered":"Presentaron \u201cModelo para armar\u201d, un podcast sobre diversidad, inclusi\u00f3n y juventud"},"content":{"rendered":"<div><img src=\"http:\/\/cordobadirecto.com\/wp-content\/uploads\/2021\/12\/presentaron-modelo-para-armar-un-podcast-sobre-diversidad-inclusion-y-juventud.jpg\" class=\"ff-og-image-inserted\"><\/div>\n<ul>\n<li><strong>Producido por la Direcci\u00f3n de Juventud e INADI C\u00f3rdoba, tratar\u00e1 tem\u00e1ticas en torno a diversidad, infancias libres, ciudades inclusivas, VIH, cuerpos libres y deporte para todos.<\/strong><\/li>\n<li><strong>Disponible en Spotify, el primer cap\u00edtulo \u201cCiudad Diversa\u201d, pone en valor la importancia de la pluralidad \u00e9tnica-cultural que forma parte de la ciudad de C\u00f3rdoba.<\/strong><\/li>\n<\/ul>\n<hr>\n<p>Se realiz\u00f3 el lanzamiento de \u201cModelo para armar\u201d, un proyecto de cooperaci\u00f3n y coordinaci\u00f3n entre la Direcci\u00f3n de Juventud, dependiente de la Secretar\u00eda de Gobierno de la Municipalidad de C\u00f3rdoba y el Instituto Nacional contra la Discriminaci\u00f3n, la Xenofobia y el Racismo Delegaci\u00f3n C\u00f3rdoba (INADI), que consta de la realizaci\u00f3n de una herramienta innovadora como es el Podcast, que analiza de manera din\u00e1mica y participativa diversas problem\u00e1ticas sociales actuales.<\/p>\n<p>La iniciativa, que lleva por nombre \u201cModelo para armar\u201d y consta de seis episodios, tiene el objetivo de \u201cacercar informaci\u00f3n, discusi\u00f3n, an\u00e1lisis y visibilizaci\u00f3n desde el planteamiento y recorrido de problem\u00e1ticas que nos atraviesan hist\u00f3ricamente, presentes en nuestra sociedad y que tienen impacto directo tanto en los j\u00f3venes como en todos los actores que conviven en ella\u201d, se\u00f1alan los impulsores.<\/p>\n<p>Disponible en la plataforma de Spotify, en este <strong><a href=\"https:\/\/bit.ly\/PodcastModeloArmar\">canal<\/a><\/strong>, ya se puede encontrar el primer episodio llamado \u201cCiudad Diversa\u201d. Luego, mes a mes se ir\u00e1n subiendo los siguientes cap\u00edtulos que tratar\u00e1n tem\u00e1ticas en torno a: infancias libres, ciudades inclusivas, VIH, cuerpos libres y deporte.<\/p>\n<p>En \u201cCiudad Diversa\u201d se pretende poner en valor la importancia de la pluralidad \u00e9tnica-cultural que forma parte de la ciudad de C\u00f3rdoba. El cap\u00edtulo reflexiona acerca del acceso a las pol\u00edticas p\u00fablicas y el avance de derechos por parte de los diversos sectores que componen el territorio cordob\u00e9s, compartiendo perspectivas de diferentes actores, focalizado en la comunidad LGTBIQ+, los migrantes y refugiados.<\/p>\n<p>Las participantes que fueron entrevistadas para este episodio son: la Concejala Soledad Ferraro, la Directora de G\u00e9nero, M\u00f3nica Ferreyra; la Presidenta de C\u00f3rdoba Diversa, Ana Laura Torres Vera y la joven brasilera residente en C\u00f3rdoba, Renata Santos.<\/p>\n<p>La presentaci\u00f3n cont\u00f3 con la participaci\u00f3n de Candelaria Calvo, Delegada de INADI C\u00f3rdoba, Marcelo Ferro, Director de Juventud de la Municipalidad de C\u00f3rdoba, la referente trans Ana Laura Torres Vera y Renata Santos.<\/p>\n<p>\u201cModelo para Armar\u201d es un proyecto que venimos trabajando en conjunto con la Direcci\u00f3n de Juventud de la Municipalidad de C\u00f3rdoba. Cuando empec\u00e9 mi gesti\u00f3n una de las primeras reuniones que tuve fue con Marcelo Ferro, porque cre\u00edamos que era importante desde el rol de cada Instituci\u00f3n poder articular para generar un proyecto, pensando en las juventudes y pensando en el abordaje de la prevenci\u00f3n de pr\u00e1cticas hist\u00f3ricas de discriminaci\u00f3n, estigmatizaci\u00f3n, racismo y xenofobia; y construir una herramienta, novedosa, c\u00f3mo es el Podcast, para poder acercar la discusi\u00f3n, el debate y la visibilizaci\u00f3n de tem\u00e1ticas que nos atraviesan como sociedad\u201d, expres\u00f3 Candelaria Calvo, Delegada de INADI C\u00f3rdoba.<\/p>\n<p>Por su parte, Marcelo Ferro, director de Juventud dijo: <em>\u201cModelo para armar implica pensar una ciudad diversa, una ciudad en la que los y las dem\u00e1s puedan habitarla libres de violencia y discriminaci\u00f3n. Desde la Direcci\u00f3n de Juventud, dependiente de la Secretar\u00eda de Gobierno de la Municipalidad de C\u00f3rdoba y junto al INADI vamos a promover una pol\u00edtica p\u00fablica innovadora que implica llegar a los y las j\u00f3venes a partir de la conformaci\u00f3n de un Podcast que nos ayude a concientizarnos sobre las diferentes problem\u00e1ticas\u201d.<\/em><\/p>\n","protected":false},"excerpt":{"rendered":"<p>Producido por la Direcci\u00f3n de Juventud e INADI C\u00f3rdoba, tratar\u00e1 tem\u00e1ticas en torno a diversidad, infancias libres, ciudades inclusivas, VIH, cuerpos libres y deporte para todos. Disponible en Spotify, el primer cap\u00edtulo \u201cCiudad Diversa\u201d, pone en valor la importancia de la pluralidad \u00e9tnica-cultural que forma parte de la ciudad de C\u00f3rdoba. Se realiz\u00f3 el lanzamiento [&hellip;]<\/p>\n","protected":false},"author":1,"featured_media":33042,"comment_status":"closed","ping_status":"closed","sticky":false,"template":"","format":"standard","meta":[],"categories":[44],"tags":[],"_links":{"self":[{"href":"http:\/\/cordobadirecto.com\/index.php\/wp-json\/wp\/v2\/posts\/33041"}],"collection":[{"href":"http:\/\/cordobadirecto.com\/index.php\/wp-json\/wp\/v2\/posts"}],"about":[{"href":"http:\/\/cordobadirecto.com\/index.php\/wp-json\/wp\/v2\/types\/post"}],"author":[{"embeddable":true,"href":"http:\/\/cordobadirecto.com\/index.php\/wp-json\/wp\/v2\/users\/1"}],"replies":[{"embeddable":true,"href":"http:\/\/cordobadirecto.com\/index.php\/wp-json\/wp\/v2\/comments?post=33041"}],"version-history":[{"count":0,"href":"http:\/\/cordobadirecto.com\/index.php\/wp-json\/wp\/v2\/posts\/33041\/revisions"}],"wp:featuredmedia":[{"embeddable":true,"href":"http:\/\/cordobadirecto.com\/index.php\/wp-json\/wp\/v2\/media\/33042"}],"wp:attachment":[{"href":"http:\/\/cordobadirecto.com\/index.php\/wp-json\/wp\/v2\/media?parent=33041"}],"wp:term":[{"taxonomy":"category","embeddable":true,"href":"http:\/\/cordobadirecto.com\/index.php\/wp-json\/wp\/v2\/categories?post=33041"},{"taxonomy":"post_tag","embeddable":true,"href":"http:\/\/cordobadirecto.com\/index.php\/wp-json\/wp\/v2\/tags?post=33041"}],"curies":[{"name":"wp","href":"https:\/\/api.w.org\/{rel}","templated":true}]}}