{"id":33204,"date":"2021-12-13T06:45:56","date_gmt":"2021-12-13T06:45:56","guid":{"rendered":"https:\/\/www.bbc.com\/mundo\/noticias-internacional-59582405"},"modified":"2021-12-13T06:45:56","modified_gmt":"2021-12-13T06:45:56","slug":"por-que-europa-no-se-ha-visto-afectada-por-una-gran-renuncia-de-trabajadores-como-estados-unidos","status":"publish","type":"post","link":"http:\/\/cordobadirecto.com\/index.php\/2021\/12\/13\/por-que-europa-no-se-ha-visto-afectada-por-una-gran-renuncia-de-trabajadores-como-estados-unidos\/","title":{"rendered":"Por qu\u00e9 Europa no se ha visto afectada por una &#8220;Gran Renuncia&#8221; de trabajadores como Estados Unidos"},"content":{"rendered":"<div dir=\"ltr\" class=\"e1j2237y5 bbc-q4ibpr e57qer20\">\n<div class=\"bbc-1atl7vu e1c9i7u14\">\n<ul role=\"list\" class=\"bbc-k0l9bd e1c9i7u12\">\n<li role=\"listitem\" class=\"bbc-1a3w4ok e1c9i7u11\">Cristina J. Orgaz @cjorgaz<\/li>\n<li role=\"listitem\" class=\"bbc-1p92jtu e1c9i7u10\">BBC News Mundo<\/li>\n<\/ul>\n<\/div>\n<\/div>\n<p><time datetime=\"2021-12-13\" class=\"bbc-14xtggo e4zesg50\">3 horas<\/time><\/p>\n<div dir=\"ltr\" class=\"bbc-1ka88fa e57qer20\">\n<figure class=\"bbc-1qdcvv9 e6bmn90\">\n<div dir=\"ltr\" class=\"bbc-172p16q e57qer20\">\n<div dir=\"ltr\" class=\"bbc-189y18v e57qer20\" readability=\"6.5\">\n<div data-e2e=\"image-placeholder\" class=\"bbc-997y1y e1whu0\" readability=\"8\"><img loading=\"lazy\" srcset=\"http:\/\/cordobadirecto.com\/wp-content\/uploads\/2021\/12\/por-que-europa-no-se-ha-visto-afectada-por-una-gran-renuncia-de-trabajadores-como-estados-unidos-8.jpg 240w, http:\/\/cordobadirecto.com\/wp-content\/uploads\/2021\/12\/por-que-europa-no-se-ha-visto-afectada-por-una-gran-renuncia-de-trabajadores-como-estados-unidos-9.jpg 320w, http:\/\/cordobadirecto.com\/wp-content\/uploads\/2021\/12\/por-que-europa-no-se-ha-visto-afectada-por-una-gran-renuncia-de-trabajadores-como-estados-unidos-10.jpg 480w, http:\/\/cordobadirecto.com\/wp-content\/uploads\/2021\/12\/por-que-europa-no-se-ha-visto-afectada-por-una-gran-renuncia-de-trabajadores-como-estados-unidos-11.jpg 624w, http:\/\/cordobadirecto.com\/wp-content\/uploads\/2021\/12\/por-que-europa-no-se-ha-visto-afectada-por-una-gran-renuncia-de-trabajadores-como-estados-unidos-12.jpg 800w\" alt=\"Cola del desempleo en Espa\u00f1a\" src=\"http:\/\/cordobadirecto.com\/wp-content\/uploads\/2021\/12\/por-que-europa-no-se-ha-visto-afectada-por-una-gran-renuncia-de-trabajadores-como-estados-unidos.jpg\" sizes=\"(min-width: 1008px) 645px, 100vw\" width=\"976\" height=\"549\" class=\"eehpdyc0 bbc-100dhyn e1enwo3v0\"><\/p>\n<p role=\"text\" class=\"bbc-1s1cxbv etq3yw90\"><span class=\"bbc-1gnhmg2 e1yt7oin0\">Fuente de la imagen, <\/span><span lang=\"en-GB\">Getty Images<\/span><\/p>\n<\/div>\n<\/div>\n<\/div>\n<\/figure>\n<\/div>\n<div dir=\"ltr\" class=\"bbc-19j92fr e57qer20\" readability=\"9\">\n<p dir=\"ltr\" class=\"bbc-bm53ic e1cc2ql70\"><b>Los expertos preve\u00edan una &#8220;Gran Renuncia&#8221; global, pero la realidad que muestran las cifras es otra.<\/b><\/p>\n<\/div>\n<div dir=\"ltr\" class=\"bbc-19j92fr e57qer20\" readability=\"10\">\n<p dir=\"ltr\" class=\"bbc-bm53ic e1cc2ql70\">El fen\u00f3meno se empez\u00f3 a registrar en Estados Unidos en plena pandemia: un abandono masivo y voluntario de puestos de trabajo rara vez visto en su mercado laboral, y que dificulta a los empleadores llenar las vacantes.<\/p>\n<\/div>\n<div dir=\"ltr\" class=\"bbc-19j92fr e57qer20\" readability=\"14\">\n<p dir=\"ltr\" class=\"bbc-bm53ic e1cc2ql70\">Comenz\u00f3 con <b>profesionales de<\/b><b>l sector de la salud <\/b><b>y <\/b><b>profesores <\/b>obligados a volver a las clases presenciales pese a que los casos de covid-19 segu\u00edan aumentando, y se fue <b>extendiendo a otras partes de la econom\u00eda:<\/b> las industrias de servicios, el comercio minorista, la hosteler\u00eda, la alimentaci\u00f3n\u2026<\/p>\n<\/div>\n<div dir=\"ltr\" class=\"bbc-19j92fr e57qer20\" readability=\"13\">\n<p dir=\"ltr\" class=\"bbc-bm53ic e1cc2ql70\">Tener que cambiar el trabajo remoto por la oficina, el agotamiento tras el sufrimiento causado por la pandemia o el <b>desgaste laboral por los bajos salarios<\/b> en sectores no calificados son algunas de las razones detr\u00e1s de estas renuncias, seg\u00fan Anthony Klotz, profesor asociado en la Escuela de Negocios Mays de la Texas A&amp;M University que acu\u00f1o el t\u00e9rmino. <\/p>\n<\/div>\n<div dir=\"ltr\" class=\"bbc-1ka88fa e57qer20\">\n<figure class=\"bbc-1qdcvv9 e6bmn90\">\n<div dir=\"ltr\" class=\"bbc-172p16q e57qer20\">\n<div dir=\"ltr\" class=\"bbc-189y18v e57qer20\" readability=\"6.5\">\n<div data-e2e=\"image-placeholder\" class=\"bbc-997y1y e1whu0\" readability=\"8\"><noscript><img loading=\"lazy\" srcset=\"http:\/\/cordobadirecto.com\/wp-content\/uploads\/2021\/12\/por-que-europa-no-se-ha-visto-afectada-por-una-gran-renuncia-de-trabajadores-como-estados-unidos-13.jpg 240w, http:\/\/cordobadirecto.com\/wp-content\/uploads\/2021\/12\/por-que-europa-no-se-ha-visto-afectada-por-una-gran-renuncia-de-trabajadores-como-estados-unidos-14.jpg 320w, http:\/\/cordobadirecto.com\/wp-content\/uploads\/2021\/12\/por-que-europa-no-se-ha-visto-afectada-por-una-gran-renuncia-de-trabajadores-como-estados-unidos-15.jpg 480w, http:\/\/cordobadirecto.com\/wp-content\/uploads\/2021\/12\/por-que-europa-no-se-ha-visto-afectada-por-una-gran-renuncia-de-trabajadores-como-estados-unidos-16.jpg 624w, http:\/\/cordobadirecto.com\/wp-content\/uploads\/2021\/12\/por-que-europa-no-se-ha-visto-afectada-por-una-gran-renuncia-de-trabajadores-como-estados-unidos-17.jpg 800w\" alt=\"Dos trabajadores en Europa\" src=\"http:\/\/cordobadirecto.com\/wp-content\/uploads\/2021\/12\/por-que-europa-no-se-ha-visto-afectada-por-una-gran-renuncia-de-trabajadores-como-estados-unidos-1.jpg\" sizes=\"(min-width: 1008px) 645px, 100vw\" width=\"976\" height=\"549\" class=\"eehpdyc0 bbc-100dhyn e1enwo3v0\"><\/noscript><\/p>\n<p role=\"text\" class=\"bbc-1s1cxbv etq3yw90\"><span class=\"bbc-1gnhmg2 e1yt7oin0\">Fuente de la imagen, <\/span><span lang=\"en-GB\">Getty Images<\/span><\/p>\n<\/div>\n<\/div>\n<\/div>\n<\/figure>\n<\/div>\n<div dir=\"ltr\" class=\"bbc-19j92fr e57qer20\" readability=\"11\">\n<p dir=\"ltr\" class=\"bbc-bm53ic e1cc2ql70\">Ese panorama al que se enfrenta EE.UU., sin embargo, no est\u00e1 afectando en igual manera a otras grandes econom\u00edas, le subrayan varios economistas a BBC Mundo. <\/p>\n<\/div>\n<div dir=\"ltr\" class=\"bbc-19j92fr e57qer20\" readability=\"10\">\n<p dir=\"ltr\" class=\"bbc-bm53ic e1cc2ql70\"><b>En Europa el efecto ha sido muy contenido.<\/b><b>Hay descontento<\/b>, aclaran los expertos, pero no renuncias masivas.<\/p>\n<\/div>\n<div dir=\"ltr\" class=\"bbc-19j92fr e57qer20\">\n<p dir=\"ltr\" class=\"bbc-bm53ic e1cc2ql70\">Te contamos por qu\u00e9.<\/p>\n<\/div>\n<p><h2 id=\"La-tasa-de-actividad\" tabindex=\"-1\" class=\"bbc-l3e97o e14hemmw0\">La tasa de actividad<\/h2>\n<\/p>\n<div dir=\"ltr\" class=\"bbc-19j92fr e57qer20\" readability=\"8\">\n<p dir=\"ltr\" class=\"bbc-bm53ic e1cc2ql70\">Un dato, t\u00e9cnico pero sencillo de entender es <b>la mejor pista: la tasa de actividad.<\/b><\/p>\n<\/div>\n<div dir=\"ltr\" class=\"bbc-19j92fr e57qer20\" readability=\"11\">\n<p dir=\"ltr\" class=\"bbc-bm53ic e1cc2ql70\">Este \u00edndice que mide el nivel de empleo de un pa\u00eds cay\u00f3 en la eurozona del 73,4% al 71,6% en un a\u00f1o, el de los confinamientos.<\/p>\n<\/div>\n<div dir=\"ltr\" class=\"bbc-19j92fr e57qer20\" readability=\"13\">\n<p dir=\"ltr\" class=\"bbc-bm53ic e1cc2ql70\">Menos de dos puntos porcentuales de retroceso de 2020 a 2021. Mientras, en Estados Unidos retrocedi\u00f3 tres puntos porcentuales en tan solo tres meses, pasando de 63,3% en febrero de 2020 a 60,2% en abril de ese mismo a\u00f1o. <\/p>\n<\/div>\n<div dir=\"ltr\" class=\"bbc-19j92fr e57qer20\" readability=\"13\">\n<p dir=\"ltr\" class=\"bbc-bm53ic e1cc2ql70\">&#8220;En Europa no se ha registrado la disminuci\u00f3n de la tasa de actividad observada en EE.UU. Tampoco hemos visto un aumento considerable de <b>las bajas voluntarias ni un aumento significativo de vacantes sin cubrir&#8221;<\/b>, explica Juan Francisco Jimeno, profesor de Econom\u00eda en la Universidad de Alcal\u00e1, Espa\u00f1a.<\/p>\n<\/div>\n<div dir=\"ltr\" class=\"bbc-19j92fr e57qer20\" readability=\"8\">\n<p dir=\"ltr\" class=\"bbc-bm53ic e1cc2ql70\">La pregunta ahora es <b>qu\u00e9 ha hecho de diferente la eurozona<\/b> en comparaci\u00f3n con Estados Unidos para que sus trabajadores hayan vuelto a sus puestos tras la pandemia.<\/p>\n<\/div>\n<div dir=\"ltr\" class=\"bbc-1ka88fa e57qer20\">\n<figure class=\"bbc-1qdcvv9 e6bmn90\">\n<div dir=\"ltr\" class=\"bbc-172p16q e57qer20\">\n<div dir=\"ltr\" class=\"bbc-189y18v e57qer20\" readability=\"6.5\">\n<div data-e2e=\"image-placeholder\" class=\"bbc-997y1y e1whu0\" readability=\"8\"><noscript><img loading=\"lazy\" srcset=\"http:\/\/cordobadirecto.com\/wp-content\/uploads\/2021\/12\/por-que-europa-no-se-ha-visto-afectada-por-una-gran-renuncia-de-trabajadores-como-estados-unidos-18.jpg 240w, http:\/\/cordobadirecto.com\/wp-content\/uploads\/2021\/12\/por-que-europa-no-se-ha-visto-afectada-por-una-gran-renuncia-de-trabajadores-como-estados-unidos-19.jpg 320w, http:\/\/cordobadirecto.com\/wp-content\/uploads\/2021\/12\/por-que-europa-no-se-ha-visto-afectada-por-una-gran-renuncia-de-trabajadores-como-estados-unidos-20.jpg 480w, http:\/\/cordobadirecto.com\/wp-content\/uploads\/2021\/12\/por-que-europa-no-se-ha-visto-afectada-por-una-gran-renuncia-de-trabajadores-como-estados-unidos-21.jpg 624w, http:\/\/cordobadirecto.com\/wp-content\/uploads\/2021\/12\/por-que-europa-no-se-ha-visto-afectada-por-una-gran-renuncia-de-trabajadores-como-estados-unidos-2.jpg 640w\" alt=\"Camarera\" src=\"http:\/\/cordobadirecto.com\/wp-content\/uploads\/2021\/12\/por-que-europa-no-se-ha-visto-afectada-por-una-gran-renuncia-de-trabajadores-como-estados-unidos-2.jpg\" sizes=\"(min-width: 1008px) 645px, 100vw\" width=\"640\" height=\"360\" class=\"eehpdyc0 bbc-100dhyn e1enwo3v0\"><\/noscript><\/p>\n<p role=\"text\" class=\"bbc-1s1cxbv etq3yw90\"><span class=\"bbc-1gnhmg2 e1yt7oin0\">Fuente de la imagen, <\/span><span lang=\"en-GB\">Getty Images<\/span><\/p>\n<\/div>\n<\/div>\n<div dir=\"ltr\" class=\"bbc-3edg7g e57qer20\" readability=\"7\"><figcaption dir=\"ltr\" class=\"bbc-1t9zlwf eede9f50\" readability=\"4\"><span class=\"bbc-1gnhmg2 e1yt7oin0\">Pie de foto, <\/span><\/p>\n<p>Cuando se levantaron las restricciones por la pandemia, muchas empresas estadounidenses se encontraron con que no pod\u00edan cubrir sus vacantes.<\/p>\n<\/figcaption><\/div>\n<\/div>\n<\/figure>\n<\/div>\n<p><h2 id=\"Factores-estructurales\" tabindex=\"-1\" class=\"bbc-l3e97o e14hemmw0\">Factores estructurales<\/h2>\n<\/p>\n<div dir=\"ltr\" class=\"bbc-19j92fr e57qer20\" readability=\"8\">\n<p dir=\"ltr\" class=\"bbc-bm53ic e1cc2ql70\">Para empezar, hay que tener en cuenta un factor estructural.<\/p>\n<\/div>\n<div dir=\"ltr\" class=\"bbc-19j92fr e57qer20\" readability=\"10\">\n<p dir=\"ltr\" class=\"bbc-bm53ic e1cc2ql70\">La flexibilidad y las bajas tasas de desempleo de EE.UU. propician que un trabajador abandone su puesto esperando mejores oportunidades y condiciones laborales, porque <b>la econom\u00eda <\/b><b>estadounidense <\/b><b>se caracteriza t\u00edpicamente por una r\u00e1pida recuperaci\u00f3n del empleo<\/b> en tiempos normales.<\/p>\n<\/div>\n<div dir=\"ltr\" class=\"bbc-19j92fr e57qer20\" readability=\"8\">\n<p dir=\"ltr\" class=\"bbc-bm53ic e1cc2ql70\">Los trabajadores<b> entran y salen del mercado con facilidad<\/b>, dicen los expertos consultados.<\/p>\n<\/div>\n<div dir=\"ltr\" class=\"bbc-19j92fr e57qer20\" readability=\"8\">\n<p dir=\"ltr\" class=\"bbc-bm53ic e1cc2ql70\">Sin embargo, el mercado laboral europeo es en general m\u00e1s r\u00edgido y tiene una menor rotaci\u00f3n. <\/p>\n<\/div>\n<div dir=\"ltr\" class=\"bbc-19j92fr e57qer20\" readability=\"9\">\n<p dir=\"ltr\" class=\"bbc-bm53ic e1cc2ql70\">Tras la pandemia, las cifras muestran que los europeos han decidido regresar a sus puestos de trabajo<b> en vez de correr riesgos<\/b>.<\/p>\n<\/div>\n<div dir=\"ltr\" class=\"bbc-19j92fr e57qer20\" readability=\"12\">\n<p dir=\"ltr\" class=\"bbc-bm53ic e1cc2ql70\">&#8220;El mercado laboral estadounidense es m\u00e1s fluido y eso hace que sea m\u00e1s f\u00e1cil dejar un empleo.<b> Encontrar otro trabajo en Estados Unidos no es tan dif\u00edcil<\/b> como en Europa&#8221;, explica Juan Jos\u00e9 Dolado, catedr\u00e1tico de Econom\u00eda de la Universidad Carlos III de Madrid y especialista en econom\u00eda laboral.<\/p>\n<\/div>\n<div dir=\"ltr\" class=\"bbc-19j92fr e57qer20\" readability=\"10\">\n<p dir=\"ltr\" class=\"bbc-bm53ic e1cc2ql70\">As\u00ed mientras Europa utiliza medidas de flexibilidad dentro de la empresa cuando las cosas van mal \u2014como reducir las horas de sus trabajadores o recortar las primas (<i class=\"bbc-h1y5j7 ewc4zcb0\">bonus<\/i>) o beneficios m\u00e1s all\u00e1 del salario\u2014, <b>los pa\u00edses anglosajones basan su flexibilidad en contratar y despedir.<\/b><\/p>\n<\/div>\n<div dir=\"ltr\" class=\"bbc-1ka88fa e57qer20\">\n<figure class=\"bbc-1qdcvv9 e6bmn90\">\n<div dir=\"ltr\" class=\"bbc-172p16q e57qer20\">\n<div dir=\"ltr\" class=\"bbc-189y18v e57qer20\" readability=\"6.5\">\n<div data-e2e=\"image-placeholder\" class=\"bbc-997y1y e1whu0\" readability=\"8\"><noscript><img loading=\"lazy\" srcset=\"http:\/\/cordobadirecto.com\/wp-content\/uploads\/2021\/12\/por-que-europa-no-se-ha-visto-afectada-por-una-gran-renuncia-de-trabajadores-como-estados-unidos-22.jpg 240w, http:\/\/cordobadirecto.com\/wp-content\/uploads\/2021\/12\/por-que-europa-no-se-ha-visto-afectada-por-una-gran-renuncia-de-trabajadores-como-estados-unidos-23.jpg 320w, http:\/\/cordobadirecto.com\/wp-content\/uploads\/2021\/12\/por-que-europa-no-se-ha-visto-afectada-por-una-gran-renuncia-de-trabajadores-como-estados-unidos-24.jpg 480w, http:\/\/cordobadirecto.com\/wp-content\/uploads\/2021\/12\/por-que-europa-no-se-ha-visto-afectada-por-una-gran-renuncia-de-trabajadores-como-estados-unidos-25.jpg 624w, http:\/\/cordobadirecto.com\/wp-content\/uploads\/2021\/12\/por-que-europa-no-se-ha-visto-afectada-por-una-gran-renuncia-de-trabajadores-como-estados-unidos-26.jpg 800w\" alt=\"Una rauni\u00f3n de un sindicato en Alemania\" src=\"http:\/\/cordobadirecto.com\/wp-content\/uploads\/2021\/12\/por-que-europa-no-se-ha-visto-afectada-por-una-gran-renuncia-de-trabajadores-como-estados-unidos-3.jpg\" sizes=\"(min-width: 1008px) 645px, 100vw\" width=\"976\" height=\"549\" class=\"eehpdyc0 bbc-100dhyn e1enwo3v0\"><\/noscript><\/p>\n<p role=\"text\" class=\"bbc-1s1cxbv etq3yw90\"><span class=\"bbc-1gnhmg2 e1yt7oin0\">Fuente de la imagen, <\/span><span lang=\"en-GB\">Getty Images<\/span><\/p>\n<\/div>\n<\/div>\n<div dir=\"ltr\" class=\"bbc-3edg7g e57qer20\" readability=\"6\"><figcaption dir=\"ltr\" class=\"bbc-1t9zlwf eede9f50\" readability=\"2\"><span class=\"bbc-1gnhmg2 e1yt7oin0\">Pie de foto, <\/span><\/p>\n<p>Los sindicatos tienen m\u00e1s poder en Europa que en Estados Unidos.<\/p>\n<\/figcaption><\/div>\n<\/div>\n<\/figure>\n<\/div>\n<p><h2 id=\"El-papel-de-los-sindicatos\" tabindex=\"-1\" class=\"bbc-l3e97o e14hemmw0\">El papel de los sindicatos<\/h2>\n<\/p>\n<div dir=\"ltr\" class=\"bbc-19j92fr e57qer20\" readability=\"10\">\n<p dir=\"ltr\" class=\"bbc-bm53ic e1cc2ql70\">&#8220;Adem\u00e1s la mayor afiliaci\u00f3n sindical (que existe) en Europa y una negociaci\u00f3n entre empleadores y trabajadores m\u00e1s extendida implican<b> formas alternativas de mostrar descontento<\/b> a hacerlo a trav\u00e9s de las renuncias&#8221;, a\u00f1ade Dolado.<\/p>\n<\/div>\n<div dir=\"ltr\" class=\"bbc-19j92fr e57qer20\" readability=\"11\">\n<p dir=\"ltr\" class=\"bbc-bm53ic e1cc2ql70\">Para Luca Nunziata, economista y profesor en la Universidad de Padua, en Italia, los sindicatos tambi\u00e9n juegan un papel importante en el Viejo Continente.<\/p>\n<\/div>\n<div dir=\"ltr\" class=\"bbc-19j92fr e57qer20\" readability=\"11\">\n<p dir=\"ltr\" class=\"bbc-bm53ic e1cc2ql70\">&#8220;Los mercados laborales europeos funcionan de manera diferente al mercado laboral estadounidense. Si excluimos a Reino Unido, se caracterizan por un entorno <b>institucional que tradicionalmente privilegia la protecci\u00f3n del empleo<\/b> por encima de la flexibilidad&#8221;, explica. <\/p>\n<\/div>\n<div dir=\"ltr\" class=\"bbc-19j92fr e57qer20\" readability=\"12\">\n<p dir=\"ltr\" class=\"bbc-bm53ic e1cc2ql70\">&#8220;Adem\u00e1s, la <b>negociaci\u00f3n colectiva y los sindicatos <\/b>pueden desempe\u00f1ar un papel destacado, especialmente en algunos pa\u00edses&#8221;, dice en referencia a la homogeneidad de los salarios de la eurozona frente a <b>la alta desigualdad salarial de Estados Unidos<\/b>. <\/p>\n<\/div>\n<div dir=\"ltr\" class=\"bbc-1ka88fa e57qer20\">\n<figure class=\"bbc-1qdcvv9 e6bmn90\">\n<div dir=\"ltr\" class=\"bbc-172p16q e57qer20\">\n<div dir=\"ltr\" class=\"bbc-189y18v e57qer20\" readability=\"6.5\">\n<div data-e2e=\"image-placeholder\" class=\"bbc-997y1y e1whu0\" readability=\"8\"><noscript><img loading=\"lazy\" srcset=\"http:\/\/cordobadirecto.com\/wp-content\/uploads\/2021\/12\/por-que-europa-no-se-ha-visto-afectada-por-una-gran-renuncia-de-trabajadores-como-estados-unidos-27.jpg 240w, http:\/\/cordobadirecto.com\/wp-content\/uploads\/2021\/12\/por-que-europa-no-se-ha-visto-afectada-por-una-gran-renuncia-de-trabajadores-como-estados-unidos-28.jpg 320w, http:\/\/cordobadirecto.com\/wp-content\/uploads\/2021\/12\/por-que-europa-no-se-ha-visto-afectada-por-una-gran-renuncia-de-trabajadores-como-estados-unidos-29.jpg 480w, http:\/\/cordobadirecto.com\/wp-content\/uploads\/2021\/12\/por-que-europa-no-se-ha-visto-afectada-por-una-gran-renuncia-de-trabajadores-como-estados-unidos-30.jpg 624w, http:\/\/cordobadirecto.com\/wp-content\/uploads\/2021\/12\/por-que-europa-no-se-ha-visto-afectada-por-una-gran-renuncia-de-trabajadores-como-estados-unidos-31.jpg 800w\" alt=\"Madres paseando por un parque\" src=\"http:\/\/cordobadirecto.com\/wp-content\/uploads\/2021\/12\/por-que-europa-no-se-ha-visto-afectada-por-una-gran-renuncia-de-trabajadores-como-estados-unidos-4.jpg\" sizes=\"(min-width: 1008px) 645px, 100vw\" width=\"976\" height=\"549\" class=\"eehpdyc0 bbc-100dhyn e1enwo3v0\"><\/noscript><\/p>\n<p role=\"text\" class=\"bbc-1s1cxbv etq3yw90\"><span class=\"bbc-1gnhmg2 e1yt7oin0\">Fuente de la imagen, <\/span><span lang=\"en-GB\">Getty Images<\/span><\/p>\n<\/div>\n<\/div>\n<div dir=\"ltr\" class=\"bbc-3edg7g e57qer20\" readability=\"6\"><figcaption dir=\"ltr\" class=\"bbc-1t9zlwf eede9f50\" readability=\"2\"><span class=\"bbc-1gnhmg2 e1yt7oin0\">Pie de foto, <\/span><\/p>\n<p>Las bajas por maternidad pagadas en Europa son generosas.<\/p>\n<\/figcaption><\/div>\n<\/div>\n<\/figure>\n<\/div>\n<div dir=\"ltr\" class=\"bbc-19j92fr e57qer20\" readability=\"11\">\n<p dir=\"ltr\" class=\"bbc-bm53ic e1cc2ql70\">Pero con que en Europa no haya habido una oleada de renuncias tienen tambi\u00e9n que ver con beneficios laborales como <b>las vacaciones pagadas, las bajas por maternidad o las ayudas al cuidado infantil<\/b>, coinciden los economistas consultados por BBC Mundo.<\/p>\n<\/div>\n<div dir=\"ltr\" class=\"bbc-19j92fr e57qer20\" readability=\"8\">\n<p dir=\"ltr\" class=\"bbc-bm53ic e1cc2ql70\">Y apuntan a la <b>amplia asistencia p\u00fablica en la inserci\u00f3n laboral<\/b> para quienes pierden su empleo mediante formaci\u00f3n y otros recursos en los pa\u00edses de la eurozona.<\/p>\n<\/div>\n<div dir=\"ltr\" class=\"bbc-19j92fr e57qer20\" readability=\"14\">\n<p dir=\"ltr\" class=\"bbc-bm53ic e1cc2ql70\">&#8220;En general, la duraci\u00f3n comparativamente larga de la permanencia en un puesto es un <b>indicador de una buena calidad general del trabajo<\/b>. La determinaci\u00f3n y la influencia de los comit\u00e9s de empresa y los sindicatos contribuyen a ello en los sectores centrales de la econom\u00eda&#8221;, apunta Joachim Moeller, economista y catedr\u00e1tico de la Universidad de Ratisbona, en Alemania.<\/p>\n<\/div>\n<div dir=\"ltr\" class=\"bbc-19j92fr e57qer20\" readability=\"12\">\n<p dir=\"ltr\" class=\"bbc-bm53ic e1cc2ql70\">&#8220;En Europa hay <b>menos desigualdad salarial que en<\/b><b> Estados Unidos<\/b> y eso hace que los trabajadores de menor cualificaci\u00f3n, m\u00e1s afectados por la crisis de la Covid-19, tengan mayores incentivos a volver al trabajo&#8221;, afirma el profesor Jimeno. <\/p>\n<\/div>\n<div dir=\"ltr\" class=\"bbc-19j92fr e57qer20\" readability=\"12\">\n<p dir=\"ltr\" class=\"bbc-bm53ic e1cc2ql70\">&#8220;Las <b>condiciones laborales en Europa son ciertamente mucho mejores<\/b> que en muchos otros pa\u00edses del mundo, y estoy pensando en muchos pa\u00edses en desarrollo donde las normas laborales y las condiciones son mucho m\u00e1s pobres al tiempo que la productividad y los salarios reales son m\u00e1s bajos&#8221;, coincide Nunziata.<\/p>\n<\/div>\n<div dir=\"ltr\" class=\"bbc-19j92fr e57qer20\" readability=\"8\">\n<p dir=\"ltr\" class=\"bbc-bm53ic e1cc2ql70\">El profesor de la Universidad de Padua explica que las razones de <b>los beneficios sociales en Europa son hist\u00f3ricas.<\/b><\/p>\n<\/div>\n<div dir=\"ltr\" class=\"bbc-1ka88fa e57qer20\">\n<figure class=\"bbc-1qdcvv9 e6bmn90\">\n<div dir=\"ltr\" class=\"bbc-172p16q e57qer20\">\n<div dir=\"ltr\" class=\"bbc-189y18v e57qer20\" readability=\"6.5\">\n<div data-e2e=\"image-placeholder\" class=\"bbc-997y1y e1whu0\" readability=\"8\"><noscript><img loading=\"lazy\" srcset=\"http:\/\/cordobadirecto.com\/wp-content\/uploads\/2021\/12\/por-que-europa-no-se-ha-visto-afectada-por-una-gran-renuncia-de-trabajadores-como-estados-unidos-32.jpg 240w, http:\/\/cordobadirecto.com\/wp-content\/uploads\/2021\/12\/por-que-europa-no-se-ha-visto-afectada-por-una-gran-renuncia-de-trabajadores-como-estados-unidos-33.jpg 320w, http:\/\/cordobadirecto.com\/wp-content\/uploads\/2021\/12\/por-que-europa-no-se-ha-visto-afectada-por-una-gran-renuncia-de-trabajadores-como-estados-unidos-34.jpg 480w, http:\/\/cordobadirecto.com\/wp-content\/uploads\/2021\/12\/por-que-europa-no-se-ha-visto-afectada-por-una-gran-renuncia-de-trabajadores-como-estados-unidos-35.jpg 624w, http:\/\/cordobadirecto.com\/wp-content\/uploads\/2021\/12\/por-que-europa-no-se-ha-visto-afectada-por-una-gran-renuncia-de-trabajadores-como-estados-unidos-36.jpg 800w\" alt=\"Cola para comida\" src=\"http:\/\/cordobadirecto.com\/wp-content\/uploads\/2021\/12\/por-que-europa-no-se-ha-visto-afectada-por-una-gran-renuncia-de-trabajadores-como-estados-unidos-5.jpg\" sizes=\"(min-width: 1008px) 645px, 100vw\" width=\"976\" height=\"549\" class=\"eehpdyc0 bbc-100dhyn e1enwo3v0\"><\/noscript><\/p>\n<p role=\"text\" class=\"bbc-1s1cxbv etq3yw90\"><span class=\"bbc-1gnhmg2 e1yt7oin0\">Fuente de la imagen, <\/span><span lang=\"en-GB\">Getty Images<\/span><\/p>\n<\/div>\n<\/div>\n<div dir=\"ltr\" class=\"bbc-3edg7g e57qer20\" readability=\"6\"><figcaption dir=\"ltr\" class=\"bbc-1t9zlwf eede9f50\" readability=\"2\"><span class=\"bbc-1gnhmg2 e1yt7oin0\">Pie de foto, <\/span><\/p>\n<p>El origen del Estado del Bienestar qued\u00f3 definido tras las dos guerras mundiales.<\/p>\n<\/figcaption><\/div>\n<\/div>\n<\/figure>\n<\/div>\n<div dir=\"ltr\" class=\"bbc-19j92fr e57qer20\" readability=\"10\">\n<p dir=\"ltr\" class=\"bbc-bm53ic e1cc2ql70\">Despu\u00e9s de la I y II Guerra Mundial, el Viejo Continente impuso reglas m\u00e1s estrictas y <b>un sistema de bienestar m\u00e1s generoso<\/b> debido al derramamiento de sangre y al sufrimiento en este periodo de la historia. <\/p>\n<\/div>\n<div dir=\"ltr\" class=\"bbc-19j92fr e57qer20\" readability=\"7\">\n<p dir=\"ltr\" class=\"bbc-bm53ic e1cc2ql70\">Esto sent\u00f3 las bases del Estado del Bienestar. <\/p>\n<\/div>\n<div dir=\"ltr\" class=\"bbc-19j92fr e57qer20\" readability=\"10\">\n<p dir=\"ltr\" class=\"bbc-bm53ic e1cc2ql70\">&#8220;La otra cara es u<b>n mercado laboral m\u00e1s d\u00e9bil<\/b> y una menor deslocalizaci\u00f3n de trabajadores en sectores en declive o en sectores en alza. Esto puede afectar el crecimiento potencial una vez que termine la pandemia&#8221;, afirma el economista.<\/p>\n<\/div>\n<p><h2 id=\"Distintos-enfoques\" tabindex=\"-1\" class=\"bbc-l3e97o e14hemmw0\">Distintos enfoques<\/h2>\n<\/p>\n<div dir=\"ltr\" class=\"bbc-19j92fr e57qer20\" readability=\"11\">\n<p dir=\"ltr\" class=\"bbc-bm53ic e1cc2ql70\">Pero para la economista Christine Erhel, del Centro de Estudios del Empleo y del Trabajo de Par\u00eds, el <b>enfoque en c\u00f3mo se abord\u00f3 la pandemia<\/b> a los dos lados del Atl\u00e1ntico tambi\u00e9n tiene mucho que ver en la r\u00e1pida recuperaci\u00f3n del mercado laboral en Europa. <\/p>\n<\/div>\n<div dir=\"ltr\" class=\"bbc-19j92fr e57qer20\" readability=\"11\">\n<p dir=\"ltr\" class=\"bbc-bm53ic e1cc2ql70\">Mientras Estados Unidos abord\u00f3 los confinamientos aumentando el seguro por desempleo, <b>Europa pag\u00f3 a las empresas para que no despidieran<\/b> a nadie, incluso aunque la plantilla estaba en casa sin trabajar.<\/p>\n<\/div>\n<div dir=\"ltr\" class=\"bbc-19j92fr e57qer20\" readability=\"7\">\n<p dir=\"ltr\" class=\"bbc-bm53ic e1cc2ql70\">La protecci\u00f3n social mantuvo el v\u00ednculo entre los trabajadores y sus empresas.<\/p>\n<\/div>\n<div dir=\"ltr\" class=\"bbc-19j92fr e57qer20\" readability=\"7\">\n<p dir=\"ltr\" class=\"bbc-bm53ic e1cc2ql70\">Tambi\u00e9n la mayor asistencia p\u00fablica en la inserci\u00f3n laboral.<\/p>\n<\/div>\n<div dir=\"ltr\" class=\"bbc-1ka88fa e57qer20\">\n<figure class=\"bbc-1qdcvv9 e6bmn90\">\n<div dir=\"ltr\" class=\"bbc-172p16q e57qer20\">\n<div dir=\"ltr\" class=\"bbc-189y18v e57qer20\" readability=\"6.5\">\n<div data-e2e=\"image-placeholder\" class=\"bbc-997y1y e1whu0\" readability=\"8\"><noscript><img loading=\"lazy\" srcset=\"http:\/\/cordobadirecto.com\/wp-content\/uploads\/2021\/12\/por-que-europa-no-se-ha-visto-afectada-por-una-gran-renuncia-de-trabajadores-como-estados-unidos-37.jpg 240w, http:\/\/cordobadirecto.com\/wp-content\/uploads\/2021\/12\/por-que-europa-no-se-ha-visto-afectada-por-una-gran-renuncia-de-trabajadores-como-estados-unidos-38.jpg 320w, http:\/\/cordobadirecto.com\/wp-content\/uploads\/2021\/12\/por-que-europa-no-se-ha-visto-afectada-por-una-gran-renuncia-de-trabajadores-como-estados-unidos-39.jpg 480w, http:\/\/cordobadirecto.com\/wp-content\/uploads\/2021\/12\/por-que-europa-no-se-ha-visto-afectada-por-una-gran-renuncia-de-trabajadores-como-estados-unidos-40.jpg 624w, http:\/\/cordobadirecto.com\/wp-content\/uploads\/2021\/12\/por-que-europa-no-se-ha-visto-afectada-por-una-gran-renuncia-de-trabajadores-como-estados-unidos-41.jpg 800w\" alt=\"Imagen de una mujer trabajando desde la sala de una vivienda.\" src=\"http:\/\/cordobadirecto.com\/wp-content\/uploads\/2021\/12\/por-que-europa-no-se-ha-visto-afectada-por-una-gran-renuncia-de-trabajadores-como-estados-unidos-6.jpg\" sizes=\"(min-width: 1008px) 645px, 100vw\" width=\"976\" height=\"549\" class=\"eehpdyc0 bbc-100dhyn e1enwo3v0\"><\/noscript><\/p>\n<p role=\"text\" class=\"bbc-1s1cxbv etq3yw90\"><span class=\"bbc-1gnhmg2 e1yt7oin0\">Fuente de la imagen, <\/span><span lang=\"en-GB\">Getty Images<\/span><\/p>\n<\/div>\n<\/div>\n<div dir=\"ltr\" class=\"bbc-3edg7g e57qer20\" readability=\"6.5\"><figcaption dir=\"ltr\" class=\"bbc-1t9zlwf eede9f50\" readability=\"3\"><span class=\"bbc-1gnhmg2 e1yt7oin0\">Pie de foto, <\/span><\/p>\n<p>Muchos trabajadores no quieren renunciar a la flexibilidad y a la autonom\u00eda que ofrece el trabajo remoto.<\/p>\n<\/figcaption><\/div>\n<\/div>\n<\/figure>\n<\/div>\n<div dir=\"ltr\" class=\"bbc-19j92fr e57qer20\" readability=\"11\">\n<p dir=\"ltr\" class=\"bbc-bm53ic e1cc2ql70\">&#8220;En general, en la mayor\u00eda de los pa\u00edses europeos, la recuperaci\u00f3n ha sido bastante fuerte desde el verano de 2021 y el crecimiento del empleo es din\u00e1mico&#8221;, dice la acad\u00e9mica.<\/p>\n<\/div>\n<div dir=\"ltr\" class=\"bbc-19j92fr e57qer20\" readability=\"9\">\n<p dir=\"ltr\" class=\"bbc-bm53ic e1cc2ql70\">Y agrega: &#8220;A\u00fan no tenemos evaluaciones, pero <b>todas estas pol\u00edticas e instituciones ciertamente han jugado un papel importante<\/b>&#8220;.<\/p>\n<\/div>\n<p><h2 id=\"Empleo-para-los-j\u00f3venes\" tabindex=\"-1\" class=\"bbc-l3e97o e14hemmw0\">Empleo para los j\u00f3venes<\/h2>\n<\/p>\n<div dir=\"ltr\" class=\"bbc-19j92fr e57qer20\" readability=\"12\">\n<p dir=\"ltr\" class=\"bbc-bm53ic e1cc2ql70\">&#8220;Otras medidas (como el seguro por desempleo) han proporcionado un buen nivel de protecci\u00f3n de los ingresos y un nivel de demanda sostenido. Algunos<b> programas de pol\u00edticas activas del mercado laboral <\/b>tambi\u00e9n se han dirigido a grupos espec\u00edficos (especialmente los j\u00f3venes), para evitar la dependencia de la trayectoria y las consecuencias duraderas de la crisis en sus trayectorias&#8221;, apunta. <\/p>\n<\/div>\n<div dir=\"ltr\" class=\"bbc-19j92fr e57qer20\" readability=\"7\">\n<p dir=\"ltr\" class=\"bbc-bm53ic e1cc2ql70\">Y es que <b>los j\u00f3venes han sido uno de los segmentos de poblaci\u00f3n en activo m\u00e1s perjudicados.<\/b><\/p>\n<\/div>\n<div dir=\"ltr\" class=\"bbc-19j92fr e57qer20\" readability=\"9\">\n<p dir=\"ltr\" class=\"bbc-bm53ic e1cc2ql70\">&#8220;El empleo se ha recuperado bien y el bar\u00f3metro general del mercado laboral se encuentra en territorio positivo. Esto <b>no significa que no haya tambi\u00e9n problemas graves<\/b>&#8220;, dice Moeller. <\/p>\n<\/div>\n<div dir=\"ltr\" class=\"bbc-19j92fr e57qer20\" readability=\"10\">\n<p dir=\"ltr\" class=\"bbc-bm53ic e1cc2ql70\">Como en el resto de Europa, en Alemania, el principal problema es que se han cancelado demasiados estudios durante la pandemia.<\/p>\n<\/div>\n<div dir=\"ltr\" class=\"bbc-19j92fr e57qer20\" readability=\"9\">\n<p dir=\"ltr\" class=\"bbc-bm53ic e1cc2ql70\">&#8220;Debido al coronavirus, se han firmado muy <b>pocos nuevos contratos de formaci\u00f3n profesional <\/b>en comparaci\u00f3n con a\u00f1os anteriores&#8221;.<\/p>\n<\/div>\n<div dir=\"ltr\" class=\"bbc-19j92fr e57qer20\" readability=\"8\">\n<p dir=\"ltr\" class=\"bbc-bm53ic e1cc2ql70\">&#8220;Se trata de una desventaja tanto para los j\u00f3venes como para la econom\u00eda a largo plazo&#8221;, a\u00f1ade. <\/p>\n<\/div>\n<div dir=\"ltr\" class=\"bbc-1ka88fa e57qer20\">\n<figure class=\"bbc-1qdcvv9 e6bmn90\">\n<div dir=\"ltr\" class=\"bbc-172p16q e57qer20\">\n<div dir=\"ltr\" class=\"bbc-189y18v e57qer20\">\n<div data-e2e=\"image-placeholder\" class=\"bbc-997y1y e1whu0\"><noscript><img loading=\"lazy\" srcset=\"http:\/\/cordobadirecto.com\/wp-content\/uploads\/2021\/12\/por-que-europa-no-se-ha-visto-afectada-por-una-gran-renuncia-de-trabajadores-como-estados-unidos.png 240w, http:\/\/cordobadirecto.com\/wp-content\/uploads\/2021\/12\/por-que-europa-no-se-ha-visto-afectada-por-una-gran-renuncia-de-trabajadores-como-estados-unidos-42.jpg 320w, http:\/\/cordobadirecto.com\/wp-content\/uploads\/2021\/12\/por-que-europa-no-se-ha-visto-afectada-por-una-gran-renuncia-de-trabajadores-como-estados-unidos-43.jpg 480w, http:\/\/cordobadirecto.com\/wp-content\/uploads\/2021\/12\/por-que-europa-no-se-ha-visto-afectada-por-una-gran-renuncia-de-trabajadores-como-estados-unidos-44.jpg 624w\" alt=\"line\" src=\"http:\/\/cordobadirecto.com\/wp-content\/uploads\/2021\/12\/por-que-europa-no-se-ha-visto-afectada-por-una-gran-renuncia-de-trabajadores-como-estados-unidos-7.jpg\" sizes=\"(min-width: 1008px) 645px, 100vw\" width=\"624\" height=\"2\" class=\"eehpdyc0 bbc-100dhyn e1enwo3v0\"><\/noscript><\/div>\n<\/div>\n<\/div>\n<\/figure>\n<\/div>\n<div dir=\"ltr\" class=\"bbc-19j92fr e57qer20\" readability=\"8\">\n<p dir=\"ltr\" class=\"bbc-bm53ic e1cc2ql70\"><i class=\"bbc-h1y5j7 ewc4zcb0\">Ahora puedes recibir notificaciones de BBC Mundo. Descarga la nueva versi\u00f3n de nuestra app y act\u00edvalas para no perderte nuestro mejor contenido.<\/i><\/p>\n<\/div>\n","protected":false},"excerpt":{"rendered":"<p>Cristina J. Orgaz @cjorgaz BBC News Mundo 3 horas Fuente de la imagen, Getty Images Los expertos preve\u00edan una &#8220;Gran Renuncia&#8221; global, pero la realidad que muestran las cifras es otra. El fen\u00f3meno se empez\u00f3 a registrar en Estados Unidos en plena pandemia: un abandono masivo y voluntario de puestos de trabajo rara vez visto [&hellip;]<\/p>\n","protected":false},"author":1,"featured_media":33205,"comment_status":"closed","ping_status":"closed","sticky":false,"template":"","format":"standard","meta":[],"categories":[24],"tags":[],"_links":{"self":[{"href":"http:\/\/cordobadirecto.com\/index.php\/wp-json\/wp\/v2\/posts\/33204"}],"collection":[{"href":"http:\/\/cordobadirecto.com\/index.php\/wp-json\/wp\/v2\/posts"}],"about":[{"href":"http:\/\/cordobadirecto.com\/index.php\/wp-json\/wp\/v2\/types\/post"}],"author":[{"embeddable":true,"href":"http:\/\/cordobadirecto.com\/index.php\/wp-json\/wp\/v2\/users\/1"}],"replies":[{"embeddable":true,"href":"http:\/\/cordobadirecto.com\/index.php\/wp-json\/wp\/v2\/comments?post=33204"}],"version-history":[{"count":0,"href":"http:\/\/cordobadirecto.com\/index.php\/wp-json\/wp\/v2\/posts\/33204\/revisions"}],"wp:featuredmedia":[{"embeddable":true,"href":"http:\/\/cordobadirecto.com\/index.php\/wp-json\/wp\/v2\/media\/33205"}],"wp:attachment":[{"href":"http:\/\/cordobadirecto.com\/index.php\/wp-json\/wp\/v2\/media?parent=33204"}],"wp:term":[{"taxonomy":"category","embeddable":true,"href":"http:\/\/cordobadirecto.com\/index.php\/wp-json\/wp\/v2\/categories?post=33204"},{"taxonomy":"post_tag","embeddable":true,"href":"http:\/\/cordobadirecto.com\/index.php\/wp-json\/wp\/v2\/tags?post=33204"}],"curies":[{"name":"wp","href":"https:\/\/api.w.org\/{rel}","templated":true}]}}