{"id":33206,"date":"2021-12-13T11:39:22","date_gmt":"2021-12-13T11:39:22","guid":{"rendered":"http:\/\/cordobadirecto.com\/index.php\/2021\/12\/13\/variante-omicron-en-cordoba-salud-confirmo-cuatro-casos-el-ancasti\/"},"modified":"2021-12-13T11:39:22","modified_gmt":"2021-12-13T11:39:22","slug":"variante-omicron-en-cordoba-salud-confirmo-cuatro-casos-el-ancasti","status":"publish","type":"post","link":"http:\/\/cordobadirecto.com\/index.php\/2021\/12\/13\/variante-omicron-en-cordoba-salud-confirmo-cuatro-casos-el-ancasti\/","title":{"rendered":"Variante \u00d3micron en <b>C\u00f3rdoba<\/b>: Salud confirm\u00f3 cuatro casos &#8211; El Ancasti"},"content":{"rendered":"<p>La variante \u00d3micron lleg\u00f3 en un viajero que volv\u00eda de Dubai y otros contactos estrechos. Se enviaron otras cuatro muestras al Malbr\u00e1n. <\/p>\n","protected":false},"excerpt":{"rendered":"<p>La variante \u00d3micron lleg\u00f3 en un viajero que volv\u00eda de Dubai y otros contactos estrechos. Se enviaron otras cuatro muestras al Malbr\u00e1n.<\/p>\n","protected":false},"author":1,"featured_media":0,"comment_status":"closed","ping_status":"closed","sticky":false,"template":"","format":"standard","meta":[],"categories":[40],"tags":[],"_links":{"self":[{"href":"http:\/\/cordobadirecto.com\/index.php\/wp-json\/wp\/v2\/posts\/33206"}],"collection":[{"href":"http:\/\/cordobadirecto.com\/index.php\/wp-json\/wp\/v2\/posts"}],"about":[{"href":"http:\/\/cordobadirecto.com\/index.php\/wp-json\/wp\/v2\/types\/post"}],"author":[{"embeddable":true,"href":"http:\/\/cordobadirecto.com\/index.php\/wp-json\/wp\/v2\/users\/1"}],"replies":[{"embeddable":true,"href":"http:\/\/cordobadirecto.com\/index.php\/wp-json\/wp\/v2\/comments?post=33206"}],"version-history":[{"count":0,"href":"http:\/\/cordobadirecto.com\/index.php\/wp-json\/wp\/v2\/posts\/33206\/revisions"}],"wp:attachment":[{"href":"http:\/\/cordobadirecto.com\/index.php\/wp-json\/wp\/v2\/media?parent=33206"}],"wp:term":[{"taxonomy":"category","embeddable":true,"href":"http:\/\/cordobadirecto.com\/index.php\/wp-json\/wp\/v2\/categories?post=33206"},{"taxonomy":"post_tag","embeddable":true,"href":"http:\/\/cordobadirecto.com\/index.php\/wp-json\/wp\/v2\/tags?post=33206"}],"curies":[{"name":"wp","href":"https:\/\/api.w.org\/{rel}","templated":true}]}}