{"id":33207,"date":"2021-12-10T18:28:45","date_gmt":"2021-12-10T18:28:45","guid":{"rendered":"https:\/\/cordoba.gob.ar\/?p=18170"},"modified":"2021-12-10T18:28:45","modified_gmt":"2021-12-10T18:28:45","slug":"continua-el-trueque-de-reciclables-por-arbolitos-y-adornos-de-la-economia-circular","status":"publish","type":"post","link":"http:\/\/cordobadirecto.com\/index.php\/2021\/12\/10\/continua-el-trueque-de-reciclables-por-arbolitos-y-adornos-de-la-economia-circular\/","title":{"rendered":"Contin\u00faa el trueque de reciclables por arbolitos y adornos de la econom\u00eda circular"},"content":{"rendered":"<div><img src=\"http:\/\/cordobadirecto.com\/wp-content\/uploads\/2021\/12\/continua-el-trueque-de-reciclables-por-arbolitos-y-adornos-de-la-economia-circular.jpg\" class=\"ff-og-image-inserted\"><\/div>\n<ul>\n<li><strong>En la Plaza de la Intendencia se realizan los canjes de 19 a 21 hs.<\/strong><\/li>\n<\/ul>\n<hr>\n<p>En el marco de la econom\u00eda circular, el ente C\u00f3rdoba Obras y Servicios (COyS) contin\u00faa con el plan de canje de residuos secos por arbolitos de navidad y adornos elaborados con cart\u00f3n y pl\u00e1stico reciclado.<\/p>\n<p>Hoy viernes, entre las 19 y 21 horas, se ubicar\u00e1 el puesto de trueque en la Plaza de la Intendencia. Cabe destacar que los materiales con los que se elaboraron los arbolitos y adornos son fruto de la separaci\u00f3n de residuos que vienen realizando los vecinos de la ciudad.<\/p>\n<p>OPCIONES DE TRUEQUE<\/p>\n<p>\u2022 Por cada bolsa de material reciclable se entregar\u00e1 un arbolito y dos adornos.<\/p>\n<p>\u2022 Por 3 botellas pl\u00e1sticas se entregar\u00e1n dos adornos.<\/p>\n<p>\u2022 Por 3 tapitas un adorno.<\/p>\n<p>\u2022 Por cada envase pl\u00e1stico Grido de torta helada o familiar de 3 litros se entregan 5 adornos.<\/p>\n<p>Para la elaboraci\u00f3n de cada arbolito navide\u00f1o se utilizaron 0,4 kilos de cart\u00f3n y 5 tapitas pl\u00e1sticas se utilizaron para la fabricaci\u00f3n de cada adorno, los que fueron dise\u00f1ados y realizados por la empresa cordobesa de triple impacto, Ecolif.<\/p>\n<p>Esta acci\u00f3n se desarrolla en el espacio donde est\u00e1 ubicado el \u00c1rbol de Navidad, sobre plaza de la Intendencia, que posee una altura de casi 10 metros y se ilumina todas las noches. Su estructura fue realizada totalmente con residuos secos provenientes de los distintos programas de reciclado que abastecen a los Centros Verdes de la ciudad.<\/p>\n","protected":false},"excerpt":{"rendered":"<p>En la Plaza de la Intendencia se realizan los canjes de 19 a 21 hs. En el marco de la econom\u00eda circular, el ente C\u00f3rdoba Obras y Servicios (COyS) contin\u00faa con el plan de canje de residuos secos por arbolitos de navidad y adornos elaborados con cart\u00f3n y pl\u00e1stico reciclado. Hoy viernes, entre las 19 [&hellip;]<\/p>\n","protected":false},"author":1,"featured_media":33208,"comment_status":"closed","ping_status":"closed","sticky":false,"template":"","format":"standard","meta":[],"categories":[44],"tags":[],"_links":{"self":[{"href":"http:\/\/cordobadirecto.com\/index.php\/wp-json\/wp\/v2\/posts\/33207"}],"collection":[{"href":"http:\/\/cordobadirecto.com\/index.php\/wp-json\/wp\/v2\/posts"}],"about":[{"href":"http:\/\/cordobadirecto.com\/index.php\/wp-json\/wp\/v2\/types\/post"}],"author":[{"embeddable":true,"href":"http:\/\/cordobadirecto.com\/index.php\/wp-json\/wp\/v2\/users\/1"}],"replies":[{"embeddable":true,"href":"http:\/\/cordobadirecto.com\/index.php\/wp-json\/wp\/v2\/comments?post=33207"}],"version-history":[{"count":0,"href":"http:\/\/cordobadirecto.com\/index.php\/wp-json\/wp\/v2\/posts\/33207\/revisions"}],"wp:featuredmedia":[{"embeddable":true,"href":"http:\/\/cordobadirecto.com\/index.php\/wp-json\/wp\/v2\/media\/33208"}],"wp:attachment":[{"href":"http:\/\/cordobadirecto.com\/index.php\/wp-json\/wp\/v2\/media?parent=33207"}],"wp:term":[{"taxonomy":"category","embeddable":true,"href":"http:\/\/cordobadirecto.com\/index.php\/wp-json\/wp\/v2\/categories?post=33207"},{"taxonomy":"post_tag","embeddable":true,"href":"http:\/\/cordobadirecto.com\/index.php\/wp-json\/wp\/v2\/tags?post=33207"}],"curies":[{"name":"wp","href":"https:\/\/api.w.org\/{rel}","templated":true}]}}