{"id":33224,"date":"2021-12-13T23:37:17","date_gmt":"2021-12-13T23:37:17","guid":{"rendered":"https:\/\/cordoba.gob.ar\/?p=18291"},"modified":"2021-12-13T23:37:17","modified_gmt":"2021-12-13T23:37:17","slug":"abre-la-convocatoria-para-carnavales-comunitarios-2022","status":"publish","type":"post","link":"http:\/\/cordobadirecto.com\/index.php\/2021\/12\/13\/abre-la-convocatoria-para-carnavales-comunitarios-2022\/","title":{"rendered":"Abre la convocatoria para Carnavales Comunitarios 2022"},"content":{"rendered":"<div><img src=\"http:\/\/cordobadirecto.com\/wp-content\/uploads\/2021\/12\/abre-la-convocatoria-para-carnavales-comunitarios-2022.jpg\" class=\"ff-og-image-inserted\"><\/div>\n<ul>\n<li><strong>Hasta el 23 de diciembre, se pueden sumar proyectos de organizaciones que realizan festejos comunitarios de carnaval en C\u00f3rdoba Capital.<\/strong><\/li>\n<\/ul>\n<hr>\n<p>A partir de hoy y hasta el 23 de diciembre, la Subsecretar\u00eda de Cultura dependiente de la Secretar\u00eda de Gobierno de la Municipalidad de C\u00f3rdoba, abre convocatoria p\u00fablica para sumar proyectos de carnaval comunitario para los festejos a realizarse el pr\u00f3ximo a\u00f1o.<\/p>\n<p>El llamado corresponde al Programa Proyectos de Festejos Comunitarios de Carnaval 2022 (Ordenanza 12.500), destinado a organizaciones de la sociedad civil abocadas a festejos comunitarios de carnaval en C\u00f3rdoba capital.<\/p>\n<p>Se seleccionar\u00e1n hasta 25 proyectos, las cuales se desarrollar\u00e1n preferentemente entre el 12 de febrero y el 13 de marzo de 2022 en espacios p\u00fablicos abiertos, con entrada libre y gratuita.<\/p>\n<p>Las organizaciones interesadas deber\u00e1n presentar proyectos a trav\u00e9s de este <strong><a href=\"https:\/\/bit.ly\/3pHKSZX\">enlace<\/a><\/strong>.<\/p>\n<p>Para consultar las bases y condiciones de la convocatoria, ingresar al siguiente archivo: <strong><a href=\"https:\/\/cordoba.gob.ar\/wp-content\/uploads\/2021\/12\/Bases-Carnavales-2022.pdf\">Bases Carnavales 2022<\/a><\/strong><\/p>\n<p>Con fuerte impronta en el carnaval como espacio de identidad, la convocatoria dar\u00e1 prioridad a organizaciones cuyos referentes o representantes hayan realizado el Curso de Formaci\u00f3n en Carnavales \u201cProyectar la Alegr\u00eda\u201d.<\/p>\n<p>Esta iniciativa realizar\u00e1 un festejo por barrio de la ciudad permitiendo conformar una programaci\u00f3n descentralizada y representativa de la comunidad.<\/p>\n<p>Se podr\u00e1 participar dentro de alguna de estas 3 categor\u00edas de apoyo:<\/p>\n<p>CATEGOR\u00cdA \u201cA\u201d. Proyectos que no hayan sido beneficiarios de ediciones anteriores de la presente convocatoria.<\/p>\n<p>CATEGOR\u00cdA \u201cB\u201d. Proyectos que hayan sido beneficiarios de ediciones anteriores, que la hayan cumplimentado y cuya asistencia no supere las 5.000 personas por jornada, criterio que ser\u00e1 verificable.<\/p>\n<p>CATEGOR\u00cdA \u201cC\u201d. Proyectos que hayan sido beneficiarios de ediciones anteriores, que la hayan cumplimentado y cuya asistencia supere las 5.000 personas por jornada, que ser\u00e1 verificable.<\/p>\n<p>A los seleccionados en las 3 categor\u00edas se le cubrir\u00e1n servicios de seguridad como: seguro de responsabilidad civil, servicio de cobertura m\u00e9dica, y gesti\u00f3n y \/o contrataci\u00f3n de adicionales de polic\u00eda. Tambi\u00e9n servicio de ba\u00f1os qu\u00edmicos. Los aportes por todo concepto en estos \u00edtems tendr\u00e1n un tope de $125.000 pesos y los servicios ser\u00e1n contratados por la Municipalidad de C\u00f3rdoba.<\/p>\n<p>Por su parte, a los seleccionados en categor\u00edas \u201cB\u201d y \u201cC\u201d se cubrir\u00e1n los servicios ya mencionados y, adicionalmente, se pondr\u00e1 a disposici\u00f3n un monto de hasta $100,000 pesos para contrataci\u00f3n de otro\/s tipo\/s de servicio\/s que se solicite en el proyecto y que signifique un aporte a su propuesta art\u00edstica o al confort de los asistentes, por ejemplo: servicios de sonido, iluminaci\u00f3n, escenario, transporte, generador de energ\u00eda, sillas y otros.<\/p>\n<p>CARNAVAL ES IDENTIDAD<\/p>\n<p>Los festejos de carnaval recuperan diferentes formas de expresi\u00f3n y disfrute de sectores que fueron quedando marginados en los distintos momentos de la historia de nuestro pa\u00eds. Desde hace algunos a\u00f1os se retoma con gran intensidad esta tradici\u00f3n desde las murgas, centros culturales barriales y colectivos art\u00edsticos que, con una propuesta participativa y abierta, generan nuevos escenarios de democratizaci\u00f3n y reconocimiento de la diversidad cultural que habita nuestro territorio. En 2010, por ley nacional, se restituyen los feriados de Carnaval que la dictadura suprimi\u00f3 por decreto en 1976, d\u00e1ndoles nuevo impulso.<\/p>\n<p>Los carnavales comunitarios recuperan parte de la memoria colectiva de un pueblo, reafirmando sus rasgos identitarios y fortaleciendo los lazos sociales. Asimismo, la participaci\u00f3n en proyectos culturales fortalece la construcci\u00f3n de ciudadan\u00eda y edifica un imaginario de posibilidades a partir de la organizaci\u00f3n del evento festivo. Este tipo de pr\u00e1cticas implican, tambi\u00e9n, la ocupaci\u00f3n del espacio p\u00fablico por parte de los vecinos.<\/p>\n<p>En este sentido, es responsabilidad del Estado favorecer la realizaci\u00f3n de los festejos de carnaval que desarrollen sus objetivos en consonancia con lo antes descripto en pos de asegurar el derecho a la cultura de todos los ciudadanos. A trav\u00e9s de la presente Convocatoria, la Municipalidad de C\u00f3rdoba promueve la realizaci\u00f3n de estos festejos en un marco de seguridad adecuado.<\/p>\n<p>En 2015, se aprob\u00f3 la Ordenanza 12.500 \u201cPrograma de Fortalecimiento de los Festejos Comunitarios de Carnaval\u201d que instituye como pol\u00edtica p\u00fablica la participaci\u00f3n del Estado Municipal en la promoci\u00f3n de los festejos de Carnaval en la Ciudad.<\/p>\n","protected":false},"excerpt":{"rendered":"<p>Hasta el 23 de diciembre, se pueden sumar proyectos de organizaciones que realizan festejos comunitarios de carnaval en C\u00f3rdoba Capital. A partir de hoy y hasta el 23 de diciembre, la Subsecretar\u00eda de Cultura dependiente de la Secretar\u00eda de Gobierno de la Municipalidad de C\u00f3rdoba, abre convocatoria p\u00fablica para sumar proyectos de carnaval comunitario para [&hellip;]<\/p>\n","protected":false},"author":1,"featured_media":33225,"comment_status":"closed","ping_status":"closed","sticky":false,"template":"","format":"standard","meta":[],"categories":[44],"tags":[],"_links":{"self":[{"href":"http:\/\/cordobadirecto.com\/index.php\/wp-json\/wp\/v2\/posts\/33224"}],"collection":[{"href":"http:\/\/cordobadirecto.com\/index.php\/wp-json\/wp\/v2\/posts"}],"about":[{"href":"http:\/\/cordobadirecto.com\/index.php\/wp-json\/wp\/v2\/types\/post"}],"author":[{"embeddable":true,"href":"http:\/\/cordobadirecto.com\/index.php\/wp-json\/wp\/v2\/users\/1"}],"replies":[{"embeddable":true,"href":"http:\/\/cordobadirecto.com\/index.php\/wp-json\/wp\/v2\/comments?post=33224"}],"version-history":[{"count":0,"href":"http:\/\/cordobadirecto.com\/index.php\/wp-json\/wp\/v2\/posts\/33224\/revisions"}],"wp:featuredmedia":[{"embeddable":true,"href":"http:\/\/cordobadirecto.com\/index.php\/wp-json\/wp\/v2\/media\/33225"}],"wp:attachment":[{"href":"http:\/\/cordobadirecto.com\/index.php\/wp-json\/wp\/v2\/media?parent=33224"}],"wp:term":[{"taxonomy":"category","embeddable":true,"href":"http:\/\/cordobadirecto.com\/index.php\/wp-json\/wp\/v2\/categories?post=33224"},{"taxonomy":"post_tag","embeddable":true,"href":"http:\/\/cordobadirecto.com\/index.php\/wp-json\/wp\/v2\/tags?post=33224"}],"curies":[{"name":"wp","href":"https:\/\/api.w.org\/{rel}","templated":true}]}}