{"id":33313,"date":"2021-12-14T10:19:21","date_gmt":"2021-12-14T10:19:21","guid":{"rendered":"http:\/\/cordobadirecto.com\/index.php\/2021\/12\/14\/hallaron-sin-vida-a-veronica-forque-una-de-las-chicas-almodovar\/"},"modified":"2021-12-14T10:19:21","modified_gmt":"2021-12-14T10:19:21","slug":"hallaron-sin-vida-a-veronica-forque-una-de-las-chicas-almodovar","status":"publish","type":"post","link":"http:\/\/cordobadirecto.com\/index.php\/2021\/12\/14\/hallaron-sin-vida-a-veronica-forque-una-de-las-chicas-almodovar\/","title":{"rendered":"Hallaron sin vida a Ver\u00f3nica Forqu\u00e9, una de las &#8220;chicas Almod\u00f3var&#8221;"},"content":{"rendered":"<figure class=\"mb-3\"><img loading=\"lazy\" src=\"http:\/\/cordobadirecto.com\/wp-content\/uploads\/2021\/12\/hallaron-sin-vida-a-veronica-forque-una-de-las-chicas-almodovar.jpg\" width=\"100%\" height=\"100%\" alt=\"Vernica Forqu durante una gala de cine Foto TW Academia Espaola de Cine\"><figcaption> Ver\u00f3nica Forqu\u00e9, durante una gala de cine. (Foto: TW Academia Espa\u00f1ola de Cine) <\/figcaption><\/figure>\n<p>La <strong>actriz espa\u00f1ola Ver\u00f3nica Forqu\u00e9<\/strong>, reconocida entre otras cosas por ser una &#8220;chica Almod\u00f3var&#8221;, fue encontrada en la ma\u00f1ana del lunes sin vida a los 66 a\u00f1os en su casa de Madrid por los servicios de emergencia, inform\u00f3 la prensa de ese pa\u00eds.<\/p>\n<p>Si bien la polic\u00eda se encuentra investigando las causas de la muerte, la actriz, que hab\u00eda participado en el \u00faltimo tiempo del programa de televisi\u00f3n &#8220;Masterchef Celebrity&#8221;, <strong>se hab\u00eda referido al aire en varias oportunidades a un estado depresivo<\/strong> al que volvi\u00f3 a aludir al abandonar el reality culinario.<\/p>\n<p>Forqu\u00e9, hija del director y productor Jos\u00e9 Mar\u00eda Forqu\u00e9 y de la escritora Carmen V\u00e1zquez-Vigo, debut\u00f3 como actriz en cine en 1972, cuando ten\u00eda 17 a\u00f1os, en la pel\u00edcula de Jaime de Armi\u00f1\u00e1n &#8220;Mi querida se\u00f1orita&#8221;. No obstante, el \u00e9xito le lleg\u00f3 a comienzos de los a\u00f1os \u00b480 de la mano del director Pedro Almod\u00f3var, al encarnar a Cristal, una prostituta en la pel\u00edcula &#8220;<strong>\u00bfQu\u00e9 he hecho yo para merecer esto?<\/strong>&#8221; que le abri\u00f3 la puerta para trabajar con otros reconocidos cineastas espa\u00f1oles.<\/p>\n<blockquote class=\"twitter-tweet\" readability=\"8.3895131086142\">\n<p lang=\"es\" dir=\"ltr\">\ud83d\udd34 Fallece la actriz Ver\u00f3nica Forqu\u00e9, rostro imprescindible del cine espa\u00f1ol de las \u00faltimas d\u00e9cadas, en cintas como Kika, Bajarse al moro o \u00bfQu\u00e9 he hecho yo para merecer esto? <a href=\"https:\/\/t.co\/g86uBX4Obc\">pic.twitter.com\/g86uBX4Obc<\/a><\/p>\n<p>\u2014 Academia de Cine (@Academiadecine) <a href=\"https:\/\/twitter.com\/Academiadecine\/status\/1470383270483439617?ref_src=twsrc%5Etfw\">December 13, 2021<\/a><\/p><\/blockquote>\n<p>As\u00ed, llegaron importantes papeles junto a Fernando Trueba, con &#8220;S\u00e9 infiel y no mires con qui\u00e9n&#8221; o &#8220;El a\u00f1o de las luces&#8221;, con la que obtuvo uno de sus cuatro Premios Goya.<\/p>\n<p>Con el director Fernando Colomo trabaj\u00f3 en las comedias &#8220;Bajarse al moro&#8221; y la que le dio en 1988 su primer Goya como actriz protag\u00f3nica: &#8220;La vida alegre&#8221;, a\u00f1o en el que tambi\u00e9n se alz\u00f3 con el galard\u00f3n como actriz de reparto en &#8220;Moros y Cristianos&#8221;, de Luis Garc\u00eda Berlanga, y se consagr\u00f3 como la primera int\u00e9rprete femenina en ganar dos premios en la misma ceremonia.<\/p>\n<p>El <strong>cuarto Goya de su carrera lo recibi\u00f3 en 1993 por su protag\u00f3nico en &#8220;Kika&#8221;, tambi\u00e9n de Almod\u00f3var.<\/strong><\/p>\n<p>En los \u00faltimos a\u00f1os, Forqu\u00e9 particip\u00f3 en distintas obras teatrales, series televisivas y en 2021 hab\u00eda vuelto a recuperar protagonismo medi\u00e1tico al convertirse en una de las participantes m\u00e1s relevantes del programa &#8220;Masterchef Celebrity&#8221;. <\/p>\n","protected":false},"excerpt":{"rendered":"<p>Ver\u00f3nica Forqu\u00e9, durante una gala de cine. (Foto: TW Academia Espa\u00f1ola de Cine) La actriz espa\u00f1ola Ver\u00f3nica Forqu\u00e9, reconocida entre otras cosas por ser una &#8220;chica Almod\u00f3var&#8221;, fue encontrada en la ma\u00f1ana del lunes sin vida a los 66 a\u00f1os en su casa de Madrid por los servicios de emergencia, inform\u00f3 la prensa de ese [&hellip;]<\/p>\n","protected":false},"author":1,"featured_media":33314,"comment_status":"closed","ping_status":"closed","sticky":false,"template":"","format":"standard","meta":[],"categories":[20],"tags":[],"_links":{"self":[{"href":"http:\/\/cordobadirecto.com\/index.php\/wp-json\/wp\/v2\/posts\/33313"}],"collection":[{"href":"http:\/\/cordobadirecto.com\/index.php\/wp-json\/wp\/v2\/posts"}],"about":[{"href":"http:\/\/cordobadirecto.com\/index.php\/wp-json\/wp\/v2\/types\/post"}],"author":[{"embeddable":true,"href":"http:\/\/cordobadirecto.com\/index.php\/wp-json\/wp\/v2\/users\/1"}],"replies":[{"embeddable":true,"href":"http:\/\/cordobadirecto.com\/index.php\/wp-json\/wp\/v2\/comments?post=33313"}],"version-history":[{"count":0,"href":"http:\/\/cordobadirecto.com\/index.php\/wp-json\/wp\/v2\/posts\/33313\/revisions"}],"wp:featuredmedia":[{"embeddable":true,"href":"http:\/\/cordobadirecto.com\/index.php\/wp-json\/wp\/v2\/media\/33314"}],"wp:attachment":[{"href":"http:\/\/cordobadirecto.com\/index.php\/wp-json\/wp\/v2\/media?parent=33313"}],"wp:term":[{"taxonomy":"category","embeddable":true,"href":"http:\/\/cordobadirecto.com\/index.php\/wp-json\/wp\/v2\/categories?post=33313"},{"taxonomy":"post_tag","embeddable":true,"href":"http:\/\/cordobadirecto.com\/index.php\/wp-json\/wp\/v2\/tags?post=33313"}],"curies":[{"name":"wp","href":"https:\/\/api.w.org\/{rel}","templated":true}]}}