{"id":33315,"date":"2021-12-14T10:19:22","date_gmt":"2021-12-14T10:19:22","guid":{"rendered":"http:\/\/cordobadirecto.com\/index.php\/2021\/12\/14\/bajofondo-llega-con-la-musica-electronica-rioplatense-que-cultiva-desde-hace-20-anos\/"},"modified":"2021-12-14T10:19:22","modified_gmt":"2021-12-14T10:19:22","slug":"bajofondo-llega-con-la-musica-electronica-rioplatense-que-cultiva-desde-hace-20-anos","status":"publish","type":"post","link":"http:\/\/cordobadirecto.com\/index.php\/2021\/12\/14\/bajofondo-llega-con-la-musica-electronica-rioplatense-que-cultiva-desde-hace-20-anos\/","title":{"rendered":"Bajofondo llega con la m\u00fasica electr\u00f3nica rioplatense que cultiva desde hace 20 a\u00f1os"},"content":{"rendered":"<figure class=\"mb-3\"><img loading=\"lazy\" src=\"http:\/\/cordobadirecto.com\/wp-content\/uploads\/2021\/12\/bajofondo-llega-con-la-musica-electronica-rioplatense-que-cultiva-desde-hace-20-anos.jpg\" width=\"100%\" height=\"100%\" alt=\"Bajofondo es un grupo muy particular desde su concepcin ms conceptual que surgi hace ms de 20 aos en Madrid cont a Tlam Campodnico\"><figcaption> \u201cBajofondo es un grupo muy particular desde su concepci\u00f3n m\u00e1s conceptual que surgi\u00f3 hace m\u00e1s de 20 a\u00f1os en Madrid&#8221;, cont\u00f3 a T\u00e9lam Campod\u00f3nico. <\/figcaption><\/figure>\n<p>Bajofondo, proyecto rioplatense de m\u00fasica electr\u00f3nica que el pr\u00f3ximo jueves en el porte\u00f1o Teatro Coliseo finalizar\u00e1 una mini gira por ambos pa\u00edses tras el silencio impuesto por la pandemia, significa para<strong> el m\u00fasico y productor uruguayo Juan Campod\u00f3nico<\/strong>, uno de sus fundadores, &#8220;ir a jugar a la selecci\u00f3n porque de jugar en tu equipo, de repente pas\u00e1s a compartir con tremendas personas que vienen desde distintos sitios&#8221;.<\/p>\n<p>\u201cTocar con Bajofondo es para m\u00ed, como dec\u00eda Miles Davis, interactuar con m\u00fasicos que son mejores que yo y eso hace que el ambiente sea muy inspirador\u201d, se\u00f1ala Campod\u00f3nico en comunicaci\u00f3n telef\u00f3nica con T\u00e9lam desde el estudio que posee en la ciudad de Montevideo.<\/p>\n<p><strong>En esa usina creativa <\/strong>donde molde\u00f3 sonidos novedosos para artistas como Jorge Drexler. El Cuarteto de Nos, Luciano Supervielle, Ximena Sarin\u0303ana, Santullo, La Vela Puerca, No Te Va Gustar y Zoe Gotusso, entre m\u00e1s, el artista, de 50 a\u00f1os, aclara que el lugar \u201ces un estudio pero no es un taxi. Ac\u00e1 trabajo los proyectos propios y el de gente cercana\u201d.<\/p>\n<p>Y aunque en su camino expresivo figuran otros proyectos que lo interpelan como el grupo rockero Peyote Asesino (que acaba de publicar nuevo disco despu\u00e9s de 23 a\u00f1os) y la agrupaci\u00f3n Campo,<strong> subraya el valor de Bajofondo dentro del universo sonoro que cultiva.<\/strong><\/p>\n<p>\u201cBajofondo es un grupo muy particular desde su concepci\u00f3n m\u00e1s conceptual que <strong>surgi\u00f3 hace m\u00e1s de 20 a\u00f1os en Madrid cuando yo produc\u00eda \u2018Sea\u2019 de Jorge Drexler y con Gustavo Santaolalla<\/strong> -con quien ven\u00edamos conectados a partir de Peyote Asesino- enganchamos bien, para hacer algo con electr\u00f3nica y ra\u00edces rioplatenses\u201d, repasa Campod\u00f3nico.<\/p>\n<p>En el relato de ese proceso formalmente iniciado en 2001 y cuyo primer registro fue \u201cTango Club\u201d, publicado un a\u00f1o m\u00e1s tarde, el montevideano a\u00f1ade que \u201cde esa iniciativa de dos productores como somos Gustavo y yo, cada uno a invit\u00f3 a gente talentosa a la que pudiera interesarle el concepto y se arm\u00f3 algo binacional con un desarrollo art\u00edstico muy disfrutable\u201d.<\/p>\n<p><strong>Con Santaolalla en guitarra, percusi\u00f3n y voz y Juan en programaci\u00f3n, beats, samples y guitarra, desde entonces, la aventura de Bajofondo los re\u00fane junto, adem\u00e1s, a Luciano Supervielle (piano, teclados y scratch), Javier Casalla (viol\u00edn), Mart\u00edn Ferr\u00e9s (bandone\u00f3n), Gabriel Casacuberta (contrabajo), Adri\u00e1n Sosa (bater\u00eda) y la Vj Ver\u00f3nica Loza.<\/strong><\/p>\n<p>Para esta recorrida por los pa\u00edses de origen de sus integrantes, la agrupaci\u00f3n que en 2019 edit\u00f3 \u201cAura\u201d, su quinto y m\u00e1s reciente disco hasta ahora, suma un ensamble de cuerdas dirigido por el maestro Alejandro Ter\u00e1n.<\/p>\n<p>\u201cTer\u00e1n es un capo en su rol de arreglador, es un colaborador permanente desde \u2018Mar Dulce\u2019 (\u00e1lbum de 2007) y quer\u00edamos girar con \u00e9l aunque sea car\u00edsimo\u201d, apunta Campod\u00f3nico entre el elogio y la risa.<\/p>\n<p><strong>El tour regional que se inici\u00f3 el jueves en Montevideo<\/strong>, el viernes lleg\u00f3 a Punta del Este, el martes desde las 21.30 ofrecer\u00e1 un concierto gratuito en Plaza Ram\u00edrez de Concepci\u00f3n del Uruguay y el jueves a las 20.30 se presentar\u00e1 en el teatro Coliseo, sito en Marcelo Torcuato de Alvear 1125, CABA.<\/p>\n<figure class=\"mb-3\"><img loading=\"lazy\" src=\"http:\/\/cordobadirecto.com\/wp-content\/uploads\/2021\/12\/bajofondo-llega-con-la-musica-electronica-rioplatense-que-cultiva-desde-hace-20-anos-1.jpg\" width=\"100%\" height=\"100%\" alt=\"Gustavo Santaolalla y Juan Campodnico\"><figcaption> Gustavo Santaolalla y Juan Campod\u00f3nico. <\/figcaption><\/figure>\n<p><strong>-Campod\u00f3nico, \u00bfcon qu\u00e9 idea central nace Bajofondo?<\/strong><\/p>\n<p>-Quer\u00edamos ir a buscar cosas de la tradici\u00f3n de la m\u00fasica de ac\u00e1 puestas en conexi\u00f3n con sonidos m\u00e1s actuales como los sonidos de la electr\u00f3nica, el rock y el hip hop y aunque sobre todo al principio estuvo m\u00e1s encasillado en el tango electr\u00f3nico, lo que hacemos es m\u00fasica contempor\u00e1nea del R\u00edo de la Plata.<\/p>\n<p><strong>-\u00bfFueron alej\u00e1ndose del tango como matriz?<\/strong><\/p>\n<p>-Tenemos viol\u00edn y bandone\u00f3n y piano y contrabajo y eso nos da un sonido \u201catangado\u201d pero nuestra paleta es s\u00faper amplia y desde el principio nos planteamos un recorrido anticronol\u00f3gico y con m\u00fasicas hechas a partir de collages.<\/p>\n<p><strong>-\u00bfPuede pensarse que de alguna manera Bajofondo tendi\u00f3 puentes con Piazzolla?<\/strong><\/p>\n<p>-Piazzolla fue lo m\u00e1s cercano a lo que remitirnos y fue s\u00faper importante por ser un loco contempor\u00e1neo del rock que mantuvo una visi\u00f3n siempre muy distinta y muy de vanguardia. El esp\u00edritu de Astor nos inspir\u00f3 tambi\u00e9n, pero no fue s\u00f3lo eso, no fue solamente \u00e9l.<\/p>\n<p><strong>-\u00bfC\u00f3mo definir entonces la m\u00fasica de Bajofondo?<\/strong><\/p>\n<p>-Ha sido un viaje y una b\u00fasqueda para usar la identidad para hacer algo nuevo que conecte con lo contempor\u00e1neo. Bajofondo es un universo musical en s\u00ed mismo.<\/p>\n<p><strong>-\u00bfQu\u00e9 significa esta gira rioplatense?<\/strong><\/p>\n<p>-Implica retomar la actividad de tocar en vivo y empezar por casa, pero adem\u00e1s es interesante porque a\u00fan en momentos de mucho movimiento para Bajofondo, nunca llegamos a tocar tanto en el R\u00edo de la Plata: por ejemplo dimos 20 shows en B\u00e9lgica contra seis en Montevideo.<\/p>\n<p><strong>-\u00bfMusicalmente qu\u00e9 est\u00e1n mostrando en estos conciertos?<\/strong><\/p>\n<p>-Vamos a insistir un poco con \u201cAura\u201d, pero hay cosas de todos los discos de Bajofondo y algunos adelantos porque se vienen cosas en breve ya que en enero grabaremos un nuevo disco y hay una colaboraci\u00f3n con el rapero Ysy A que se conocer\u00e1 en febrero. Es un tema en conjunto donde Gustavo canta tambi\u00e9n y es un encuentro generacional.<\/p>\n","protected":false},"excerpt":{"rendered":"<p>\u201cBajofondo es un grupo muy particular desde su concepci\u00f3n m\u00e1s conceptual que surgi\u00f3 hace m\u00e1s de 20 a\u00f1os en Madrid&#8221;, cont\u00f3 a T\u00e9lam Campod\u00f3nico. Bajofondo, proyecto rioplatense de m\u00fasica electr\u00f3nica que el pr\u00f3ximo jueves en el porte\u00f1o Teatro Coliseo finalizar\u00e1 una mini gira por ambos pa\u00edses tras el silencio impuesto por la pandemia, significa para [&hellip;]<\/p>\n","protected":false},"author":1,"featured_media":33316,"comment_status":"closed","ping_status":"closed","sticky":false,"template":"","format":"standard","meta":[],"categories":[20],"tags":[],"_links":{"self":[{"href":"http:\/\/cordobadirecto.com\/index.php\/wp-json\/wp\/v2\/posts\/33315"}],"collection":[{"href":"http:\/\/cordobadirecto.com\/index.php\/wp-json\/wp\/v2\/posts"}],"about":[{"href":"http:\/\/cordobadirecto.com\/index.php\/wp-json\/wp\/v2\/types\/post"}],"author":[{"embeddable":true,"href":"http:\/\/cordobadirecto.com\/index.php\/wp-json\/wp\/v2\/users\/1"}],"replies":[{"embeddable":true,"href":"http:\/\/cordobadirecto.com\/index.php\/wp-json\/wp\/v2\/comments?post=33315"}],"version-history":[{"count":0,"href":"http:\/\/cordobadirecto.com\/index.php\/wp-json\/wp\/v2\/posts\/33315\/revisions"}],"wp:featuredmedia":[{"embeddable":true,"href":"http:\/\/cordobadirecto.com\/index.php\/wp-json\/wp\/v2\/media\/33316"}],"wp:attachment":[{"href":"http:\/\/cordobadirecto.com\/index.php\/wp-json\/wp\/v2\/media?parent=33315"}],"wp:term":[{"taxonomy":"category","embeddable":true,"href":"http:\/\/cordobadirecto.com\/index.php\/wp-json\/wp\/v2\/categories?post=33315"},{"taxonomy":"post_tag","embeddable":true,"href":"http:\/\/cordobadirecto.com\/index.php\/wp-json\/wp\/v2\/tags?post=33315"}],"curies":[{"name":"wp","href":"https:\/\/api.w.org\/{rel}","templated":true}]}}