{"id":33317,"date":"2021-12-14T10:10:06","date_gmt":"2021-12-14T10:10:06","guid":{"rendered":"https:\/\/www.espinof.com\/series-de-ficcion\/atresplayer-anuncia-continuacion-veneno-renueva-cardo-protegidos-regreso-temporada-2"},"modified":"2021-12-14T10:10:06","modified_gmt":"2021-12-14T10:10:06","slug":"atresplayer-anuncia-la-continuacion-de-veneno-y-renueva-cardo-y-los-protegidos-el-regreso-por-una-temporada-2","status":"publish","type":"post","link":"http:\/\/cordobadirecto.com\/index.php\/2021\/12\/14\/atresplayer-anuncia-la-continuacion-de-veneno-y-renueva-cardo-y-los-protegidos-el-regreso-por-una-temporada-2\/","title":{"rendered":"Atresplayer anuncia la continuaci\u00f3n de &#8216;Veneno&#8217; y renueva &#8216;Cardo&#8217; y &#8216;Los protegidos: el regreso&#8217; por una temporada 2"},"content":{"rendered":"<p>La plataforma de streaming de Atresmedia, Atresplayer Premium, ha tenido su presentaci\u00f3n de series cara a 2022 y m\u00e1s all\u00e1. Y entre estas novedades tendremos la renovaci\u00f3n de &#8216;<a href=\"https:\/\/www.espinof.com\/criticas\/cardo-magnifica-osado-e-imperfecto-retrato-juventud-que-llega-a-antena-3\">Cardo<\/a>&#8216; y &#8216;<a href=\"https:\/\/www.espinof.com\/criticas\/protegidos-regreso-secuela-llamada-a-satisfacer-a-incondicionales-serie-original-poco-que-ofrecer-al-resto\">Los protegidos: el regreso<\/a>&#8216; por sendas temporadas 2 y, adem\u00e1s, el inesperado regreso de &#8216;<a href=\"https:\/\/www.espinof.com\/series-de-ficcion\/veneno-prodigio-biopic-legendario-atresplayer-que-marca-antes-despues-filmografia-javis\">Veneno<\/a>&#8216;.<\/p>\n<p><!-- BREAK 1 --><\/p>\n<p>El biopic realizado por Los Javis <strong>tendr\u00e1 una continuaci\u00f3n\/segundo volumen de la serie titulada &#8216;Vestidas de azul&#8217;<\/strong>, en la cual se explorar\u00e1 el mundo que vivi\u00f3 la Veneno de la mano de Javier Calvo, Javier Ambrossi y Valeria Vegas (<a href=\"https:\/\/www.espinof.com\/redirect?url=https%3A%2F%2Fwww.amazon.es%2FVestidas-azul-Valeria-Vegas%2Fdp%2F849496741X%2Fref%3Dsr_1_1%3F__mk_es_ES%3D%25C3%2585M%25C3%2585%25C5%25BD%25C3%2595%25C3%2591%26keywords%3Dvestida%2Bde%2Bazul%2Bvaleria%2Bvargas%26qid%3D1639476411%26sr%3D8-1&amp;category=series-de-ficcion\">basada en el libro de esta \u00faltima<\/a>), que se encargaron de presentar este nuevo t\u00edtulo.<\/p>\n<p><!-- BREAK 2 --> <\/p>\n<div class=\"article-asset article-asset-normal article-asset-center\">\n<div class=\"desvio-container\">\n<div class=\"desvio\">\n<div class=\"desvio-figure js-desvio-figure\"> <a href=\"https:\/\/www.espinof.com\/otros-festivales-de-cine\/premios-feroz-2021-ninas-antidisturbios-justos-triunfadores-veneno-merecia-algo\"> <img alt=\"Premios Feroz 2021: 'Las ni\u00f1as' y 'Antidisturbios' son justos triunfadores pero 'Veneno' merec\u00eda algo m\u00e1s\" src=\"http:\/\/cordobadirecto.com\/wp-content\/uploads\/2021\/12\/atresplayer-anuncia-la-continuacion-de-veneno-y-renueva-cardo-y-los-protegidos-el-regreso-por-una-temporada-2.jpg\"> <\/a> <\/div><\/div><\/div>\n<\/div>\n<p>Los detalles son bastante parcos pero <strong>la idea es ir m\u00e1s all\u00e1 de la serie original<\/strong> y rascar en la historia de la transexualidad en la \u00e9poca de la transici\u00f3n. Volveremos a ver rostros ya conocidos (como Paca la Pira\u00f1a) y profundizar\u00e1 en aquellos que lucharon y murieron por los derechos LGTB en Espa\u00f1a.<\/p>\n<p><!-- BREAK 3 --><\/p>\n<h2>&#8216;Cardo&#8217; y &#8216;Los protegidos: el regreso&#8217;, renovadas<\/h2>\n<p>Tambi\u00e9n por parte de Los Javis, esta vez como productores, <strong>tendremos la temporada 2 de la intensa &#8216;Cardo&#8217;<\/strong>, el retrato de juventud de Ana Rujas y Claudia Costafreda en la que la primera vuelve a meterse en la piel de Mar\u00eda mientras se sigue enfrentando a las secuelas del accidente de moto de la primera temporada.<\/p>\n<p><!-- BREAK 4 --><\/p>\n<p>Por \u00faltimo, &#8216;Los protegidos: el regreso&#8217; <strong>parece haber tenido la suficiente acogida de p\u00fablico<\/strong> (que no de cr\u00edtica) como para tener una nueva temporada. De momento no parece haber m\u00e1s informaci\u00f3n de c\u00f3mo ser\u00e1 esta segunda entrega, pero podemos esperar m\u00e1s peripecias de los Castillo Rey en lo que combaten nuevas amenazas.<\/p>\n<p><!-- BREAK 5 --> <\/p>\n","protected":false},"excerpt":{"rendered":"<p>La plataforma de streaming de Atresmedia, Atresplayer Premium, ha tenido su presentaci\u00f3n de series cara a 2022 y m\u00e1s all\u00e1. Y entre estas novedades tendremos la renovaci\u00f3n de &#8216;Cardo&#8216; y &#8216;Los protegidos: el regreso&#8216; por sendas temporadas 2 y, adem\u00e1s, el inesperado regreso de &#8216;Veneno&#8216;. El biopic realizado por Los Javis tendr\u00e1 una continuaci\u00f3n\/segundo volumen [&hellip;]<\/p>\n","protected":false},"author":1,"featured_media":33318,"comment_status":"closed","ping_status":"closed","sticky":false,"template":"","format":"standard","meta":[],"categories":[17],"tags":[],"_links":{"self":[{"href":"http:\/\/cordobadirecto.com\/index.php\/wp-json\/wp\/v2\/posts\/33317"}],"collection":[{"href":"http:\/\/cordobadirecto.com\/index.php\/wp-json\/wp\/v2\/posts"}],"about":[{"href":"http:\/\/cordobadirecto.com\/index.php\/wp-json\/wp\/v2\/types\/post"}],"author":[{"embeddable":true,"href":"http:\/\/cordobadirecto.com\/index.php\/wp-json\/wp\/v2\/users\/1"}],"replies":[{"embeddable":true,"href":"http:\/\/cordobadirecto.com\/index.php\/wp-json\/wp\/v2\/comments?post=33317"}],"version-history":[{"count":0,"href":"http:\/\/cordobadirecto.com\/index.php\/wp-json\/wp\/v2\/posts\/33317\/revisions"}],"wp:featuredmedia":[{"embeddable":true,"href":"http:\/\/cordobadirecto.com\/index.php\/wp-json\/wp\/v2\/media\/33318"}],"wp:attachment":[{"href":"http:\/\/cordobadirecto.com\/index.php\/wp-json\/wp\/v2\/media?parent=33317"}],"wp:term":[{"taxonomy":"category","embeddable":true,"href":"http:\/\/cordobadirecto.com\/index.php\/wp-json\/wp\/v2\/categories?post=33317"},{"taxonomy":"post_tag","embeddable":true,"href":"http:\/\/cordobadirecto.com\/index.php\/wp-json\/wp\/v2\/tags?post=33317"}],"curies":[{"name":"wp","href":"https:\/\/api.w.org\/{rel}","templated":true}]}}