{"id":33321,"date":"2021-12-13T21:53:58","date_gmt":"2021-12-13T21:53:58","guid":{"rendered":"https:\/\/www.ole.com.ar\/autos\/verstappen-familia-triangulo-amoroso_0_bKwzLmtFX.html"},"modified":"2021-12-13T21:53:58","modified_gmt":"2021-12-13T21:53:58","slug":"verstappen-familia-fierrera-y-triangulo-amoroso","status":"publish","type":"post","link":"http:\/\/cordobadirecto.com\/index.php\/2021\/12\/13\/verstappen-familia-fierrera-y-triangulo-amoroso\/","title":{"rendered":"Verstappen: familia fierrera y tri\u00e1ngulo amoroso"},"content":{"rendered":"<p>Durante las pastas de los domingos al mediod\u00eda o, m\u00e1s t\u00edpico de Pa\u00edses Bajos, del Stamppot, uno se imagina pocos temas de conversaci\u00f3n que no pertenezcan al mundo del automovilismo en esa casa. Probablemente pap\u00e1 Jos le pueda marcar a su hijo <a alt=\"max-verstappen\" class=\"slug\" href=\"https:\/\/www.ole.com.ar\/tema\/max-verstappen.html\" target=\"_blank\" title=\"max-verstappen\" rel=\"noopener\">Max Verstappen<\/a> algunas cuestiones de subviraje que tiene el <a alt=\"red-bull\" class=\"slug\" href=\"https:\/\/www.ole.com.ar\/tema\/red-bull.html\" target=\"_blank\" title=\"red-bull\" rel=\"noopener\">Red Bull<\/a>, consiguiendo la r\u00e9plica de mam\u00e1 Sophie-Marie con un detalle de c\u00f3mo el nene toma las curvas. Kelly, su novia, lo defender\u00e1 ech\u00e1ndole la culpa a la Fuerza-G, mientras busca complicidad en Nelson -suegro-, que saldr\u00e1 de la chicana ponderando que la F\u00f3rmula 1 del pasado era mejor.<\/p>\n<div class=\"sp__SM\">\n<div class=\"content-new \">\n<span class=\"tit-mobile\">Mir\u00e1 tambi\u00e9n<\/span><\/p>\n<div class=\"mg\">\n<div class=\"wrap-figure\">\n<picture>\n<a href=\"https:\/\/www.ole.com.ar\/autos\/perez-hablo-duelo-hamilton_0_Fob_1_lGq.html\" target=\"_self\" rel=\"noopener\"><br \/>\n<img class=\"img-responsive\" alt=\"&quot;Entiendo a Hamilton, pero trabaj\u00e9 para mi equipo&quot;\" src=\"http:\/\/cordobadirecto.com\/wp-content\/uploads\/2021\/12\/verstappen-familia-fierrera-y-triangulo-amoroso.jpg\" loading=\"lazy\"><br \/>\n<\/a>\n<\/picture>\n<\/div>\n<\/div><\/div>\n<\/div>\n<p>\u00bfC\u00f3mo no entender que <a href=\"https:\/\/www.ole.com.ar\/autos\/formula-1-hamilton-verstappen-abu-dabi-titulo-campeon-ultima-fecha_0_1FfccbMcR.html\" target=\"_blank\" rel=\"noopener\">quien festejaba en el podio de Abu Dabi estaba predestinado a ser el campe\u00f3n de la M\u00e1xima<\/a>? M\u00e1s que \u00e1rbol, tiene un auto geneal\u00f3gico en sus ra\u00edces. Jos corri\u00f3 en la <a alt=\"formula-1\" class=\"slug\" href=\"https:\/\/www.ole.com.ar\/tema\/formula-1.html\" target=\"_blank\" title=\"formula-1\" rel=\"noopener\">F\u00f3rmula 1<\/a> y Sophie-Marie fue piloto de karting. <strong>Kelly es la hija del tricampe\u00f3n Nelson Piquet,<\/strong> y adem\u00e1s <strong>tiene una nena de dos a\u00f1os con Daniil Kvyat<\/strong>, ruso que hasta el 2020 manejaba para Alpha Tauri.<\/p>\n<div class=\"sp__Normal\">\n<div class=\"image-embeb image-trigger\" readability=\"6.5\">\n<picture><source media=\"(min-width: 720px)\" srcset=\"http:\/\/cordobadirecto.com\/wp-content\/uploads\/2021\/12\/verstappen-familia-fierrera-y-triangulo-amoroso-1.jpg\"><img itemprop=\"image\" src=\"http:\/\/cordobadirecto.com\/wp-content\/uploads\/2021\/12\/verstappen-familia-fierrera-y-triangulo-amoroso-1.jpg\" loading=\"lazy\" alt=\"Jos y Max, de festejo tras el t\u00edtulo (AP).\">\n<\/picture><figcaption readability=\"3\">\n<p>Jos y Max, de festejo tras el t\u00edtulo (AP).\n<\/p>\n<\/figcaption><\/div>\n<\/div>\n<p>El flamante ganador del campeonato naci\u00f3 como<strong> Max Emilian Verstappen el 30 de septiembre de 1997 en Hasselt, B\u00e9lgica<\/strong>, de donde es su mam\u00e1. El circuito de Spa Francorchamps quedaba a menos de una hora de su casa. Por su padre se nacionaliz\u00f3 neerland\u00e9s y comenz\u00f3 a manejar a los precoces 4 a\u00f1os, cuando recibi\u00f3 de regalo un karting.<\/p>\n<div class=\"sp__Normal\">\n<div class=\"image-embeb image-trigger\" readability=\"6\">\n<picture><source media=\"(min-width: 720px)\" srcset=\"http:\/\/cordobadirecto.com\/wp-content\/uploads\/2021\/12\/verstappen-familia-fierrera-y-triangulo-amoroso-2.jpg\"><img itemprop=\"image\" src=\"http:\/\/cordobadirecto.com\/wp-content\/uploads\/2021\/12\/verstappen-familia-fierrera-y-triangulo-amoroso-2.jpg\" loading=\"lazy\" alt=\"El tatuaje de un fan en Amsterdam (EFE).\">\n<\/picture><figcaption readability=\"2\">\n<p>El tatuaje de un fan en Amsterdam (EFE).\n<\/p>\n<\/figcaption><\/div>\n<\/div>\n<p>Luego de hacer las inferiores y ganar cuanto campeonato se le cruz\u00f3, a los 16&nbsp;se pas\u00f3 a los autos y, a los 17, ya corr\u00eda en la FIA F\u00f3rmula 3, apoyado por su padre, y a la vez con la sombra de \u00e9l, pues Jos en Pa\u00edses Bajos era una figura en el deporte, <strong>si bien apenas subi\u00f3 dos veces al podio de la F-1 sin ganar carreras en 107 GP del 94 al 2003<\/strong>.<\/p>\n<div class=\"sp__SM\">\n<div class=\"content-new \">\n<span class=\"tit-mobile\">Mir\u00e1 tambi\u00e9n<\/span><\/p>\n<div class=\"mg\">\n<div class=\"wrap-figure\">\n<picture>\n<a href=\"https:\/\/www.ole.com.ar\/autos\/hamilton-abu-dhabi-manipulado_0_j8FDVlySI.html\" target=\"_self\" rel=\"noopener\"><br \/>\n<img class=\"img-responsive\" alt=\"Hamilton acus\u00f3 que el GP de Abu Dhabi estuvo &quot;manipulado&quot;\" src=\"http:\/\/cordobadirecto.com\/wp-content\/uploads\/2021\/12\/verstappen-familia-fierrera-y-triangulo-amoroso-3.jpg\" loading=\"lazy\"><br \/>\n<\/a>\n<\/picture>\n<\/div>\n<\/div><\/div>\n<\/div>\n<p>Sin embargo, en la Florida Winter Series, un evento de pretemporada organizado por Ferrari y Prema, donde tambi\u00e9n estaban<strong> Lance Stroll y Nicholas Latifi, otros pilotos de F-1 actuales<\/strong>, Verstappen sorprendi\u00f3 por su forma de manejar y velocidad, lo cual sedujo a varios equipos de la M\u00e1xima. Al cabo, el que llam\u00f3 primero fue Red Bull, que lo fich\u00f3 para ser piloto de pruebas en el 2014, mientras Max segu\u00eda corriendo en la FIAF-3, donde cosech\u00f3 diez victorias para terminar 3\u00b0.<\/p>\n<blockquote readability=\"6\">\n<p>Todo lo que hemos hecho fue por esto, por su sue\u00f1o de ni\u00f1o.<\/p>\n<p><cite>Jos Verstappen, pap\u00e1 de Max<\/cite><\/p><\/blockquote>\n<p>Lo dem\u00e1s se termin\u00f3 dando por decantaci\u00f3n. En el equipo B de Red Bull, Toro Rosso (hoy Alpha Tauri), con apenas 17 a\u00f1os y 166 d\u00edas (sin edad para sacar el registro por su cuenta) y <strong>s\u00f3lo un a\u00f1o de experiencia en monoplazas, Verstappen se convirti\u00f3 en el debutante m\u00e1s precoz en la F-1 al correr el GP de Australia.<\/strong><\/p>\n<div class=\"sp__SM\">\n<div class=\"content-new \">\n<span class=\"tit-mobile\">Mir\u00e1 tambi\u00e9n<\/span><\/p>\n<div class=\"mg\">\n<div class=\"wrap-figure\">\n<picture>\n<a href=\"https:\/\/www.ole.com.ar\/autos\/verstappen-hamilton-formula-1-ultima-vuelta-abu-dhabi-video_0_8momAMABx.html\" target=\"_self\" rel=\"noopener\"><br \/>\n<img class=\"img-responsive\" alt=\"Video: la incre\u00edble \u00faltima vuelta y la batalla Verstappen vs. Hamilton\" src=\"http:\/\/cordobadirecto.com\/wp-content\/uploads\/2021\/12\/verstappen-familia-fierrera-y-triangulo-amoroso-4.jpg\" loading=\"lazy\"><br \/>\n<\/a>\n<\/picture>\n<\/div>\n<\/div><\/div>\n<\/div>\n<p>Doce d\u00edas m\u00e1s tarde logr\u00f3 otro r\u00e9cord, <strong>el del piloto m\u00e1s joven en cosechar puntos en la M\u00e1xima tras salir sexto en Malasia<\/strong>. Naturalmente fue el m\u00e1s joven en ganar una carrera, ya ascendido a Red Bull en el 2016, con 18 a\u00f1os 7 meses y 15 d\u00edas, en Espa\u00f1a.<\/p>\n<div class=\"sp__Normal\">\n<div class=\"image-embeb image-trigger\" readability=\"6.5\">\n<picture><source media=\"(min-width: 720px)\" srcset=\"http:\/\/cordobadirecto.com\/wp-content\/uploads\/2021\/12\/verstappen-familia-fierrera-y-triangulo-amoroso-5.jpg\"><img itemprop=\"image\" src=\"http:\/\/cordobadirecto.com\/wp-content\/uploads\/2021\/12\/verstappen-familia-fierrera-y-triangulo-amoroso-5.jpg\" loading=\"lazy\" alt=\"Max y su mam\u00e1, Shopie-marie Kumpen.\">\n<\/picture><figcaption readability=\"3\">\n<p>Max y su mam\u00e1, Shopie-marie Kumpen.\n<\/p>\n<\/figcaption><\/div>\n<\/div>\n<p>La llegada a las escuder\u00edas austr\u00edacas le hicieron trabar relaci\u00f3n con Kvyat, que&nbsp;le dej\u00f3 su lugar en Toro Rosso <strong>y a quien reemplaz\u00f3 luego en Red Bull.<\/strong> A partir de su relaci\u00f3n se empez\u00f3 a escribir una novela fierrera que involucraba a ambos pilotos y la actual novia de Max.<\/p>\n<div class=\"sp__SM\">\n<div class=\"content-new \">\n<span class=\"tit-mobile\">Mir\u00e1 tambi\u00e9n<\/span><\/p>\n<div class=\"mg\">\n<div class=\"wrap-figure\">\n<picture>\n<a href=\"https:\/\/www.ole.com.ar\/autos\/latifi-luego-accidente_0_X5lYFkLcB.html\" target=\"_self\" rel=\"noopener\"><br \/>\n<img class=\"img-responsive\" alt=\"Latifi: &quot;No quer\u00eda intervenir en la definici\u00f3n&quot;\" src=\"http:\/\/cordobadirecto.com\/wp-content\/uploads\/2021\/12\/verstappen-familia-fierrera-y-triangulo-amoroso-6.jpg\" loading=\"lazy\"><br \/>\n<\/a>\n<\/picture>\n<\/div>\n<\/div><\/div>\n<\/div>\n<p>En el 2017, el ruso y Kelly, modelo de Mega Model Brasil, comenzaron un noviazgo que <strong>dio sus frutos en el 2019 con el nacimiento de Pen\u00e9lope<\/strong>. Sin embargo, unos meses despu\u00e9s, en marzo del 2020, se separaron, casi al mismo tiempo que Verstappen dejaba a su pareja, Dilara Sanlik, lo cual gener\u00f3 comentarios en los boxes porque no daba el calendario.<\/p>\n<div class=\"sp__Normal\">\n<div class=\"image-embeb image-trigger\" readability=\"6.5\">\n<picture><source media=\"(min-width: 720px)\" srcset=\"http:\/\/cordobadirecto.com\/wp-content\/uploads\/2021\/12\/verstappen-familia-fierrera-y-triangulo-amoroso-7.jpg\"><img itemprop=\"image\" src=\"http:\/\/cordobadirecto.com\/wp-content\/uploads\/2021\/12\/verstappen-familia-fierrera-y-triangulo-amoroso-7.jpg\" loading=\"lazy\" alt=\"Nelson Piquet, su nieta (hija de Kvyat) y Verstappen.\">\n<\/picture><figcaption readability=\"3\">\n<p>Nelson Piquet, su nieta (hija de Kvyat) y Verstappen.\n<\/p>\n<\/figcaption><\/div>\n<\/div>\n<p>M\u00e1s all\u00e1 de los corrillos, hubo flechazo veloz como cuando Max acelera su auto. <strong>Tanto, que el piloto pas\u00f3 A\u00f1o Nuevo en Brasil <\/strong>con su familia pol\u00edtica (hasta un cu\u00f1ado tiene, Nelsinho, que tambi\u00e9n es ex F-1). \u00bfDe qu\u00e9 hablaron? De autos, seguro&#8230;<\/p>\n<div class=\"entry-tags\">\n<h2>TEMAS QUE APARECEN EN ESTA NOTA<\/h2>\n<\/p><\/div>\n","protected":false},"excerpt":{"rendered":"<p>Durante las pastas de los domingos al mediod\u00eda o, m\u00e1s t\u00edpico de Pa\u00edses Bajos, del Stamppot, uno se imagina pocos temas de conversaci\u00f3n que no pertenezcan al mundo del automovilismo en esa casa. Probablemente pap\u00e1 Jos le pueda marcar a su hijo Max Verstappen algunas cuestiones de subviraje que tiene el Red Bull, consiguiendo la [&hellip;]<\/p>\n","protected":false},"author":1,"featured_media":33322,"comment_status":"closed","ping_status":"closed","sticky":false,"template":"","format":"standard","meta":[],"categories":[21],"tags":[],"_links":{"self":[{"href":"http:\/\/cordobadirecto.com\/index.php\/wp-json\/wp\/v2\/posts\/33321"}],"collection":[{"href":"http:\/\/cordobadirecto.com\/index.php\/wp-json\/wp\/v2\/posts"}],"about":[{"href":"http:\/\/cordobadirecto.com\/index.php\/wp-json\/wp\/v2\/types\/post"}],"author":[{"embeddable":true,"href":"http:\/\/cordobadirecto.com\/index.php\/wp-json\/wp\/v2\/users\/1"}],"replies":[{"embeddable":true,"href":"http:\/\/cordobadirecto.com\/index.php\/wp-json\/wp\/v2\/comments?post=33321"}],"version-history":[{"count":0,"href":"http:\/\/cordobadirecto.com\/index.php\/wp-json\/wp\/v2\/posts\/33321\/revisions"}],"wp:featuredmedia":[{"embeddable":true,"href":"http:\/\/cordobadirecto.com\/index.php\/wp-json\/wp\/v2\/media\/33322"}],"wp:attachment":[{"href":"http:\/\/cordobadirecto.com\/index.php\/wp-json\/wp\/v2\/media?parent=33321"}],"wp:term":[{"taxonomy":"category","embeddable":true,"href":"http:\/\/cordobadirecto.com\/index.php\/wp-json\/wp\/v2\/categories?post=33321"},{"taxonomy":"post_tag","embeddable":true,"href":"http:\/\/cordobadirecto.com\/index.php\/wp-json\/wp\/v2\/tags?post=33321"}],"curies":[{"name":"wp","href":"https:\/\/api.w.org\/{rel}","templated":true}]}}