{"id":33375,"date":"2021-12-14T19:39:55","date_gmt":"2021-12-14T19:39:55","guid":{"rendered":"https:\/\/cordoba.gob.ar\/?p=18333"},"modified":"2021-12-14T19:39:55","modified_gmt":"2021-12-14T19:39:55","slug":"cien-dirigentes-sociales-finalizaron-la-diplomatura-en-gestion-publica-y-vecinalismo","status":"publish","type":"post","link":"http:\/\/cordobadirecto.com\/index.php\/2021\/12\/14\/cien-dirigentes-sociales-finalizaron-la-diplomatura-en-gestion-publica-y-vecinalismo\/","title":{"rendered":"Cien dirigentes sociales finalizaron la Diplomatura en Gesti\u00f3n P\u00fablica y Vecinalismo"},"content":{"rendered":"<div><img src=\"http:\/\/cordobadirecto.com\/wp-content\/uploads\/2021\/12\/cien-dirigentes-sociales-finalizaron-la-diplomatura-en-gestion-publica-y-vecinalismo.jpg\" class=\"ff-og-image-inserted\"><\/div>\n<p>Finaliz\u00f3 la Diplomatura en Gesti\u00f3n P\u00fablica y Vecinalismo destinada a dirigentes de centros vecinales y organizaciones sociales, integrantes de las Juntas de Participaci\u00f3n Vecinal de nuestra ciudad.<\/p>\n<p>De esta manera, cien vecinos de la ciudad completaron este ciclo formativo, producto de un convenio firmado por la Municipalidad de C\u00f3rdoba, a trav\u00e9s de la Secretar\u00eda de Participaci\u00f3n Ciudadana y el Instituto Acad\u00e9mico Pedag\u00f3gico de Ciencias Sociales (IAPCS) de la Universidad Nacional de Villa Mar\u00eda.<\/p>\n<p>Al respecto, Juan Domingo Viola, secretario de Participaci\u00f3n Ciudadana, manifest\u00f3: <em>\u201cNuestro objetivo es que cada uno de los dirigentes vecinales y personas que tienen a cargo una instituci\u00f3n barrial puedan contar con las herramientas brindadas por el estado municipal para capacitarse, para poder ampliar su abanico de conocimiento y as\u00ed tener mejores dirigentes que hacen mejores instituciones y mejores instituciones hacen mejores barrios\u201d.<\/em><\/p>\n<p>La capacitaci\u00f3n que se desarroll\u00f3 de mayo a noviembre con una carga horaria de 100 horas y una evaluaci\u00f3n final, tuvo como objetivo principal brindar herramientas para la formulaci\u00f3n de proyectos de base territorial; capacitar al personal en su relaci\u00f3n con el vecino y en su rol de servidor p\u00fablico; generar conciencia de fortalecimiento personal e institucional y propiciar espacios de reflexi\u00f3n sobre el desarrollo y crecimiento de la ciudad.<\/p>\n<p>En tanto, Gabriel Su\u00e1rez, decano del Instituto Acad\u00e9mico Pedag\u00f3gico de Ciencias Sociales de la UNVM, indic\u00f3: <em>\u201cEn este trayecto reflexionamos sobre qu\u00e9 es la gesti\u00f3n p\u00fablica, responsabilidad, herramientas espec\u00edficas y la importancia del vecinalismo. Fue un espacio de construcci\u00f3n colectiva\u201d.<\/em><\/p>\n<p>La entrega de certificados se llev\u00f3 a cabo en el Centro de Participaci\u00f3n Comunal San Vicente y cont\u00f3 con la presencia de funcionarios de la Secretar\u00eda de Participaci\u00f3n Ciudadana y docentes de la Universidad Nacional de Villa Mar\u00eda.<\/p>\n","protected":false},"excerpt":{"rendered":"<p>Finaliz\u00f3 la Diplomatura en Gesti\u00f3n P\u00fablica y Vecinalismo destinada a dirigentes de centros vecinales y organizaciones sociales, integrantes de las Juntas de Participaci\u00f3n Vecinal de nuestra ciudad. De esta manera, cien vecinos de la ciudad completaron este ciclo formativo, producto de un convenio firmado por la Municipalidad de C\u00f3rdoba, a trav\u00e9s de la Secretar\u00eda de [&hellip;]<\/p>\n","protected":false},"author":1,"featured_media":33376,"comment_status":"closed","ping_status":"closed","sticky":false,"template":"","format":"standard","meta":[],"categories":[44],"tags":[],"_links":{"self":[{"href":"http:\/\/cordobadirecto.com\/index.php\/wp-json\/wp\/v2\/posts\/33375"}],"collection":[{"href":"http:\/\/cordobadirecto.com\/index.php\/wp-json\/wp\/v2\/posts"}],"about":[{"href":"http:\/\/cordobadirecto.com\/index.php\/wp-json\/wp\/v2\/types\/post"}],"author":[{"embeddable":true,"href":"http:\/\/cordobadirecto.com\/index.php\/wp-json\/wp\/v2\/users\/1"}],"replies":[{"embeddable":true,"href":"http:\/\/cordobadirecto.com\/index.php\/wp-json\/wp\/v2\/comments?post=33375"}],"version-history":[{"count":0,"href":"http:\/\/cordobadirecto.com\/index.php\/wp-json\/wp\/v2\/posts\/33375\/revisions"}],"wp:featuredmedia":[{"embeddable":true,"href":"http:\/\/cordobadirecto.com\/index.php\/wp-json\/wp\/v2\/media\/33376"}],"wp:attachment":[{"href":"http:\/\/cordobadirecto.com\/index.php\/wp-json\/wp\/v2\/media?parent=33375"}],"wp:term":[{"taxonomy":"category","embeddable":true,"href":"http:\/\/cordobadirecto.com\/index.php\/wp-json\/wp\/v2\/categories?post=33375"},{"taxonomy":"post_tag","embeddable":true,"href":"http:\/\/cordobadirecto.com\/index.php\/wp-json\/wp\/v2\/tags?post=33375"}],"curies":[{"name":"wp","href":"https:\/\/api.w.org\/{rel}","templated":true}]}}