{"id":33385,"date":"2021-12-14T23:37:31","date_gmt":"2021-12-14T23:37:31","guid":{"rendered":"http:\/\/cordobadirecto.com\/index.php\/2021\/12\/14\/se-firmo-convenio-para-fomentar-empleo-joven-con-el-mutualismo-cordobes-la-nueva-manana\/"},"modified":"2021-12-14T23:37:31","modified_gmt":"2021-12-14T23:37:31","slug":"se-firmo-convenio-para-fomentar-empleo-joven-con-el-mutualismo-cordobes-la-nueva-manana","status":"publish","type":"post","link":"http:\/\/cordobadirecto.com\/index.php\/2021\/12\/14\/se-firmo-convenio-para-fomentar-empleo-joven-con-el-mutualismo-cordobes-la-nueva-manana\/","title":{"rendered":"Se firm\u00f3 convenio para fomentar empleo joven con el Mutualismo cordob\u00e9s &#8211; La <b>NUEVA<\/b> Ma\u00f1ana"},"content":{"rendered":"<p>Foto: gentileza. Con la firma de la Ministra de Empleo y <b>Econom\u00eda<\/b> Familiar, Laura Jure, el presidente de la Agencia <b>C\u00f3rdoba<\/b> Joven Mat\u00edas Anconetani,&nbsp;&#8230; <\/p>\n","protected":false},"excerpt":{"rendered":"<p>Foto: gentileza. Con la firma de la Ministra de Empleo y Econom\u00eda Familiar, Laura Jure, el presidente de la Agencia C\u00f3rdoba Joven Mat\u00edas Anconetani,&nbsp;&#8230;<\/p>\n","protected":false},"author":1,"featured_media":0,"comment_status":"closed","ping_status":"closed","sticky":false,"template":"","format":"standard","meta":[],"categories":[40],"tags":[],"_links":{"self":[{"href":"http:\/\/cordobadirecto.com\/index.php\/wp-json\/wp\/v2\/posts\/33385"}],"collection":[{"href":"http:\/\/cordobadirecto.com\/index.php\/wp-json\/wp\/v2\/posts"}],"about":[{"href":"http:\/\/cordobadirecto.com\/index.php\/wp-json\/wp\/v2\/types\/post"}],"author":[{"embeddable":true,"href":"http:\/\/cordobadirecto.com\/index.php\/wp-json\/wp\/v2\/users\/1"}],"replies":[{"embeddable":true,"href":"http:\/\/cordobadirecto.com\/index.php\/wp-json\/wp\/v2\/comments?post=33385"}],"version-history":[{"count":0,"href":"http:\/\/cordobadirecto.com\/index.php\/wp-json\/wp\/v2\/posts\/33385\/revisions"}],"wp:attachment":[{"href":"http:\/\/cordobadirecto.com\/index.php\/wp-json\/wp\/v2\/media?parent=33385"}],"wp:term":[{"taxonomy":"category","embeddable":true,"href":"http:\/\/cordobadirecto.com\/index.php\/wp-json\/wp\/v2\/categories?post=33385"},{"taxonomy":"post_tag","embeddable":true,"href":"http:\/\/cordobadirecto.com\/index.php\/wp-json\/wp\/v2\/tags?post=33385"}],"curies":[{"name":"wp","href":"https:\/\/api.w.org\/{rel}","templated":true}]}}