{"id":33388,"date":"2021-12-15T04:46:22","date_gmt":"2021-12-15T04:46:22","guid":{"rendered":"https:\/\/puntoapunto.com.ar\/?p=319972"},"modified":"2021-12-15T04:46:22","modified_gmt":"2021-12-15T04:46:22","slug":"edicion-semanal-empresario-del-ano-2021-regreso-la-gala","status":"publish","type":"post","link":"http:\/\/cordobadirecto.com\/index.php\/2021\/12\/15\/edicion-semanal-empresario-del-ano-2021-regreso-la-gala\/","title":{"rendered":"Edici\u00f3n semanal: Empresario del A\u00f1o 2021, regres\u00f3 la gala"},"content":{"rendered":"<p>Despu\u00e9s de la pandemia del 2020, donde el evento tuvo una edici\u00f3n acotada, e<strong>ste a\u00f1o volvi\u00f3 la tradicional cena de gala que caracteriza al certamen de Punto a Punto.<\/strong><\/p>\n<div class=\"g g-146\">\n<div class=\"g-single a-378\"><a class=\"gofollow\" data-track=\"Mzc4LDE0NiwxLDYw\" href=\"https:\/\/www.grupocanter.com.ar\/notas\/de-hito-en-hito-2021\/?utm_source=Punto%20a%20Punto&amp;utm_medium=Banner&amp;utm_campaign=Departamentos&amp;utm_term=Banner%20Newsletters\/\" target=\"_blank\" rel=\"noopener\"><img src=\"http:\/\/cordobadirecto.com\/wp-content\/uploads\/2021\/12\/edicion-semanal-empresario-del-ano-2021-regreso-la-gala.gif\"><\/a><\/div>\n<\/div>\n<p><strong>El Hornito,<\/strong> la fabrica de empanadas, proyecta<strong> desembarcos nacionales e internacionales<\/strong>, el lanzamiento de nuevos productos y la apertura de una fabrica. Todos los detalles.<\/p>\n<p>Qu\u00e9 hace y a qu\u00e9 se dedica <strong>Grupo RFG<\/strong>, la pyme que cuenta con un enfoque sustentable para las industrias.<\/p>\n<p><strong>Competitividad: c\u00f3mo gestionar el conocimiento.<\/strong> La opini\u00f3n de Juan Bidondo y Francisco Michelich de Agency Coda.<\/p>\n<p><strong>Le\u00e9 la edici\u00f3n digital interactiva en tu formato favorito:<\/strong><\/p>\n<p><a href=\"https:\/\/indd.adobe.com\/view\/e901a3ed-a8b5-46bd-a074-6d4799d82d94\" target=\"_blank\" rel=\"noopener\"><img loading=\"lazy\" class=\"td-animation-stack-type0-2 alignnone wp-image-318021 size-medium\" src=\"http:\/\/cordobadirecto.com\/wp-content\/uploads\/2021\/12\/edicion-semanal-empresario-del-ano-2021-regreso-la-gala.png\" sizes=\"(max-width: 300px) 100vw, 300px\" srcset=\"http:\/\/cordobadirecto.com\/wp-content\/uploads\/2021\/12\/edicion-semanal-empresario-del-ano-2021-regreso-la-gala.png 300w, http:\/\/cordobadirecto.com\/wp-content\/uploads\/2021\/12\/edicion-semanal-empresario-del-ano-2021-regreso-la-gala-2.png 768w, http:\/\/cordobadirecto.com\/wp-content\/uploads\/2021\/12\/edicion-semanal-empresario-del-ano-2021-regreso-la-gala-3.png 150w, http:\/\/cordobadirecto.com\/wp-content\/uploads\/2021\/12\/edicion-semanal-empresario-del-ano-2021-regreso-la-gala-4.png 696w, http:\/\/cordobadirecto.com\/wp-content\/uploads\/2021\/12\/edicion-semanal-empresario-del-ano-2021-regreso-la-gala-5.png 800w\" alt width=\"300\" height=\"75\" data-pin-no-hover=\"true\"><\/a><\/p>\n<p><a href=\"https:\/\/indd.adobe.com\/view\/a53a0d45-54ed-46ae-8862-289c1b582d4e\" target=\"_blank\" rel=\"noopener\"><img loading=\"lazy\" class=\"td-animation-stack-type0-2 alignnone wp-image-318023 size-medium\" src=\"http:\/\/cordobadirecto.com\/wp-content\/uploads\/2021\/12\/edicion-semanal-empresario-del-ano-2021-regreso-la-gala-1.png\" sizes=\"(max-width: 300px) 100vw, 300px\" srcset=\"http:\/\/cordobadirecto.com\/wp-content\/uploads\/2021\/12\/edicion-semanal-empresario-del-ano-2021-regreso-la-gala-1.png 300w, http:\/\/cordobadirecto.com\/wp-content\/uploads\/2021\/12\/edicion-semanal-empresario-del-ano-2021-regreso-la-gala-6.png 768w, http:\/\/cordobadirecto.com\/wp-content\/uploads\/2021\/12\/edicion-semanal-empresario-del-ano-2021-regreso-la-gala-7.png 150w, http:\/\/cordobadirecto.com\/wp-content\/uploads\/2021\/12\/edicion-semanal-empresario-del-ano-2021-regreso-la-gala-8.png 696w, http:\/\/cordobadirecto.com\/wp-content\/uploads\/2021\/12\/edicion-semanal-empresario-del-ano-2021-regreso-la-gala-9.png 800w\" alt width=\"300\" height=\"75\" data-pin-no-hover=\"true\"><\/a><\/p>\n<div class=\"g g-60\">\n<div class=\"g-dyn a-403 c-1\"><a class=\"gofollow\" data-track=\"NDAzLDYwLDEsNjA=\" href=\"https:\/\/puntoapunto.com.ar\/edicion-semanal-empresario-del-ano-2021-regreso-la-gala\/www.epec.com.ar\"><img src=\"http:\/\/cordobadirecto.com\/wp-content\/uploads\/2021\/12\/edicion-semanal-empresario-del-ano-2021-regreso-la-gala-1.gif\"><\/a><\/div>\n<div class=\"g-dyn a-405 c-2\"><a class=\"gofollow\" data-track=\"NDA1LDYwLDEsNjA=\" href=\"https:\/\/bit.ly\/RentasGrupodeAdultosMayores\"><img src=\"http:\/\/cordobadirecto.com\/wp-content\/uploads\/2021\/12\/edicion-semanal-empresario-del-ano-2021-regreso-la-gala-2.gif\"><\/a><\/div>\n<\/div>\n","protected":false},"excerpt":{"rendered":"<p>Despu\u00e9s de la pandemia del 2020, donde el evento tuvo una edici\u00f3n acotada, este a\u00f1o volvi\u00f3 la tradicional cena de gala que caracteriza al certamen de Punto a Punto. El Hornito, la fabrica de empanadas, proyecta desembarcos nacionales e internacionales, el lanzamiento de nuevos productos y la apertura de una fabrica. Todos los detalles. Qu\u00e9 [&hellip;]<\/p>\n","protected":false},"author":1,"featured_media":33389,"comment_status":"closed","ping_status":"closed","sticky":false,"template":"","format":"standard","meta":[],"categories":[25],"tags":[],"_links":{"self":[{"href":"http:\/\/cordobadirecto.com\/index.php\/wp-json\/wp\/v2\/posts\/33388"}],"collection":[{"href":"http:\/\/cordobadirecto.com\/index.php\/wp-json\/wp\/v2\/posts"}],"about":[{"href":"http:\/\/cordobadirecto.com\/index.php\/wp-json\/wp\/v2\/types\/post"}],"author":[{"embeddable":true,"href":"http:\/\/cordobadirecto.com\/index.php\/wp-json\/wp\/v2\/users\/1"}],"replies":[{"embeddable":true,"href":"http:\/\/cordobadirecto.com\/index.php\/wp-json\/wp\/v2\/comments?post=33388"}],"version-history":[{"count":0,"href":"http:\/\/cordobadirecto.com\/index.php\/wp-json\/wp\/v2\/posts\/33388\/revisions"}],"wp:featuredmedia":[{"embeddable":true,"href":"http:\/\/cordobadirecto.com\/index.php\/wp-json\/wp\/v2\/media\/33389"}],"wp:attachment":[{"href":"http:\/\/cordobadirecto.com\/index.php\/wp-json\/wp\/v2\/media?parent=33388"}],"wp:term":[{"taxonomy":"category","embeddable":true,"href":"http:\/\/cordobadirecto.com\/index.php\/wp-json\/wp\/v2\/categories?post=33388"},{"taxonomy":"post_tag","embeddable":true,"href":"http:\/\/cordobadirecto.com\/index.php\/wp-json\/wp\/v2\/tags?post=33388"}],"curies":[{"name":"wp","href":"https:\/\/api.w.org\/{rel}","templated":true}]}}