{"id":33484,"date":"2021-12-15T10:28:37","date_gmt":"2021-12-15T10:28:37","guid":{"rendered":"http:\/\/cordobadirecto.com\/index.php\/2021\/12\/15\/ntvg-ahora-el-futuro-se-escribe-a-lapiz-porque-no-sabes-que-va-a-pasar\/"},"modified":"2021-12-15T10:28:37","modified_gmt":"2021-12-15T10:28:37","slug":"ntvg-ahora-el-futuro-se-escribe-a-lapiz-porque-no-sabes-que-va-a-pasar","status":"publish","type":"post","link":"http:\/\/cordobadirecto.com\/index.php\/2021\/12\/15\/ntvg-ahora-el-futuro-se-escribe-a-lapiz-porque-no-sabes-que-va-a-pasar\/","title":{"rendered":"NTVG: &#8220;Ahora el futuro se escribe a l\u00e1piz porque no sab\u00e9s qu\u00e9 va a pasar&#8221;"},"content":{"rendered":"<figure class=\"mb-3\"><img loading=\"lazy\" src=\"http:\/\/cordobadirecto.com\/wp-content\/uploads\/2021\/12\/ntvg-ahora-el-futuro-se-escribe-a-lapiz-porque-no-sabes-que-va-a-pasar.jpg\" width=\"100%\" height=\"100%\" alt=\"La banda tuvo su primer contacto con la gente este lunes en un show en el estadio Centenario de Montevideo Foto Florencia Downes\"><figcaption> La banda tuvo su primer contacto con la gente este lunes en un show en el estadio Centenario de Montevideo. Foto: Florencia Downes <\/figcaption><\/figure>\n<p>La banda de rock uruguaya No Te Va Gustar abandona el aislamiento y vuelve a la Argentina con un megashow a estadio lleno que se desarrollar\u00e1 en el Estadio \u00danico de La Plata el pr\u00f3ximo s\u00e1bado 18, en lo que prometen &#8220;puede ser un golpe tremendo&#8221;, por las emociones que se jugar\u00e1n en el reencuentro con la gente.<\/p>\n<p>Luego de atravesar la pandemia, con la cancelaci\u00f3n de shows en medio de una gira y la imposibilidad de seguir tocando, el grupo surgido hace 27 a\u00f1os y que es uno de los nombres fuertes del rock del R\u00edo de la Plata, tuvo su primer contacto con la gente este lunes en un show en el estadio Centenario de Montevideo, ceremonia que repiten este martes, antes de cruzar el charco para llegar a la Ciudad de La Plata el s\u00e1bado.<\/p>\n<blockquote class><p>En estos meses de aislamiento y pandemia No Te Va Gustar grab\u00f3 el disco &#8220;Luz&#8221;<\/p><\/blockquote>\n<p>En estos meses de aislamiento y pandemia No Te Va Gustar grab\u00f3 el disco &#8220;Luz&#8221; -que ten\u00eda planeado registrar en Estados Unidos- en un hotel de campo de Jos\u00e9 Ignacio, en la costa del Uruguay, cerca de Punta del Este y a dos kil\u00f3metros del mar, durante el aislamiento y en medio de una burbuja creada para poder registrar el material.<\/p>\n<p>Seg\u00fan los m\u00fasicos, la posibilidad de grabar este registro fue &#8220;casi una salvaci\u00f3n&#8221; a la pesadumbre y angustia que sigui\u00f3 a la imposibilidad de poder seguir trabajando y tocando en vivo.<\/p>\n<figure class=\"mb-3\"><img loading=\"lazy\" src=\"http:\/\/cordobadirecto.com\/wp-content\/uploads\/2021\/12\/ntvg-ahora-el-futuro-se-escribe-a-lapiz-porque-no-sabes-que-va-a-pasar-1.jpg\" width=\"100%\" height=\"100%\" alt=\"Foto Florencia Downes\"><figcaption> Foto Florencia Downes <\/figcaption><\/figure>\n<p>&#8220;Armamos el mejor estudio posible en este lugar que estaba vac\u00edo, la pasamos incre\u00edble y qued\u00f3 un disco buen\u00edsimo que fue un poco la salvaci\u00f3n de la banda porque la angustia de no poder estar tocando fue muy dura para todos&#8221;, cuenta en charla con T\u00e9lam el cantante y l\u00edder del grupo Emiliano Brancciari.<\/p>\n<p>La presentaci\u00f3n en La Plata tendr\u00e1 la excusa de tocar en vivo este nuevo material de estudio pero tambi\u00e9n servir\u00e1 para volver a los cl\u00e1sicos de la banda que fueron creando una relaci\u00f3n indestructible con la gente, en un show que se presume &#8220;largo&#8221;, con sorpresas, invitados, y un fuerte subibaja emocional.<\/p>\n<h2 class>Entrevista<\/h2>\n<p><strong>T\u00e9lam<\/strong>: \u00bfC\u00f3mo fue el proceso de grabar este material en pandemia?<\/p>\n<p><strong>Emiliano Brancciari<\/strong>: Llegamos con las canciones bastante listas pero ah\u00ed seguimos trabajando, terminamos de hacer los arreglos de vientos y cosas que fueron surgiendo. Estuvimos 18 d\u00edas en este campo, hicimos alguna regrabaci\u00f3n en nuestro estudio de Montevideo y despu\u00e9s lo mezclamos con H\u00e9ctor Castillo a distancia. El se llev\u00f3 las pistas y las iba mandando, a lo que nosotros hac\u00edamos nuestras correcciones y volv\u00edan a llegar. As\u00ed fuimos y venimos un rato hasta que el material qued\u00f3 listo. El registro en el campo de Jos\u00e9 Ignacio fue en octubre de 2020, en enero 2021 empezamos a mezclar y en mayo lo tuvimos en la calle.<\/p>\n<p><strong>T<\/strong>: \u00bfY c\u00f3mo est\u00e1n escuchando este material registrado en pandemia?<\/p>\n<p><strong>E.B<\/strong>.: Es lo que nos representa hoy d\u00eda, son las canciones que m\u00e1s nos gusta tocar, y llevamos todo el repertorio a ese sonido que surgi\u00f3 en el estudio; en vez de tratar de meter estas canciones en un registro m\u00e1s transitado, buscamos que los temas nuevos vayan para ah\u00ed. Es un sonido bastante luminoso, org\u00e1nico, ahora no tenemos percusi\u00f3n y hay espacio para otras cosas.<\/p>\n<p><strong>Denis Ramos<\/strong>: El disco lo comparo con lo que se vivi\u00f3 esos 20 d\u00edas en Jos\u00e9 Ignacio, en esa alegr\u00eda de volver a estar juntos y esas ganas contenidas que ten\u00edamos desde hac\u00eda muchos meses de volver a tocar. Creo que esas sensaciones llevaron a que cuando la banda empez\u00f3 a grabar, al segundo o tercer d\u00eda de estar instalados, sali\u00f3 todo muy fluido; ven\u00edamos con las canciones muy ensayadas, se dejaron pocas cosas al azar, cuando llegamos al sonido que quer\u00edamos nosotros y el productor, todo fluy\u00f3, empezamos a tocar y las canciones salieron como un ca\u00f1o.<\/p>\n<figure class=\"mb-3\"><img loading=\"lazy\" src=\"http:\/\/cordobadirecto.com\/wp-content\/uploads\/2021\/12\/ntvg-ahora-el-futuro-se-escribe-a-lapiz-porque-no-sabes-que-va-a-pasar-2.jpg\" width=\"100%\" height=\"100%\" alt=\"Foto Florencia Downes\"><figcaption> Foto: Florencia Downes <\/figcaption><\/figure>\n<p><strong>T<\/strong>: Hay un documental, &#8220;Lejos de los focos&#8221;, que retrata esa experiencia.<\/p>\n<p><strong>E.B<\/strong>.: S\u00ed, es un registro que habla de c\u00f3mo llegamos hasta ah\u00ed, sobre qu\u00e9 ocurre cuando dejamos de tocar: la decepci\u00f3n, la desaz\u00f3n, la incertidumbre que viv\u00edamos, al principio cre\u00edmos que ten\u00edamos que parar 15 y reprogramar algunas fechas, muy ilusos, fue un momento en que nadie sab\u00eda nada y despu\u00e9s el documental muestra c\u00f3mo pudimos encauzar toda esa energ\u00eda en algo productivo que fue el disco, ah\u00ed, nos metemos en la convivencia durante la grabaci\u00f3n.<\/p>\n<p><strong>T<\/strong>: Hablan de esa grabaci\u00f3n como &#8220;una salvaci\u00f3n&#8221;.<\/p>\n<p><strong>DE.R<\/strong>.: Es que fue una salvaci\u00f3n para nuestra cabeza, fue poder poner ah\u00ed todo lo que estaba pasando, la pandemia fue algo enloquecedor, sobre todo para la gente que dej\u00f3 de trabajar. Obviamente que hubo mucha gente que la pas\u00f3 mucho peor que nosotros pero el hecho de dejar de trabajar y de no ver el futuro es muy duro para cualquiera. Para nosotros, poder volcar toda la energ\u00eda de lo que suced\u00eda fue algo que agradecemos y el disco se vio beneficiado porque nunca tuvimos tanto tiempo para dedicar a una grabaci\u00f3n.<\/p>\n<p><strong>T<\/strong>.: Y si bien ahora volvimos en esta parte del mundo a una situaci\u00f3n en que pueden volver los shows y los estadios todav\u00eda no hay tantas certezas.<\/p>\n<p><strong>E.B<\/strong>.: Para nada, nosotros siempre tuvimos el futuro diagramado a 6 o 12 meses, d\u00f3nde vamos a tocar, las giras, las grabaciones, ahora todo el futuro est\u00e1 escrito en l\u00e1piz porque no sabemos qu\u00e9 se va a hacer y qu\u00e9 no. Estos dos a\u00f1os fueron totalmente at\u00edpicos. Lo que m\u00e1s disfrutamos y aquello de lo que vivimos es tocar en vivo, es nuestra vocaci\u00f3n, lo que amamos pero tambi\u00e9n nuestra fuente de trabajo.<\/p>\n<p><strong>T<\/strong>.: \u00bfEso resignifica el show de La Plata?<\/p>\n<p><strong>D.R<\/strong>.: S\u00ed, absolutamente, vamos a tener que controlar un poco la emoci\u00f3n, tomar un tequila antes de subir al escenario porque puede ser un golpe muy fuerte, es algo que deseamos y extra\u00f1amos mucho; y en los estadios est\u00e1 la gente que tambi\u00e9n, seguramente, va a estar prendida fuego, que es algo que nos nutre y nos prende fuego a nosotros tambi\u00e9n. Habr\u00e1 que controlar las emociones y lograr el equilibrio, algo que antes de pandemia sab\u00edamos c\u00f3mo hacer, \u00bfpero ahora? <\/p>\n","protected":false},"excerpt":{"rendered":"<p>La banda tuvo su primer contacto con la gente este lunes en un show en el estadio Centenario de Montevideo. Foto: Florencia Downes La banda de rock uruguaya No Te Va Gustar abandona el aislamiento y vuelve a la Argentina con un megashow a estadio lleno que se desarrollar\u00e1 en el Estadio \u00danico de La [&hellip;]<\/p>\n","protected":false},"author":1,"featured_media":33485,"comment_status":"closed","ping_status":"closed","sticky":false,"template":"","format":"standard","meta":[],"categories":[20],"tags":[],"_links":{"self":[{"href":"http:\/\/cordobadirecto.com\/index.php\/wp-json\/wp\/v2\/posts\/33484"}],"collection":[{"href":"http:\/\/cordobadirecto.com\/index.php\/wp-json\/wp\/v2\/posts"}],"about":[{"href":"http:\/\/cordobadirecto.com\/index.php\/wp-json\/wp\/v2\/types\/post"}],"author":[{"embeddable":true,"href":"http:\/\/cordobadirecto.com\/index.php\/wp-json\/wp\/v2\/users\/1"}],"replies":[{"embeddable":true,"href":"http:\/\/cordobadirecto.com\/index.php\/wp-json\/wp\/v2\/comments?post=33484"}],"version-history":[{"count":0,"href":"http:\/\/cordobadirecto.com\/index.php\/wp-json\/wp\/v2\/posts\/33484\/revisions"}],"wp:featuredmedia":[{"embeddable":true,"href":"http:\/\/cordobadirecto.com\/index.php\/wp-json\/wp\/v2\/media\/33485"}],"wp:attachment":[{"href":"http:\/\/cordobadirecto.com\/index.php\/wp-json\/wp\/v2\/media?parent=33484"}],"wp:term":[{"taxonomy":"category","embeddable":true,"href":"http:\/\/cordobadirecto.com\/index.php\/wp-json\/wp\/v2\/categories?post=33484"},{"taxonomy":"post_tag","embeddable":true,"href":"http:\/\/cordobadirecto.com\/index.php\/wp-json\/wp\/v2\/tags?post=33484"}],"curies":[{"name":"wp","href":"https:\/\/api.w.org\/{rel}","templated":true}]}}