{"id":33488,"date":"2021-12-14T15:08:39","date_gmt":"2021-12-14T15:08:39","guid":{"rendered":"https:\/\/www.ole.com.ar\/autos\/lujos-da-verstappen_0_lyudozv_y.html"},"modified":"2021-12-14T15:08:39","modified_gmt":"2021-12-14T15:08:39","slug":"el-lado-solidario-de-verstappen-tras-el-titulo-de-f1","status":"publish","type":"post","link":"http:\/\/cordobadirecto.com\/index.php\/2021\/12\/14\/el-lado-solidario-de-verstappen-tras-el-titulo-de-f1\/","title":{"rendered":"El lado solidario de Verstappen tras el t\u00edtulo de F1"},"content":{"rendered":"<p><strong>&nbsp;<a alt=\"max-verstappen\" class=\"slug\" href=\"https:\/\/www.ole.com.ar\/tema\/max-verstappen.html\" target=\"_blank\" title=\"max-verstappen\" rel=\"noopener\">Max Verstappen<\/a><\/strong>, reciente campe\u00f3n de la F\u00f3rmula 1, tambi\u00e9n tiene su lado solidario y lo mostr\u00f3 al poner uno de sus veh\u00edculos particulares (un&nbsp;Honda Civic, que le otorg\u00f3 su escuder\u00eda <a alt=\"red-bull\" class=\"slug\" href=\"https:\/\/www.ole.com.ar\/tema\/red-bull.html\" target=\"_blank\" title=\"red-bull\" rel=\"noopener\">Red Bull<\/a>)&nbsp;en venta por unos 33.333 euros en una plataforma de coches,&nbsp;<strong>con<\/strong> <strong>el fin de recaudar dinero para donar a la ONG Wings for Life.<\/strong><\/p>\n<div class=\"sp__SM\">\n<div class=\"content-new \">\n<span class=\"tit-mobile\">Mir\u00e1 tambi\u00e9n<\/span><\/p>\n<div class=\"mg\">\n<div class=\"wrap-figure\">\n<picture>\n<a href=\"https:\/\/www.ole.com.ar\/autos\/oscar-piastri-formula-2_0_z-7eTuyh0.html\" target=\"_self\" rel=\"noopener\"><br \/>\n<img class=\"img-responsive\" alt=\"Oscar Piastri: cuando ser campe\u00f3n trae mala suerte\" src=\"http:\/\/cordobadirecto.com\/wp-content\/uploads\/2021\/12\/el-lado-solidario-de-verstappen-tras-el-titulo-de-f1.jpg\" loading=\"lazy\"><br \/>\n<\/a>\n<\/picture>\n<\/div>\n<\/div><\/div>\n<\/div>\n<div class=\"sp__Normal\">\n<div class=\"image-embeb image-trigger\" readability=\"6\">\n<picture><source media=\"(min-width: 720px)\" srcset=\"http:\/\/cordobadirecto.com\/wp-content\/uploads\/2021\/12\/el-lado-solidario-de-verstappen-tras-el-titulo-de-f1-1.jpg\"><img itemprop=\"image\" src=\"http:\/\/cordobadirecto.com\/wp-content\/uploads\/2021\/12\/el-lado-solidario-de-verstappen-tras-el-titulo-de-f1-1.jpg\" loading=\"lazy\" alt=\"Max Verstappen con su Honda Civic Type R.\">\n<\/picture><figcaption readability=\"2\">\n<p>Max Verstappen con su Honda Civic Type R.\n<\/p>\n<\/figcaption><\/div>\n<\/div>\n<p><strong>\u200b<\/strong>El dicho veh\u00edculo es el mismo que utiliz\u00f3 de manera personal para trasladarse a&nbsp;todos los circuitos de esta temporada. El Honda Civic Type R&nbsp;<strong>fue revisado y&nbsp;acondicionado para poder ser utilizado en cualquier ruta o calle<\/strong> y aquel que lo desee <strong>podr\u00e1 adquirirlo a a partir del 23 de diciembre.<\/strong><\/p>\n<div class=\"sp__SM\">\n<div class=\"content-new \">\n<span class=\"tit-mobile\">Mir\u00e1 tambi\u00e9n<\/span><\/p>\n<div class=\"mg\">\n<div class=\"wrap-figure\">\n<picture>\n<a href=\"https:\/\/www.ole.com.ar\/autos\/verstappen-familia-triangulo-amoroso_0_bKwzLmtFX.html\" target=\"_self\" rel=\"noopener\"><br \/>\n<img class=\"img-responsive\" alt=\"Verstappen: familia fierrera y tri\u00e1ngulo amoroso\" src=\"http:\/\/cordobadirecto.com\/wp-content\/uploads\/2021\/12\/el-lado-solidario-de-verstappen-tras-el-titulo-de-f1-2.jpg\" loading=\"lazy\"><br \/>\n<\/a>\n<\/picture>\n<\/div>\n<\/div><\/div>\n<\/div>\n<p>En tanto, el dinero obtenido&nbsp;ser\u00e1 destinado exclusivamente a la ONG que el propio piloto eligi\u00f3. La misma se encarga de <strong>investigar y encontrar la cura para las lesiones de m\u00e9dula espinal y paraplejia. <\/strong><\/p>\n<p>\u201cEstoy muy satisfecho de haber podido vender mi coche por una causa como la de Wings for Life. Para despedirme de mi coche, he dado un \u00faltimo paseo con \u00e9l, tal y como pod\u00e9is ver en la campa\u00f1a. <strong>Espero que el nuevo propietario disfrute tanto del coche como he hecho yo<\/strong>\u201d, declar\u00f3 Verstappen.<strong>\u200b<\/strong><\/p>\n<div class=\"sp__SM\">\n<div class=\"content-new \">\n<span class=\"tit-mobile\">Mir\u00e1 tambi\u00e9n<\/span><\/p>\n<div class=\"mg\">\n<div class=\"wrap-figure\">\n<picture>\n<a href=\"https:\/\/www.ole.com.ar\/autos\/verstappen-redbull-festejo-equipo_0_c6TUDpB27.html\" target=\"_self\" rel=\"noopener\"><br \/>\n<img class=\"img-responsive\" alt=\"Video: ansiedad, adrenalina y emoci\u00f3n en el equipo de Verstappen\" src=\"http:\/\/cordobadirecto.com\/wp-content\/uploads\/2021\/12\/el-lado-solidario-de-verstappen-tras-el-titulo-de-f1-3.jpg\" loading=\"lazy\"><br \/>\n<\/a>\n<\/picture>\n<\/div>\n<\/div><\/div>\n<\/div>\n<div class=\"sp__Normal\">\n<div class=\"image-embeb image-trigger\" readability=\"6\">\n<picture><source media=\"(min-width: 720px)\" srcset=\"http:\/\/cordobadirecto.com\/wp-content\/uploads\/2021\/12\/el-lado-solidario-de-verstappen-tras-el-titulo-de-f1-4.jpg\"><img itemprop=\"image\" src=\"http:\/\/cordobadirecto.com\/wp-content\/uploads\/2021\/12\/el-lado-solidario-de-verstappen-tras-el-titulo-de-f1-4.jpg\" loading=\"lazy\" alt=\"Max Verstappen con su Honda Civic Type R.\">\n<\/picture><figcaption readability=\"2\">\n<p>Max Verstappen con su Honda Civic Type R.\n<\/p>\n<\/figcaption><\/div>\n<\/div>\n<h2><mark><strong>LAS OTRAS LUJOSAS PERTENENCIAS DE VERSTAPPEN<\/strong><\/mark><\/h2>\n<p>Asimismo, el reciente campe\u00f3n cuenta con una gran colecci\u00f3n de coches:&nbsp;hay varios Aston Martin y&nbsp;tambi\u00e9n otros coches de la marca Honda, que es el fabricante de los motores de Red Bull, entre otros. Adem\u00e1s, Max&nbsp;<strong>tiene pensado comprarse un Valkyrie que est\u00e1 valorado en unos 2 millones de euros.<\/strong><\/p>\n<div class=\"sp__SM\">\n<div class=\"content-new \">\n<span class=\"tit-mobile\">Mir\u00e1 tambi\u00e9n<\/span><\/p>\n<div class=\"mg\">\n<div class=\"wrap-figure\"> <picture>\n<a href=\"https:\/\/www.ole.com.ar\/autos\/verstappen-llevara-1-2022_0_WZXOKdF5K.html\" target=\"_self\" rel=\"noopener\"><br \/>\n<img class=\"img-responsive\" alt=\"Vuelve el 1 a la M\u00e1xima\" src=\"http:\/\/cordobadirecto.com\/wp-content\/uploads\/2021\/12\/el-lado-solidario-de-verstappen-tras-el-titulo-de-f1-5.jpg\" loading=\"lazy\"><br \/>\n<\/a>\n<\/picture>\n<\/div>\n<\/div><\/div>\n<\/div>\n<p>Por otro lado,&nbsp;tambi\u00e9n tiene&nbsp;<strong>varias embarcaciones, motos de agua&nbsp;y hasta un jet privado<\/strong> que le cost\u00f3 unos 14 millones de euros.&nbsp;<\/p>\n<div class=\"sp__Normal\">\n<div class=\"image-embeb image-trigger\" readability=\"6\">\n<picture><source media=\"(min-width: 720px)\" srcset=\"http:\/\/cordobadirecto.com\/wp-content\/uploads\/2021\/12\/el-lado-solidario-de-verstappen-tras-el-titulo-de-f1-6.jpg\"><img itemprop=\"image\" src=\"http:\/\/cordobadirecto.com\/wp-content\/uploads\/2021\/12\/el-lado-solidario-de-verstappen-tras-el-titulo-de-f1-6.jpg\" loading=\"lazy\" alt=\"Max Verstappen en su moto de agua. @maxverstappen1\">\n<\/picture><figcaption readability=\"2\">\n<p>Max Verstappen en su moto de agua. @maxverstappen1\n<\/p>\n<\/figcaption><\/div>\n<\/div>\n<div class=\"entry-tags\">\n<h2>TEMAS QUE APARECEN EN ESTA NOTA<\/h2>\n<\/p><\/div>\n","protected":false},"excerpt":{"rendered":"<p>&nbsp;Max Verstappen, reciente campe\u00f3n de la F\u00f3rmula 1, tambi\u00e9n tiene su lado solidario y lo mostr\u00f3 al poner uno de sus veh\u00edculos particulares (un&nbsp;Honda Civic, que le otorg\u00f3 su escuder\u00eda Red Bull)&nbsp;en venta por unos 33.333 euros en una plataforma de coches,&nbsp;con el fin de recaudar dinero para donar a la ONG Wings for Life. [&hellip;]<\/p>\n","protected":false},"author":1,"featured_media":33489,"comment_status":"closed","ping_status":"closed","sticky":false,"template":"","format":"standard","meta":[],"categories":[21],"tags":[],"_links":{"self":[{"href":"http:\/\/cordobadirecto.com\/index.php\/wp-json\/wp\/v2\/posts\/33488"}],"collection":[{"href":"http:\/\/cordobadirecto.com\/index.php\/wp-json\/wp\/v2\/posts"}],"about":[{"href":"http:\/\/cordobadirecto.com\/index.php\/wp-json\/wp\/v2\/types\/post"}],"author":[{"embeddable":true,"href":"http:\/\/cordobadirecto.com\/index.php\/wp-json\/wp\/v2\/users\/1"}],"replies":[{"embeddable":true,"href":"http:\/\/cordobadirecto.com\/index.php\/wp-json\/wp\/v2\/comments?post=33488"}],"version-history":[{"count":0,"href":"http:\/\/cordobadirecto.com\/index.php\/wp-json\/wp\/v2\/posts\/33488\/revisions"}],"wp:featuredmedia":[{"embeddable":true,"href":"http:\/\/cordobadirecto.com\/index.php\/wp-json\/wp\/v2\/media\/33489"}],"wp:attachment":[{"href":"http:\/\/cordobadirecto.com\/index.php\/wp-json\/wp\/v2\/media?parent=33488"}],"wp:term":[{"taxonomy":"category","embeddable":true,"href":"http:\/\/cordobadirecto.com\/index.php\/wp-json\/wp\/v2\/categories?post=33488"},{"taxonomy":"post_tag","embeddable":true,"href":"http:\/\/cordobadirecto.com\/index.php\/wp-json\/wp\/v2\/tags?post=33488"}],"curies":[{"name":"wp","href":"https:\/\/api.w.org\/{rel}","templated":true}]}}