{"id":33490,"date":"2021-12-14T14:41:14","date_gmt":"2021-12-14T14:41:14","guid":{"rendered":"https:\/\/www.ole.com.ar\/autos\/verstappen-llevara-1-2022_0_WZXOKdF5K.html"},"modified":"2021-12-14T14:41:14","modified_gmt":"2021-12-14T14:41:14","slug":"vuelve-el-1-a-la-maxima","status":"publish","type":"post","link":"http:\/\/cordobadirecto.com\/index.php\/2021\/12\/14\/vuelve-el-1-a-la-maxima\/","title":{"rendered":"Vuelve el 1 a la M\u00e1xima"},"content":{"rendered":"<p>Desde la temporada 2014, los pilotos de la F\u00f3rmula 1 pueden seleccionar un n\u00famero y llevarlo fijo durante toda su carrera deportiva. Anteriormente, la numeraci\u00f3n se defin\u00eda en relaci\u00f3n a la posici\u00f3n del Mundial de Constructores y eso provocaba que los campeones puedan lucir el 1 en los autos. Pero, la idea de que cada piloto tenga su n\u00famero que lo identifique tom\u00f3 fuerza y hace 8 a\u00f1os es una realidad.<\/p>\n<div class=\"sp__SM\">\n<div class=\"content-new \">\n<span class=\"tit-mobile\">Mir\u00e1 tambi\u00e9n<\/span><\/p>\n<div class=\"mg\">\n<div class=\"wrap-figure\">\n<picture>\n<a href=\"https:\/\/www.ole.com.ar\/autos\/sobrepaso-campeonato_0_96Crr2BNC.html\" target=\"_self\" rel=\"noopener\"><br \/>\n<img class=\"img-responsive\" alt=\"\u00bfC\u00f3mo se vio el sobrepaso del campeonato desde la tribuna?\" src=\"http:\/\/cordobadirecto.com\/wp-content\/uploads\/2021\/12\/vuelve-el-1-a-la-maxima.jpg\" loading=\"lazy\"><br \/>\n<\/a>\n<\/picture>\n<\/div>\n<\/div><\/div>\n<\/div>\n<p>El campe\u00f3n siempre tiene el derecho a elegir si llevar el n\u00famero que lo identifica o cambiarlo por el 1. <mark>Max Verstappen, quien se consagr\u00f3 el pasado fin de semana en una apasionante definici\u00f3n de F\u00f3rmula 1, ya adelant\u00f3 que mostrar\u00e1 el 1 en su Red Bull en la pr\u00f3xima temporada. &#8220;No s\u00e9 cu\u00e1ntas veces voy a poder hacer eso, quiz\u00e1 sea la \u00fanica vez en mi vida. Es el mejor n\u00famero, as\u00ed que definitivamente lo voy a poner en mi auto&#8221;.<\/mark><\/p>\n<p>Desde que lleg\u00f3 a la F1, Verstappen us\u00f3 el 33, un n\u00famero que siempre lo acompa\u00f1\u00f3 desde las categor\u00edas formativas. <mark>El 3 es su n\u00famero preferido, pero al estar ocupado por Ricciardo, cuando peg\u00f3 el salto a la F1 decidi\u00f3 continuar con su cl\u00e1sico N\u00b033 hasta la temporada que viene donde podr\u00e1 mostrar el 1.<\/mark><\/p>\n<div class=\"sp__SM\">\n<div class=\"content-new \">\n<span class=\"tit-mobile\">Mir\u00e1 tambi\u00e9n<\/span><\/p>\n<div class=\"mg\">\n<div class=\"wrap-figure\">\n<picture>\n<a href=\"https:\/\/www.ole.com.ar\/autos\/hamilton-abu-dhabi-manipulado_0_j8FDVlySI.html\" target=\"_self\" rel=\"noopener\"><br \/>\n<img class=\"img-responsive\" alt=\"Hamilton acus\u00f3 que el GP de Abu Dhabi estuvo &quot;manipulado&quot;\" src=\"http:\/\/cordobadirecto.com\/wp-content\/uploads\/2021\/12\/vuelve-el-1-a-la-maxima-1.jpg\" loading=\"lazy\"><br \/>\n<\/a>\n<\/picture>\n<\/div>\n<\/div><\/div>\n<\/div>\n<p><mark>El \u00faltimo piloto en llevar el N\u00b01 en la M\u00e1xima hab\u00eda sido Sebastian Vettel en su Red Bull en la temporada 2014. <\/mark>Anteriormente lo llevaron Jenson Button en 2010 y Lewis Hamilton en 2009.<\/p>\n<div class=\"entry-tags\">\n<h2>TEMAS QUE APARECEN EN ESTA NOTA<\/h2>\n<\/p><\/div>\n","protected":false},"excerpt":{"rendered":"<p>Desde la temporada 2014, los pilotos de la F\u00f3rmula 1 pueden seleccionar un n\u00famero y llevarlo fijo durante toda su carrera deportiva. Anteriormente, la numeraci\u00f3n se defin\u00eda en relaci\u00f3n a la posici\u00f3n del Mundial de Constructores y eso provocaba que los campeones puedan lucir el 1 en los autos. Pero, la idea de que cada [&hellip;]<\/p>\n","protected":false},"author":1,"featured_media":33491,"comment_status":"closed","ping_status":"closed","sticky":false,"template":"","format":"standard","meta":[],"categories":[21],"tags":[],"_links":{"self":[{"href":"http:\/\/cordobadirecto.com\/index.php\/wp-json\/wp\/v2\/posts\/33490"}],"collection":[{"href":"http:\/\/cordobadirecto.com\/index.php\/wp-json\/wp\/v2\/posts"}],"about":[{"href":"http:\/\/cordobadirecto.com\/index.php\/wp-json\/wp\/v2\/types\/post"}],"author":[{"embeddable":true,"href":"http:\/\/cordobadirecto.com\/index.php\/wp-json\/wp\/v2\/users\/1"}],"replies":[{"embeddable":true,"href":"http:\/\/cordobadirecto.com\/index.php\/wp-json\/wp\/v2\/comments?post=33490"}],"version-history":[{"count":0,"href":"http:\/\/cordobadirecto.com\/index.php\/wp-json\/wp\/v2\/posts\/33490\/revisions"}],"wp:featuredmedia":[{"embeddable":true,"href":"http:\/\/cordobadirecto.com\/index.php\/wp-json\/wp\/v2\/media\/33491"}],"wp:attachment":[{"href":"http:\/\/cordobadirecto.com\/index.php\/wp-json\/wp\/v2\/media?parent=33490"}],"wp:term":[{"taxonomy":"category","embeddable":true,"href":"http:\/\/cordobadirecto.com\/index.php\/wp-json\/wp\/v2\/categories?post=33490"},{"taxonomy":"post_tag","embeddable":true,"href":"http:\/\/cordobadirecto.com\/index.php\/wp-json\/wp\/v2\/tags?post=33490"}],"curies":[{"name":"wp","href":"https:\/\/api.w.org\/{rel}","templated":true}]}}