{"id":33492,"date":"2021-12-15T10:28:56","date_gmt":"2021-12-15T10:28:56","guid":{"rendered":"https:\/\/www.ole.com.ar\/futbol-ascenso\/bombas-presidente-ferro-pandolfi_0_DiZE19r8R.html"},"modified":"2021-12-15T10:28:56","modified_gmt":"2021-12-15T10:28:56","slug":"las-bombas-del-presidente-de-ferro-tras-el-escandalo-con-quilmes","status":"publish","type":"post","link":"http:\/\/cordobadirecto.com\/index.php\/2021\/12\/15\/las-bombas-del-presidente-de-ferro-tras-el-escandalo-con-quilmes\/","title":{"rendered":"Las bombas del presidente de Ferro tras el esc\u00e1ndalo con Quilmes"},"content":{"rendered":"<p>En Caballito todav\u00eda est\u00e1n que vuelan de la bronca tras el inexistente penal que <strong><a alt=\"nicolas-lamolina\" class=\"slug\" href=\"https:\/\/www.ole.com.ar\/tema\/nicolas-lamolina.html\" target=\"_blank\" title=\"nicolas-lamolina\" rel=\"noopener\">Nicol\u00e1s Lamolina <\/a><\/strong>le cobr\u00f3 a <strong><a alt=\"quilmes\" class=\"slug\" href=\"https:\/\/www.ole.com.ar\/tema\/quilmes.html\" target=\"_blank\" title=\"quilmes\" rel=\"noopener\">Quilmes <\/a><\/strong>y con el que el Cervecero elimin\u00f3 a <strong><a alt=\"ferro\" class=\"slug\" href=\"https:\/\/www.ole.com.ar\/tema\/ferro.html\" target=\"_blank\" title=\"ferro\" rel=\"noopener\">Ferro<\/a><\/strong> <a href=\"https:\/\/www.ole.com.ar\/futbol-ascenso\/quilmes-ferro_0_oFhtAuToE.html\" target=\"_blank\" rel=\"noopener\">en una de las semis por el tan ansiado ascenso a Primera Divisi\u00f3n<\/a>. Es por eso que tras el esc\u00e1ndalo en el Sur, el que sali\u00f3 a hablar fue <strong><a alt=\"daniel-pandolfi\" class=\"slug\" href=\"https:\/\/www.ole.com.ar\/tema\/daniel-pandolfi.html\" target=\"_blank\" title=\"daniel-pandolfi\" rel=\"noopener\">Daniel Pandolfi<\/a><\/strong>, presidente del Verdolaga,<strong> que dispar\u00f3 con todo y critic\u00f3 con dureza al arbitraje y a quienes manejan el f\u00fatbol argentino.<\/strong><\/p>\n<div class=\"sp__Normal\">\n<div class=\"image-embeb image-trigger\" readability=\"6\">\n<picture><source media=\"(min-width: 720px)\" srcset=\"http:\/\/cordobadirecto.com\/wp-content\/uploads\/2021\/12\/las-bombas-del-presidente-de-ferro-tras-el-escandalo-con-quilmes.jpg\"><img itemprop=\"image\" src=\"http:\/\/cordobadirecto.com\/wp-content\/uploads\/2021\/12\/las-bombas-del-presidente-de-ferro-tras-el-escandalo-con-quilmes.jpg\" loading=\"lazy\" alt=\"El supuesto foul de Anselo a Mi\u00f1o: fue al rev\u00e9s.\">\n<\/picture><figcaption readability=\"2\">\n<p>El supuesto foul de Anselo a Mi\u00f1o: fue al rev\u00e9s.\n<\/p>\n<\/figcaption><\/div>\n<\/div>\n<p>\u201cEsto es un proceso que no viene de ahora, <strong>viene de todo el campeonato, un campeoanto absolutamente anormal, con el tema del arbitraje, de la televisaci\u00f3n&#8230; <\/strong>Muy anormal y culmina con una perlita, con esto que pas\u00f3 anoche. Imagin\u00e1bamos un final de campeonato con m\u00e1s l\u00f3gica y pedimos \u00e1rbitros de Primera. Y aunque nos mandaron \u00e1rbitros de Primera, <strong>lo de anoche fue terrible, no pensando en la honorabilidad de Lamolina sino en su falta de capacidad para conducir un partido de esta naturaleza<\/strong>&#8220;, arranc\u00f3 el pope.<\/p>\n<p>&#8220;Durante el torneo cambiaban los horarios&#8230; <strong>Vos sab\u00edas como era todo, viveza criolla, pero se termina pagando<\/strong>. La gente ya sabe c\u00f3mo es es el tema, de d\u00f3nde viene y eso se termina pagando&#8221;, sigui\u00f3 en un extensa charla, en la que no se guard\u00f3 nada, con<strong> Jogo Bonito.<\/strong><\/p>\n<div class=\"sp__SM\">\n<div class=\"content-new \">\n<span class=\"tit-mobile\">Mir\u00e1 tambi\u00e9n<\/span><\/p>\n<div class=\"mg\">\n<div class=\"wrap-figure\">\n<picture>\n<a href=\"https:\/\/www.ole.com.ar\/futbol-ascenso\/b-nacional\/mino-anselmo-declaraciones-penal_0_heRTy5DRO.html\" target=\"_self\" rel=\"noopener\"><br \/>\n<img class=\"img-responsive\" alt=\"Quilmes vs. Ferro: el cruce entre los involucrados del pol\u00e9mico penal\" src=\"http:\/\/cordobadirecto.com\/wp-content\/uploads\/2021\/12\/las-bombas-del-presidente-de-ferro-tras-el-escandalo-con-quilmes-1.jpg\" loading=\"lazy\"><br \/>\n<\/a>\n<\/picture>\n<\/div>\n<\/div><\/div>\n<\/div>\n<p>Adem\u00e1s, sobre el pol\u00e9mico foul sancionado de Mi\u00f1o sobre Anselmo, explic\u00f3: &#8220;Nosotros vamos a hacer todo lo posible para defender los intereses del club y vamos a pedir justicia en este caso. Despu\u00e9s si nos quieren perjudicar el a\u00f1o que viene, sabremos defendernos. Ya nos cansamos de esta situaci\u00f3n, lo de anoche fue lamentable no s\u00f3lo por esa jugada. Hay un patad\u00f3n a Fattori en la cara&#8230; <strong>Le qued\u00f3 grande el partido a Lamolina, quer\u00eda terminarlo r\u00e1pido, no quer\u00eda tirarse a todo el p\u00fablico en contra. Podr\u00eda haberle consultado al l\u00ednea por el penal, no s\u00e9 para qu\u00e9 tienen los intercomunicadores&#8230;<\/strong>&#8220;<\/p>\n<div class=\"sp__Normal\">\n<div class=\"image-embeb image-trigger\" readability=\"6\">\n<picture><source media=\"(min-width: 720px)\" srcset=\"http:\/\/cordobadirecto.com\/wp-content\/uploads\/2021\/12\/las-bombas-del-presidente-de-ferro-tras-el-escandalo-con-quilmes-2.jpg\"><img itemprop=\"image\" src=\"http:\/\/cordobadirecto.com\/wp-content\/uploads\/2021\/12\/las-bombas-del-presidente-de-ferro-tras-el-escandalo-con-quilmes-2.jpg\" loading=\"lazy\" alt=\"Grana llora por la eliminaci\u00f3n (T\u00e9lam).\">\n<\/picture><figcaption readability=\"2\">\n<p>Grana llora por la eliminaci\u00f3n (T\u00e9lam).\n<\/p>\n<\/figcaption><\/div>\n<\/div>\n<p>Tambi\u00e9n pidi\u00f3 castigos m\u00e1s duros para los \u00e1rbitros que cometan errores groseros en los partidos. &#8220;Yo pens\u00e9 que al poner un \u00e1rbitro de Primera se terminaba todo el chiste, pero me equivoqu\u00e9 y lo estamos pagando. No corresponde que un presidente llame a Beligoy o al presidente de la AFA para poner tal \u00e1rbitro. E<strong>s responsabilidad de ellos, que tienen que bajar l\u00ednea y castigar a los \u00e1rbitros que no cumplen. Deben poner a los mejores capacitados<\/strong>&#8220;, dijo.<\/p>\n<p>Y agreg\u00f3: &#8221; En este caso especial con Lamolina, pedimos justicia. Se equivoc\u00f3&#8230; <strong>Que sepa que hay justicia, bajar un mensaje a todo el f\u00fatbol: &#8216;muchachos, se termin\u00f3. El que se equivoca va a sufrir las consecuencias<\/strong>&#8216;. No dudo de Lamolina pero s\u00ed de otros \u00e1rbitros. El se equivoc\u00f3, con honradez, pero se equivoc\u00f3&#8221;.<\/p>\n<div class=\"sp__Normal\">\n<div class=\"image-embeb image-trigger\" readability=\"6\">\n<picture><source media=\"(min-width: 720px)\" srcset=\"http:\/\/cordobadirecto.com\/wp-content\/uploads\/2021\/12\/las-bombas-del-presidente-de-ferro-tras-el-escandalo-con-quilmes-3.jpg\"><img itemprop=\"image\" src=\"http:\/\/cordobadirecto.com\/wp-content\/uploads\/2021\/12\/las-bombas-del-presidente-de-ferro-tras-el-escandalo-con-quilmes-3.jpg\" loading=\"lazy\" alt=\"Lamolina qued\u00f3 en el centro de la pol\u00e9mica.\">\n<\/picture><figcaption readability=\"2\">\n<p>Lamolina qued\u00f3 en el centro de la pol\u00e9mica.\n<\/p>\n<\/figcaption><\/div>\n<\/div>\n<p>Ahora bien, \u00bfFerro pedir\u00e1 que el partido se juegue de nuevo? &#8220;Estamos estudiando qu\u00e9 tipo de reclamos podemos hacer, a veces los reclamos no son judiciales sino dentro de la \u00f3rbita de la AFA. <strong>Estamos esperando alguna respuesta por parte de la AFA, lo que hizo hoy Lamolina es un avance porque es raro que un \u00e1rbitro diga que se equivoc\u00f3.<\/strong> La soberbia de ellos no se los permite&#8230;&#8221;, coment\u00f3 Pandolfi.<\/p>\n<div class=\"sp__SM\">\n<div class=\"content-new \">\n<span class=\"tit-mobile\">Mir\u00e1 tambi\u00e9n<\/span><\/p>\n<div class=\"mg\">\n<div class=\"wrap-figure\">\n<picture>\n<a href=\"https:\/\/www.ole.com.ar\/futbol-ascenso\/beligoy-lamolina-error-penal_0_1hdmvHi17.html\" target=\"_self\" rel=\"noopener\"><br \/>\n<img class=\"img-responsive\" alt=\"\u00bfQu\u00e9 dijo Beligoy tras el error de Lamolina?\" src=\"http:\/\/cordobadirecto.com\/wp-content\/uploads\/2021\/12\/las-bombas-del-presidente-de-ferro-tras-el-escandalo-con-quilmes-4.jpg\" loading=\"lazy\"><br \/>\n<\/a>\n<\/picture>\n<\/div><\/div><\/div>\n<\/div>\n<p>Y hasta puso como ejemplo un antecedente&#8230; &#8220;Hay algunos antecedentes en la FIFA, con Senegal por el Mundial de Rusia pas\u00f3 algo similar. Un penal que no era&#8230; <strong>Se present\u00f3 un reclamo y el \u00e1rbitro no dirigi\u00f3 nunca m\u00e1s y jug\u00f3 el partido de nuevo.<\/strong> <strong>Est\u00e1 dentro de la \u00f3rbita de AFA y de la FIFA, no digo que lo hagamos ahora, pero es una posibilidad que est\u00e1 dentro del f\u00fatbol<\/strong>&#8220;.<\/p>\n<h2><strong>EL FUTURO DE FERRO<\/strong><\/h2>\n<p>&#8220;<strong>La idea es seguir con este cuerpo t\u00e9cnico y con la mayor\u00eda de los jugadores, ellos lograron una meta que en el club hac\u00eda mucho que no se lograba<\/strong>. Esa esa la idea, la gente quiere mucho a este plantel, a estos futbolistas. Grana es un jugador grande, curtido y lo sinti\u00f3 mucho: es el s\u00edmbolo del grupo y no lo vamos a perder&#8221;.<\/p>\n<h2><strong>LA SEMI CONTRA QUILMES<\/strong><\/h2>\n<p><strong><\/strong>&#8220;No jugamos bien, tuvimos nuestras chanches pero ellos tambi\u00e9n. Fue muy cerrado. <strong>Creo que se podr\u00eda haber llegado a los penales. <\/strong>Claro que podr\u00edamos haber perdido en los penales o con alg\u00fan gol antes de los 90 pero no as\u00ed<strong>. Todo esto nos da m\u00e1s fuerza, la gente nos da mucha fuerza.<\/strong> Volvimos a la una y pico porque hab\u00eda m\u00e1s de mil personas esperando al plantel&#8221;.<\/p>\n<div class=\"sp__SM\">\n<div class=\"content-new \">\n<span class=\"tit-mobile\">Mir\u00e1 tambi\u00e9n<\/span><\/p>\n<div class=\"mg\">\n<div class=\"wrap-figure\">\n<picture>\n<a href=\"https:\/\/www.ole.com.ar\/futbol-ascenso\/primera-b\/lamolina-orsi-ferro-quilmes_0_a4y1eJXhd.html\" target=\"_self\" rel=\"noopener\"><br \/>\n<img class=\"img-responsive\" alt=\"El di\u00e1logo entre Lamolina y el DT de Ferro\" src=\"http:\/\/cordobadirecto.com\/wp-content\/uploads\/2021\/12\/las-bombas-del-presidente-de-ferro-tras-el-escandalo-con-quilmes-5.jpg\" loading=\"lazy\"><br \/>\n<\/a>\n<\/picture>\n<\/div>\n<\/div><\/div>\n<\/div>\n<h2><strong>LOS VIDEOS DE QUILMES-FERRO<\/strong><\/h2>\n<div class=\"entry-tags\">\n<h2>TEMAS QUE APARECEN EN ESTA NOTA<\/h2>\n<\/p><\/div>\n","protected":false},"excerpt":{"rendered":"<p>En Caballito todav\u00eda est\u00e1n que vuelan de la bronca tras el inexistente penal que Nicol\u00e1s Lamolina le cobr\u00f3 a Quilmes y con el que el Cervecero elimin\u00f3 a Ferro en una de las semis por el tan ansiado ascenso a Primera Divisi\u00f3n. Es por eso que tras el esc\u00e1ndalo en el Sur, el que sali\u00f3 [&hellip;]<\/p>\n","protected":false},"author":1,"featured_media":33493,"comment_status":"closed","ping_status":"closed","sticky":false,"template":"","format":"standard","meta":[],"categories":[21],"tags":[],"_links":{"self":[{"href":"http:\/\/cordobadirecto.com\/index.php\/wp-json\/wp\/v2\/posts\/33492"}],"collection":[{"href":"http:\/\/cordobadirecto.com\/index.php\/wp-json\/wp\/v2\/posts"}],"about":[{"href":"http:\/\/cordobadirecto.com\/index.php\/wp-json\/wp\/v2\/types\/post"}],"author":[{"embeddable":true,"href":"http:\/\/cordobadirecto.com\/index.php\/wp-json\/wp\/v2\/users\/1"}],"replies":[{"embeddable":true,"href":"http:\/\/cordobadirecto.com\/index.php\/wp-json\/wp\/v2\/comments?post=33492"}],"version-history":[{"count":0,"href":"http:\/\/cordobadirecto.com\/index.php\/wp-json\/wp\/v2\/posts\/33492\/revisions"}],"wp:featuredmedia":[{"embeddable":true,"href":"http:\/\/cordobadirecto.com\/index.php\/wp-json\/wp\/v2\/media\/33493"}],"wp:attachment":[{"href":"http:\/\/cordobadirecto.com\/index.php\/wp-json\/wp\/v2\/media?parent=33492"}],"wp:term":[{"taxonomy":"category","embeddable":true,"href":"http:\/\/cordobadirecto.com\/index.php\/wp-json\/wp\/v2\/categories?post=33492"},{"taxonomy":"post_tag","embeddable":true,"href":"http:\/\/cordobadirecto.com\/index.php\/wp-json\/wp\/v2\/tags?post=33492"}],"curies":[{"name":"wp","href":"https:\/\/api.w.org\/{rel}","templated":true}]}}