{"id":33543,"date":"2021-12-14T22:40:24","date_gmt":"2021-12-14T22:40:24","guid":{"rendered":"https:\/\/cordoba.gob.ar\/?p=18342"},"modified":"2021-12-14T22:40:24","modified_gmt":"2021-12-14T22:40:24","slug":"comienza-la-ultima-muestra-del-ciclo-rima-en-blanco","status":"publish","type":"post","link":"http:\/\/cordobadirecto.com\/index.php\/2021\/12\/14\/comienza-la-ultima-muestra-del-ciclo-rima-en-blanco\/","title":{"rendered":"Comienza la \u00faltima muestra del Ciclo \u201cRima en Blanco\u201d"},"content":{"rendered":"<div><img src=\"http:\/\/cordobadirecto.com\/wp-content\/uploads\/2021\/12\/comienza-la-ultima-muestra-del-ciclo-rima-en-blanco.jpg\" class=\"ff-og-image-inserted\"><\/div>\n<ul>\n<li><strong>\u201cLo com\u00fan\u201d es una propuesta colectiva de artistas locales beneficiarios del Plan de Compromiso Cultural.<\/strong><\/li>\n<li><strong>Es la tercera muestra del ciclo que abrir\u00e1 en Casona Municipal, el jueves 16 de diciembre con entrada gratuita.<\/strong><\/li>\n<\/ul>\n<hr>\n<p>Este jueves 16 de diciembre, desde las 19.30 hs, en el Centro Cultural Casona Municipal (Av. Gral. Paz 395) se podr\u00e1 disfrutar de \u201cLo com\u00fan\u201d, un relato visual colectivo y horizontal. Las visitas son con entrada gratuita de lunes a viernes, de 10 a 18 hs.<\/p>\n<p>La muestra expone las obras de Aracelli Bozzoli, Clara De Ferrariis, Federico Gonzalo, Juan Manuel Piccat, Mar\u00eda Castillo, Mateo Marchesini, Miranda Sarkis y Valentina Mart\u00ednez Gallino.<\/p>\n<p>Se trata de la tercera entrega de \u201cRima en blanco\u201d, un ciclo de muestras e instalaciones de artistas visuales de C\u00f3rdoba que fueron beneficiados por el Plan de Compromiso Cultural (PCC) entre 2020 y 2021.<\/p>\n<p>Las primeras dos muestras ya inauguradas fueron \u201cAtonal\u201d de Ana Soteras, Azul Cooper, Iv\u00e1n Gonz\u00e1lez, Mar\u00eda Storni y Pablo Javier Mart\u00ednez, en el Cabildo de C\u00f3rdoba; y luego \u201cMicrocosmos\u201d de Emilia Di Pascuale y Nehu\u00e9n Moyano Cort\u00e9z, en el Jard\u00edn Bot\u00e1nico. La curadur\u00eda estuvo a cargo de Ianina Ipohorski y Sof\u00eda Tejerina.<\/p>\n<p><strong>Muestra \u201cLo com\u00fan\u201d<\/strong><\/p>\n<p>Es una propuesta para abrir los espacios de la cultura y habilitar la construcci\u00f3n de relatos colectivos para artistas y p\u00fablicos. La instancia implica no s\u00f3lo un trabajo est\u00e9tico sino tambi\u00e9n pol\u00edtico. En ese contexto surge la idea de llevar a la acci\u00f3n, a trav\u00e9s de un plano de igualdad, im\u00e1genes y objetos. A la luz de la diversidad de las obras expuestas. Las curadoras del ciclo, subrayan que el arte construye espacios y relaciones para reconfigurar material y simb\u00f3licamente el territorio de lo com\u00fan.<\/p>\n<p>Araceli Bozzoli presenta Papeles encontrados, un proyecto de largo aliento mediante el cual la artista busca apropiarse de la materialidad de papeles recolectados en el \u00e1mbito p\u00fablico y privado para generar, a trav\u00e9s de la acumulaci\u00f3n, una obra de sitio.<\/p>\n<p>Por su parte, Clara De Ferrariis comparte una serie de autorretratos a partir de una b\u00fasqueda introspectiva iniciada en el per\u00edodo de aislamiento. En el proceso art\u00edstico, la aguja entrama im\u00e1genes abiertas e inconclusas generando un dibujo vol\u00e1til y sensible.<\/p>\n<p>Federico Gonzalo expone Lo que aflige y lo que cura, un breve ensayo fotogr\u00e1fico donde busca narrar de forma simb\u00f3lica, circunstancias o hechos que abruman y en contraposici\u00f3n rituales que constituyen un b\u00e1lsamo ante tales circunstancias.<\/p>\n<p>En la serie Paisajes encontrados Juan Manuel Piccat recrea escenas urbanas, rurales, dando lugar a un universo imaginario de amplio espectro crom\u00e1tico. Para ello trabaja en diferentes formatos utilizando diversidad de t\u00e9cnicas.<\/p>\n<p>Mar\u00eda Castillo se vale de agujas e hilos para realizar una intervenci\u00f3n textil original. La artista utiliza una amplia paleta para crear tramas en las que se superponen im\u00e1genes y palabras. La serie Confinada \u2013 Aislada \u2013 Sola, juega con los l\u00edmites de lo p\u00fablico y lo privado a trav\u00e9s del g\u00e9nero de la autobiograf\u00eda.<\/p>\n<p>En el proceso art\u00edstico de Mateo Marchesini, el dibujo adquiere un car\u00e1cter perform\u00e1tico a partir del di\u00e1logo entre m\u00faltiples materialidades y entornos. El devenir de la obra genera una suerte de palimpsesto o registro cartogr\u00e1fico, huellas resultantes del movimiento. Para eso se vale de la naturaleza del carb\u00f3n, pregnante pero tambi\u00e9n ef\u00edmero y vol\u00e1til. As\u00ed, se evidencia el car\u00e1cter entr\u00f3pico de la materia que insiste, pero a la vez se resiste a permanecer.<\/p>\n<p>Miranda Sarkis indaga en el v\u00ednculo entre la dimensi\u00f3n metaf\u00edsica y el cotidiano material que rodea a los sujetos. Bajo una propuesta instalativa, realiza una selecci\u00f3n de objetos a trav\u00e9s de la que busca provocar tensiones entre materialidades, formas y corporalidades. Para ello, se vale del dibujo, la fotograf\u00eda y los formatos expandidos desde una perspectiva experimental.<\/p>\n<p>Valentina Mart\u00ednez Gallino trabaja en la serie \u00bfLa saludaste a Tita? en la que insiste en registrar a su planta. A partir de ese proceso la artista genera un v\u00ednculo mediante la artificaci\u00f3n de la vida vegetal. Aquello que comenz\u00f3 casi como un juego con el devenir del tiempo, se convirti\u00f3 en un proyecto de mayor densidad que propici\u00f3 preguntas acerca del tiempo y del origen.<\/p>\n<p><strong>Sobre el PCC<\/strong><\/p>\n<p>El Plan de Compromiso Cultural, impulsado por el municipio desde el a\u00f1o 2020, resume un conjunto de acciones extraordinarias para contener y acompa\u00f1ar al sector cultural fuertemente afectado por la crisis socio-sanitaria provocada por la pandemia Covid-19. La iniciativa se concret\u00f3 con 11 programas de apoyo a distintos sectores culturales y un aporte global de m\u00e1s de 17 millones de pesos.<\/p>\n","protected":false},"excerpt":{"rendered":"<p>\u201cLo com\u00fan\u201d es una propuesta colectiva de artistas locales beneficiarios del Plan de Compromiso Cultural. Es la tercera muestra del ciclo que abrir\u00e1 en Casona Municipal, el jueves 16 de diciembre con entrada gratuita. Este jueves 16 de diciembre, desde las 19.30 hs, en el Centro Cultural Casona Municipal (Av. Gral. Paz 395) se podr\u00e1 [&hellip;]<\/p>\n","protected":false},"author":1,"featured_media":33544,"comment_status":"closed","ping_status":"closed","sticky":false,"template":"","format":"standard","meta":[],"categories":[44],"tags":[],"_links":{"self":[{"href":"http:\/\/cordobadirecto.com\/index.php\/wp-json\/wp\/v2\/posts\/33543"}],"collection":[{"href":"http:\/\/cordobadirecto.com\/index.php\/wp-json\/wp\/v2\/posts"}],"about":[{"href":"http:\/\/cordobadirecto.com\/index.php\/wp-json\/wp\/v2\/types\/post"}],"author":[{"embeddable":true,"href":"http:\/\/cordobadirecto.com\/index.php\/wp-json\/wp\/v2\/users\/1"}],"replies":[{"embeddable":true,"href":"http:\/\/cordobadirecto.com\/index.php\/wp-json\/wp\/v2\/comments?post=33543"}],"version-history":[{"count":0,"href":"http:\/\/cordobadirecto.com\/index.php\/wp-json\/wp\/v2\/posts\/33543\/revisions"}],"wp:featuredmedia":[{"embeddable":true,"href":"http:\/\/cordobadirecto.com\/index.php\/wp-json\/wp\/v2\/media\/33544"}],"wp:attachment":[{"href":"http:\/\/cordobadirecto.com\/index.php\/wp-json\/wp\/v2\/media?parent=33543"}],"wp:term":[{"taxonomy":"category","embeddable":true,"href":"http:\/\/cordobadirecto.com\/index.php\/wp-json\/wp\/v2\/categories?post=33543"},{"taxonomy":"post_tag","embeddable":true,"href":"http:\/\/cordobadirecto.com\/index.php\/wp-json\/wp\/v2\/tags?post=33543"}],"curies":[{"name":"wp","href":"https:\/\/api.w.org\/{rel}","templated":true}]}}