{"id":33550,"date":"2021-12-15T16:27:00","date_gmt":"2021-12-15T16:27:00","guid":{"rendered":"http:\/\/cordobadirecto.com\/index.php\/2021\/12\/15\/lider-de-la-ue-afirmo-que-la-variante-omicron-sera-la-dominante-a-mediados-de-enero\/"},"modified":"2021-12-15T16:27:00","modified_gmt":"2021-12-15T16:27:00","slug":"lider-de-la-ue-afirmo-que-la-variante-omicron-sera-la-dominante-a-mediados-de-enero","status":"publish","type":"post","link":"http:\/\/cordobadirecto.com\/index.php\/2021\/12\/15\/lider-de-la-ue-afirmo-que-la-variante-omicron-sera-la-dominante-a-mediados-de-enero\/","title":{"rendered":"L\u00edder de la UE afirm\u00f3 que la variante \u00d3micron ser\u00e1 la dominante a mediados de enero"},"content":{"rendered":"<figure class=\"mb-3\"><img loading=\"lazy\" src=\"http:\/\/cordobadirecto.com\/wp-content\/uploads\/2021\/12\/lider-de-la-ue-afirmo-que-la-variante-omicron-sera-la-dominante-a-mediados-de-enero.jpg\" width=\"100%\" height=\"100%\" alt=\"La variante micron se propaga a un ritmo que no se haba visto con ninguna otra cepa\"><figcaption> La variante \u00d3micron se propaga a un ritmo que no se hab\u00eda visto con ninguna otra cepa. <\/figcaption><\/figure>\n<p>La presidenta de la Comisi\u00f3n Europea, Ursula von der Leyen, dijo este mi\u00e9rcoles que se <strong>espera que la variante \u00d3micron del coronavirus sea la dominante en Europa a mediados de enero<\/strong>, pero insisti\u00f3 en que los 27 pa\u00edses de la Uni\u00f3n Europea (UE) tienen suficientes vacunas para combatir el virus.<\/p>\n<p>Dada la actual r\u00e1pida progresi\u00f3n de casos, &#8220;debemos esperar que \u00d3micron sea ya la nueva variante dominante en Europa a mediados de enero&#8221;, dijo Von der Leyen al Parlamento Europeo, en medio de temores de que el coronavirus vuelva a arruinar las fiestas en Europa por segundo a\u00f1o consecutivo.<\/p>\n<blockquote class><p>El Centro Europeo para el Control y la Prevenci\u00f3n de Enfermedades consider\u00f3 que es &#8220;muy probable&#8221; que la nueva variante cause m\u00e1s hospitalizaciones y muertes que la actual cepa dominante, la Delta.<\/p><\/blockquote>\n<p>Por su parte, el Centro Europeo para el Control y la Prevenci\u00f3n de Enfermedades (ECDC) consider\u00f3 que es &#8220;muy probable&#8221; que la nueva variante cause m\u00e1s hospitalizaciones y muertes que la actual cepa dominante, la Delta.<\/p>\n<p>&#8220;Incluso si la gravedad de la enfermedad causada por \u00d3micron es igual o menor que la gravedad de Delta, el aumento de la transmisibilidad y el consiguiente crecimiento exponencial de los casos superar\u00e1n r\u00e1pidamente cualquier beneficio de una gravedad potencialmente reducida.<\/p>\n<p>Por lo tanto, <strong>se considera muy probable que \u00d3micron provoque m\u00e1s hospitalizaciones y muertes, adem\u00e1s de las que ya se esperan de las previsiones anteriores con Delta&#8221;,<\/strong> explica el ECDC en un informe publicadoeste mi\u00e9rcoles.<\/p>\n<p>Igualmente, el organismo europeo apunta que pese a que Delta &#8220;sigue siendo actualmente la variante m\u00e1s prevalente&#8221;, las predicciones de los modelos, y dependiendo de la ventaja de crecimiento y el nivel de escape inmunol\u00f3gico, avanzan que &#8220;es probable que \u00d3micron se convierta en la variante dominante en los dos primeros meses de 2022&#8221;.<\/p>\n<p>El ECDC tambi\u00e9n se\u00f1ala que <strong>ya existe transmisi\u00f3n comunitaria de \u00d3micron en Europa,<\/strong> y espera &#8220;un nuevo y r\u00e1pido aumento de los casos de \u00d3micron en los pr\u00f3ximos dos meses&#8221;.<\/p>\n<p>La directora del ECDC, Andrea Ammon, coment\u00f3, no obstante, que la eficacia de los f\u00e1rmacos contra la enfermedad grave por Delta &#8220;sigue siendo alta, por lo que<strong> la vacunaci\u00f3n sigue siendo un componente clave para reducir el impacto de \u00d3micron y hacer frente a la circulaci\u00f3n de Delta&#8221;.<\/strong><\/p>\n<figure class=\"mb-3\"><img loading=\"lazy\" src=\"http:\/\/cordobadirecto.com\/wp-content\/uploads\/2021\/12\/lider-de-la-ue-afirmo-que-la-variante-omicron-sera-la-dominante-a-mediados-de-enero-1.jpg\" width=\"100%\" height=\"100%\" alt=\"Van der Leyen Lo ms importante es aumentar lo ms rpido posible el nmero de personas vacunadas en Europa\"><figcaption> Van der Leyen: &#8220;Lo m\u00e1s importante es aumentar lo m\u00e1s r\u00e1pido posible el n\u00famero de personas vacunadas en Europa&#8221; <\/figcaption><\/figure>\n<p>Por ello, pidi\u00f3 a los pa\u00edses europeos que &#8220;redoblen sus esfuerzos para aumentar la vacunaci\u00f3n completa en las personas a\u00fan no vacunadas o parcialmente vacunadas, as\u00ed como para administrar dosis de refuerzo a todos los elegibles lo antes posible&#8221;.<\/p>\n<p>Ammon considera que &#8220;la vacunaci\u00f3n por s\u00ed sola no permitir\u00e1 prevenir el impacto de la variante \u00d3micron, porque no habr\u00e1 tiempo para abordar las lagunas de vacunaci\u00f3n que a\u00fan existen&#8221; por lo que es &#8220;urgente&#8221; tomar medidas &#8220;contundentes&#8221; para &#8220;reducir la transmisi\u00f3n y aliviar la pesada carga que soportan los sistemas sanitarios&#8221;.<\/p>\n<p>Por su parte, Von der Leyen asegur\u00f3 que tras casi dos a\u00f1os de pandemia, &#8220;Europa est\u00e1 ahora en una mejor posici\u00f3n para combatir el virus&#8221;.<\/p>\n<p>&#8220;En primer lugar, <strong>tenemos ahora bastante dosis de vacunas para cada europeo&#8221;<\/strong>, subray\u00f3, recordando que el 66,6% de la poblaci\u00f3n de la UE recibi\u00f3 dos dosis de vacuna contra el covid-19 y que por el momento, la tercera dosis &#8220;es la mejor protecci\u00f3n contra la nueva variante&#8221;.<\/p>\n<p>&#8220;Lo m\u00e1s importante ahora es aumentar lo m\u00e1s r\u00e1pido posible el n\u00famero de personas vacunadas en Europa&#8221;, porque &#8220;el precio que pagaremos si la gente no est\u00e1 vacunada continuar\u00e1 aumentando&#8221;, con, por ejemplo, fiestas navide\u00f1as afectadas otra vez por la pandemia, y escuelas y actividades que cierran, insisti\u00f3.<\/p>\n<blockquote class><p>El alarmante aumento de las nuevas infecciones ha provocado la adopci\u00f3n de nuevas restricciones en toda Europa.<\/p><\/blockquote>\n<p>El alarmante aumento de las nuevas infecciones ha provocado la adopci\u00f3n de nuevas restricciones en toda Europa.<\/p>\n<p>La decisi\u00f3n de Italia de esta semana de exigir test negativos a visitantes vacunados ha generado temores de que tales medidas limiten la libertad de movimiento justo cuando muchos europeos viajan para ver a sus seres queridos.<\/p>\n<p>Portugal adopt\u00f3 una restricci\u00f3n similar el 1\u00b0 de diciembre, al requerir un test negativo de Covid-19 a los pasajeros de todos los vuelos que lleguen al pa\u00eds, incluso para quienes tengan certificados de vacunaci\u00f3n e independientemente de su origen o nacionalidad.<\/p>\n<p>Von der Leyen dijo que la UE enfrenta ahora un doble desaf\u00edo: un masivo incremento de casos en semanas recientes debido a la variante Delta combinado con el crecimiento de \u00d3micron, en momentos en que varios pa\u00edses del bloque registran cifras r\u00e9cord de infecciones.<\/p>\n<p>\u201cEstamos viendo un n\u00famero creciente de personas que enferman, una mayor carga en los hospitales y, desafortunadamente, un incremento en los n\u00fameros de muertes&#8221;, dijo. <\/p>\n","protected":false},"excerpt":{"rendered":"<p>La variante \u00d3micron se propaga a un ritmo que no se hab\u00eda visto con ninguna otra cepa. La presidenta de la Comisi\u00f3n Europea, Ursula von der Leyen, dijo este mi\u00e9rcoles que se espera que la variante \u00d3micron del coronavirus sea la dominante en Europa a mediados de enero, pero insisti\u00f3 en que los 27 pa\u00edses [&hellip;]<\/p>\n","protected":false},"author":1,"featured_media":33551,"comment_status":"closed","ping_status":"closed","sticky":false,"template":"","format":"standard","meta":[],"categories":[24],"tags":[],"_links":{"self":[{"href":"http:\/\/cordobadirecto.com\/index.php\/wp-json\/wp\/v2\/posts\/33550"}],"collection":[{"href":"http:\/\/cordobadirecto.com\/index.php\/wp-json\/wp\/v2\/posts"}],"about":[{"href":"http:\/\/cordobadirecto.com\/index.php\/wp-json\/wp\/v2\/types\/post"}],"author":[{"embeddable":true,"href":"http:\/\/cordobadirecto.com\/index.php\/wp-json\/wp\/v2\/users\/1"}],"replies":[{"embeddable":true,"href":"http:\/\/cordobadirecto.com\/index.php\/wp-json\/wp\/v2\/comments?post=33550"}],"version-history":[{"count":0,"href":"http:\/\/cordobadirecto.com\/index.php\/wp-json\/wp\/v2\/posts\/33550\/revisions"}],"wp:featuredmedia":[{"embeddable":true,"href":"http:\/\/cordobadirecto.com\/index.php\/wp-json\/wp\/v2\/media\/33551"}],"wp:attachment":[{"href":"http:\/\/cordobadirecto.com\/index.php\/wp-json\/wp\/v2\/media?parent=33550"}],"wp:term":[{"taxonomy":"category","embeddable":true,"href":"http:\/\/cordobadirecto.com\/index.php\/wp-json\/wp\/v2\/categories?post=33550"},{"taxonomy":"post_tag","embeddable":true,"href":"http:\/\/cordobadirecto.com\/index.php\/wp-json\/wp\/v2\/tags?post=33550"}],"curies":[{"name":"wp","href":"https:\/\/api.w.org\/{rel}","templated":true}]}}